{"id":6103,"date":"2016-05-21T11:21:43","date_gmt":"2016-05-21T09:21:43","guid":{"rendered":"http:\/\/parafia.niepokalanow.pl\/?p=6103"},"modified":"2016-05-24T07:05:09","modified_gmt":"2016-05-24T05:05:09","slug":"niedziela-trojcy-przenajswietszej","status":"publish","type":"post","link":"https:\/\/parafia.niepokalanow.pl\/?p=6103","title":{"rendered":"Niedziela Tr\u00f3jcy Przenaj\u015bwi\u0119tszej"},"content":{"rendered":"<ul>\n<li>W tym tygodniu w liturgii Ko\u015bcio\u0142a b\u0119dziemy obchodzi\u0107: 23 maja w poniedzia\u0142ek : \u015awi\u0119to rocznicy po\u015bwi\u0119cenia bazyliki \u015bw. O. Franciszka z Asy\u017cu; 24 maja we wtorek: Wspomnienie NMP Wspomo\u017cycielki wiernych; 26 maja w czwartek: Uroczysto\u015b\u0107 Naj\u015bwi\u0119tszego Cia\u0142a i Krwi Chrystusa.<\/li>\n<li>Tydzie\u0144 temu zbierali\u015bmy ofiary do puszek na potrzeby organizacyjne \u015aDM. Zebrali\u015bmy 1732 z\u0142. Dzi\u0119kujemy wszystkim za wsparcie.<\/li>\n<li>Nabo\u017ce\u0144stwa majowe w naszej bazylice odprawiamy w niedziele o godz. 17.00, w dni powszednie po Mszy \u015bwi\u0119tej wieczornej ok. godz. 18.30.<\/li>\n<li>Dzi\u015b po Mszy o godz. 11. 30 w domu parafialnym odb\u0119dzie si\u0119 spotkanie z\u00a0rodzicami dzieci, kt\u00f3re w przysz\u0142ym roku przyst\u0105pi\u0105 do I Komunii i spowiedzi \u015bw.<\/li>\n<\/ul>\n<p><!--more--><\/p>\n<ul>\n<li>We wtorek, 24 maja o godz. 18.00, nasi Bracia, kt\u00f3rzy w\u00a0sobot\u0119 przyj\u0119li \u015bwi\u0119cenia kap\u0142a\u0144skie, b\u0119d\u0105 sprawowa\u0107 Msz\u0119 prymicyjn\u0105 w naszej bazylice. Po Mszy \u015bwi\u0119tej ojco\u00adwie neoprezbiterzy udziel\u0105 b\u0142ogos\u0142awie\u0144stwa prymi\u00adcyjnego.<\/li>\n<li>W czwartek uroczysto\u015b\u0107 Naj\u015bwi\u0119tszego Cia\u0142a i Krwi Chrystusa (Bo\u017cego Cia\u0142a), kt\u00f3r\u0105 b\u0119dziemy prze\u017cywa\u0107 pod has\u0142em: \u201eEucharystia znakiem Bo\u017cego Mi\u0142osierdzia\u201d. Porz\u0105dek Mszy \u015bwi\u0119tych jak w niedziele, z\u00a0wyj\u0105tkiem Mszy \u015bwi\u0119tej o godz. 11.30, kt\u00f3rej nie b\u0119dzie. Po Mszy \u015bwi\u0119tej o\u00a0godz. 10.00 wyruszy procesja eucharystyczna. Trasa procesji b\u0119dzie nast\u0119puj\u0105ca: ul.\u00a0Kolbego w Paprotni, Srebrna, Kra\u0144cowa, Per\u0142owa, Cicha, Cmentarna i powr\u00f3t na plac przed bazylik\u0119. O\u0142tarze b\u0119d\u0105 przygotowywa\u0142y nast\u0119puj\u0105ce wsp\u00f3lnoty: I: \u017bywy R\u00f3\u017caniec i\u00a0Ministranci starsi, II: Odnowa w\u00a0Duchu \u015awi\u0119tym, III: Neokatechumenat, IV: Klasztor. Zach\u0119camy do licznego udzia\u0142u i\u00a0pobo\u017cnego prze\u017cycia procesji oraz dekoracji dom\u00f3w na trasie procesji. Zapraszamy biel, asyst\u0119 liturgiczn\u0105, ch\u00f3r, dzieci z klas trzecich w strojach komunijnych oraz m\u0142odzie\u017c do niesienia sztandar\u00f3w i feretron\u00f3w. Pr\u00f3ba sypania kwiat\u00f3w dla dziewczynek oraz bieli b\u0119dzie we wtorek o godz. 17.00. Przez kolejne osiem dni po Bo\u017cym Ciele po nabo\u017ce\u0144stwie odprawia\u0107 b\u0119dziemy procesj\u0119 wok\u00f3\u0142 bazyliki. W\u00a0sobot\u0119 nabo\u017ce\u0144stwo i\u00a0procesja b\u0119dzie w Sanktuarium \u015aw. Maksymiliana.<\/li>\n<li>R\u00f3wnie\u017c w czwartek przypada Dzie\u0144 Matki. Wszystkim mamom \u017cyczymy opieki Bo\u017cej i\u00a0szczeg\u00f3lnej opieki najpi\u0119kniejszej z matek, naszej Niepokalanej Mamy.<\/li>\n<li>27 maja w pi\u0105tek w ramach nabo\u017ce\u0144stwa rozpoczniemy nowenn\u0119 do Opatrzno\u015bci Bo\u017cej przed \u015awi\u0119tem Dzi\u0119kczynienia. W tym dniu nie b\u0119dzie spotkania ma\u0142ych rycerzy Niepokalanej.<\/li>\n<li>W sobot\u0119 28 maja odb\u0119dzie si\u0119 spotkanie Ko\u0142a Przyjaci\u00f3\u0142 Radia Maryja. Rozpocznie si\u0119 o\u00a0godz. 9.00 w\u00a0Sanktuarium \u015bw. Maksymiliana Msz\u0105 \u015bwi\u0119t\u0105 w intencji Radia Maryja, Telewizji Trwam i Ojczyzny.<\/li>\n<li>W sobot\u0119 28 maja odb\u0119dzie si\u0119 Og\u00f3lnopolski Dzie\u0144 Modlitwy i Zjazd Senior\u00f3w Rycerstwa Niepokalanej. Modlitewne spotkanie rozpocznie si\u0119 o 10.00 w Sanktuarium \u015bw.\u00a0Maksymiliana. Wszyscy Rycerze Niepokalanej b\u0119d\u0105 uczestniczy\u0107 we Mszy \u015bwi\u0119tej o\u00a0godz. 11.00 w bazylice. Szczeg\u00f3\u0142owy plan Zjazdu znajduje si\u0119 w gablocie przed bazylik\u0105. Zapraszamy wszystkich rycerzy z naszej parafii, i nie tylko, do uczestnictwa w tym modlitewnym spotkaniu.<\/li>\n<li>W sobot\u0119 28 maja o godz. 18.00 zapraszamy do kaplicy \u015bw.\u00a0Maksymiliana na Eucharysti\u0119, kt\u00f3ra b\u0119dzie sprawowana o\u00a0beatyfikacj\u0119 S\u0142ugi Bo\u017cego Kardyna\u0142a Stefana Wyszy\u0144skiego.<\/li>\n<li>Za tydzie\u0144 podczas Mszy \u015bw. o godz. 19.00 i na nabo\u017ce\u0144stwie po\u00a0Mszy \u015bwi\u0119tej modli\u0107\u00a0si\u0119 b\u0119dziemy o\u00a0\u0142ask\u0119 uzdro\u00adwienia duszy i cia\u0142a. Zapraszamy na\u00a0wsp\u00f3ln\u0105 modlitw\u0119.<\/li>\n<li>So\u0142ectwo Granice Osiedle serdecznie zaprasza na imprez\u0119 z okazji Dnia Dziecka. Spotkanie pod has\u0142em \u201eWioska Sportu\u201d odb\u0119dzie si\u0119 w nast\u0119pn\u0105 niedziel\u0119, 29 maja, na\u00a0boisku sportowym przy ul. Po\u0142udniowej. Pocz\u0105tek o godzinie 14.00. Zapraszamy ca\u0142e rodziny!<\/li>\n<li>Organizujemy r\u00f3wnie\u017c wyjazd na Pielgrzymk\u0119 Narodow\u0105 do Rzymu w dniach 21-25 pa\u017adziernika br. Zapisy do ko\u0144ca maja w kancelarii parafialnej. Koszt: 2290 z\u0142 i 80 EUR. Wi\u0119cej informacji znajduje si\u0119 w gablocie przed bazylik\u0105.<\/li>\n<li>5 czerwca przypada IX \u015awi\u0119to Dzi\u0119kczynienia. Tego dnia zostan\u0105 uroczy\u015bcie wniesione relikwie \u015bw. Maksymiliana do \u015bwi\u0105tyni Bo\u017cej Opatrzno\u015bci. Z tej racji pragniemy zorganizowa\u0107 wyjazd z naszej wsp\u00f3lnoty parafialnej na te uroczysto\u015bci. Zapisy w\u00a0kancelarii parafialnej. Za\u015b 4 i 5 czerwca jest organizowany wyjazd na Spotkanie M\u0142odych Lednica 2000. Koszt wyjazdu \u2013 80 z\u0142 (przejazd, ubezpieczenie, op\u0142ata lednicka). Zapisy u\u00a0s.\u00a0Urszuli lub w kancelarii parafialnej. Wi\u0119cej informacji podczas spotkania organizacyjnego przed wyjazdem.<\/li>\n<li>W minionym tygodniu odszed\u0142 do wieczno\u015bci: \u015bp. Sylwester Gajda l. 82 z Teresina. Wieczny odpoczynek racz mu da\u0107 Panie\u2026<\/li>\n<\/ul>\n","protected":false},"excerpt":{"rendered":"<p>W tym tygodniu w liturgii Ko\u015bcio\u0142a b\u0119dziemy obchodzi\u0107: 23 maja w poniedzia\u0142ek : \u015awi\u0119to rocznicy po\u015bwi\u0119cenia bazyliki \u015bw. O. Franciszka z Asy\u017cu; 24 maja we wtorek: Wspomnienie NMP Wspomo\u017cycielki wiernych; [&hellip;]<\/p>\n","protected":false},"author":1,"featured_media":6105,"comment_status":"closed","ping_status":"open","sticky":false,"template":"","format":"standard","meta":{"footnotes":""},"categories":[1],"tags":[],"class_list":["post-6103","post","type-post","status-publish","format-standard","has-post-thumbnail","hentry","category-bez-kategorii"],"_links":{"self":[{"href":"https:\/\/parafia.niepokalanow.pl\/index.php?rest_route=\/wp\/v2\/posts\/6103","targetHints":{"allow":["GET"]}}],"collection":[{"href":"https:\/\/parafia.niepokalanow.pl\/index.php?rest_route=\/wp\/v2\/posts"}],"about":[{"href":"https:\/\/parafia.niepokalanow.pl\/index.php?rest_route=\/wp\/v2\/types\/post"}],"author":[{"embeddable":true,"href":"https:\/\/parafia.niepokalanow.pl\/index.php?rest_route=\/wp\/v2\/users\/1"}],"replies":[{"embeddable":true,"href":"https:\/\/parafia.niepokalanow.pl\/index.php?rest_route=%2Fwp%2Fv2%2Fcomments&post=6103"}],"version-history":[{"count":0,"href":"https:\/\/parafia.niepokalanow.pl\/index.php?rest_route=\/wp\/v2\/posts\/6103\/revisions"}],"wp:featuredmedia":[{"embeddable":true,"href":"https:\/\/parafia.niepokalanow.pl\/index.php?rest_route=\/wp\/v2\/media\/6105"}],"wp:attachment":[{"href":"https:\/\/parafia.niepokalanow.pl\/index.php?rest_route=%2Fwp%2Fv2%2Fmedia&parent=6103"}],"wp:term":[{"taxonomy":"category","embeddable":true,"href":"https:\/\/parafia.niepokalanow.pl\/index.php?rest_route=%2Fwp%2Fv2%2Fcategories&post=6103"},{"taxonomy":"post_tag","embeddable":true,"href":"https:\/\/parafia.niepokalanow.pl\/index.php?rest_route=%2Fwp%2Fv2%2Ftags&post=6103"}],"curies":[{"name":"wp","href":"https:\/\/api.w.org\/{rel}","templated":true}]}}