{"id":6096,"date":"2016-05-14T16:22:57","date_gmt":"2016-05-14T14:22:57","guid":{"rendered":"http:\/\/parafia.niepokalanow.pl\/?p=6096"},"modified":"2016-05-14T16:22:57","modified_gmt":"2016-05-14T14:22:57","slug":"niedziela-zeslania-ducha-swietego","status":"publish","type":"post","link":"https:\/\/parafia.niepokalanow.pl\/?p=6096","title":{"rendered":"Niedziela Zes\u0142ania Ducha \u015awi\u0119tego"},"content":{"rendered":"<ol>\n<li>W tym tygodniu w liturgii Ko\u015bcio\u0142a b\u0119dziemy obchodzi\u0107:\u00a016 maja w poniedzia\u0142ek: Uroczysto\u015b\u0107 \u015bw. Andrzeja Boboli, prezbitera i m\u0119czennika, patrona naszej metropolii i Patrona Polski;\u00a017 maja we wtorek: Wspomnienie \u015bw. Paschalisa Baylona, zakonnika;\u00a018 maja w \u015brod\u0119: Wspomnienie \u015bw. Feliksa z Cantalice, zakonnika;\u00a019 maja w czwartek: \u015awi\u0119to Jezusa Chrystusa, Najwy\u017cszego i Wiecznego Kap\u0142ana;\u00a020 maja w pi\u0105tek: Wspomnienie \u015bw. Bernardyna ze Sieny, prezbitera.\u00a021 maja w sobot\u0119: Wspomnienie \u015bw. Jana Nepomucena, prezbitera i\u00a0m\u0119czennika<\/li>\n<\/ol>\n<ol start=\"2\">\n<li>Tydzie\u0144 temu zbierali\u015bmy ofiary do puszek na pomoc ofiarom trz\u0119sienia ziemi w\u00a0Ekwadorze. Zebrali\u015bmy 2588 z\u0142. Dzi\u0119kujemy wszystkim za wsparcie.<\/li>\n<\/ol>\n<ol start=\"3\">\n<li>Dzi\u015b zbi\u00f3rka do puszek na potrzeby organizacyjne \u015aDM.<\/li>\n<\/ol>\n<ol start=\"4\">\n<li>Dzi\u015b ko\u0144czy si\u0119 czas Komunii \u015awi\u0119tej wielkanocnej.<\/li>\n<\/ol>\n<p><!--more--><\/p>\n<ol start=\"5\">\n<li>Nabo\u017ce\u0144stwa majowe w naszej bazylice odprawiamy w niedziele o godz. 17.00, w dni powszednie po Mszy \u015bwi\u0119tej wieczornej ok. godz. 18.30.<\/li>\n<\/ol>\n<ol start=\"6\">\n<li>Za tydzie\u0144 22 maja po Mszy o godz. 11. 30 w domu parafialnym odb\u0119dzie si\u0119 spotkanie z\u00a0rodzicami dzieci, kt\u00f3re w przysz\u0142ym roku przyst\u0105pi\u0105 do I Komunii i spowiedzi \u015bw.<\/li>\n<\/ol>\n<ol start=\"7\">\n<li>Organizujemy wyjazd na Czuwanie Odnowy w Duchu \u015awi\u0119tym do Cz\u0119stochowy 21 maja. Koszt to 50 z\u0142. Zapisy w kancelarii parafialnej.<\/li>\n<\/ol>\n<ol start=\"8\">\n<li>W sobot\u0119 zapraszamy wiernych na Apel Maryjny, kt\u00f3ry odprawiamy o godz. 21.00.<\/li>\n<\/ol>\n<ol start=\"9\">\n<li>5 czerwca przypada IX \u015awi\u0119to Dzi\u0119kczynienia. Tego dnia zostan\u0105 uroczy\u015bcie wniesione relikwie \u015bw. Maksymiliana do \u015bwi\u0105tyni Bo\u017cej Opatrzno\u015bci. Z tej racji pragniemy zorganizowa\u0107 wyjazd z naszej wsp\u00f3lnoty parafialnej na te uroczysto\u015bci. Zapisy w\u00a0kancelarii parafialnej. Za\u015b 4 i 5 czerwca jest organizowany wyjazd na Spotkanie M\u0142odych Lednica 2000. Koszt wyjazdu \u2013 80 z\u0142 (przejazd, ubezpieczenie, op\u0142ata lednicka). Zapisy u\u00a0s.\u00a0Urszuli lub w kancelarii parafialnej. Wi\u0119cej informacji podczas spotkania organizacyjnego przed wyjazdem.<\/li>\n<\/ol>\n<ol start=\"10\">\n<li>W minionym tygodniu odszed\u0142 do wieczno\u015bci: \u015bp. Jerzy Fibakiewicz l. 72 z Teresina. <em>Wieczny odpoczynek racz mu da\u0107 Panie\u2026<\/em><\/li>\n<\/ol>\n","protected":false},"excerpt":{"rendered":"<p>W tym tygodniu w liturgii Ko\u015bcio\u0142a b\u0119dziemy obchodzi\u0107:\u00a016 maja w poniedzia\u0142ek: Uroczysto\u015b\u0107 \u015bw. Andrzeja Boboli, prezbitera i m\u0119czennika, patrona naszej metropolii i Patrona Polski;\u00a017 maja we wtorek: Wspomnienie \u015bw. Paschalisa [&hellip;]<\/p>\n","protected":false},"author":1,"featured_media":3793,"comment_status":"closed","ping_status":"open","sticky":false,"template":"","format":"standard","meta":{"footnotes":""},"categories":[1],"tags":[],"class_list":["post-6096","post","type-post","status-publish","format-standard","has-post-thumbnail","hentry","category-bez-kategorii"],"_links":{"self":[{"href":"https:\/\/parafia.niepokalanow.pl\/index.php?rest_route=\/wp\/v2\/posts\/6096","targetHints":{"allow":["GET"]}}],"collection":[{"href":"https:\/\/parafia.niepokalanow.pl\/index.php?rest_route=\/wp\/v2\/posts"}],"about":[{"href":"https:\/\/parafia.niepokalanow.pl\/index.php?rest_route=\/wp\/v2\/types\/post"}],"author":[{"embeddable":true,"href":"https:\/\/parafia.niepokalanow.pl\/index.php?rest_route=\/wp\/v2\/users\/1"}],"replies":[{"embeddable":true,"href":"https:\/\/parafia.niepokalanow.pl\/index.php?rest_route=%2Fwp%2Fv2%2Fcomments&post=6096"}],"version-history":[{"count":0,"href":"https:\/\/parafia.niepokalanow.pl\/index.php?rest_route=\/wp\/v2\/posts\/6096\/revisions"}],"wp:featuredmedia":[{"embeddable":true,"href":"https:\/\/parafia.niepokalanow.pl\/index.php?rest_route=\/wp\/v2\/media\/3793"}],"wp:attachment":[{"href":"https:\/\/parafia.niepokalanow.pl\/index.php?rest_route=%2Fwp%2Fv2%2Fmedia&parent=6096"}],"wp:term":[{"taxonomy":"category","embeddable":true,"href":"https:\/\/parafia.niepokalanow.pl\/index.php?rest_route=%2Fwp%2Fv2%2Fcategories&post=6096"},{"taxonomy":"post_tag","embeddable":true,"href":"https:\/\/parafia.niepokalanow.pl\/index.php?rest_route=%2Fwp%2Fv2%2Ftags&post=6096"}],"curies":[{"name":"wp","href":"https:\/\/api.w.org\/{rel}","templated":true}]}}