{"id":6066,"date":"2016-05-07T16:18:33","date_gmt":"2016-05-07T14:18:33","guid":{"rendered":"http:\/\/parafia.niepokalanow.pl\/?p=6066"},"modified":"2016-05-07T16:18:33","modified_gmt":"2016-05-07T14:18:33","slug":"wniebowstapienie-panskie","status":"publish","type":"post","link":"https:\/\/parafia.niepokalanow.pl\/?p=6066","title":{"rendered":"Wniebowst\u0105pienie Pa\u0144skie"},"content":{"rendered":"<ol>\n<li>W tym tygodniu w liturgii Ko\u015bcio\u0142a b\u0119dziemy obchodzi\u0107: 9 maja w poniedzia\u0142ek: Uroczysto\u015b\u0107 \u015bw. Stanis\u0142awa, biskupa i m\u0119czennika, g\u0142\u00f3wnego Patrona Polski; 12 maja w czwartek: Wspomnienie \u015bw. Leopolda Mandicia z Hercegnovi, prezbitera; 13 maja w pi\u0105tek: Wspomnienie NMP z Fatimy; 14 maja w sobot\u0119: \u015awi\u0119to \u015awi\u0119tego Macieja, Aposto\u0142a.<\/li>\n<\/ol>\n<ol start=\"2\">\n<li>Dzi\u015b po Mszach \u015bwi\u0119tych s\u0105 zbierane ofiary do puszek na pomoc ofiarom trz\u0119sienia ziemi w\u00a0Ekwadorze.<\/li>\n<\/ol>\n<ol start=\"3\">\n<li>W poniedzia\u0142ek b\u0119dziemy obchodzi\u0107 uroczysto\u015b\u0107 \u015bw. Stanis\u0142awa, biskupa i m\u0119czennika, g\u0142\u00f3wnego patrona Polski obok Naj\u015bwi\u0119tszej Maryi Panny, Kr\u00f3lowej Polski, i \u015bw. Wojciecha. Msze \u015bwi\u0119te w tym dniu b\u0119d\u0105 celebrowane w\u00a0porz\u0105dku dnia powszedniego.<\/li>\n<\/ol>\n<p><!--more--><\/p>\n<ol start=\"4\">\n<li>Nabo\u017ce\u0144stwa majowe w naszej bazylice odprawiamy w niedziele o godz. 17.00, w dni powszednie po Mszy \u015bwi\u0119tej wieczornej ok. godz. 18.30.<\/li>\n<\/ol>\n<ol start=\"5\">\n<li>Dni powszednie mi\u0119dzy uroczysto\u015bciami Wniebowst\u0105pienia Pa\u0144skiego i Zes\u0142ania Ducha \u015awi\u0119tego, maj\u0105 specjalne znaczenie; s\u0105 dniami nowenny i przygotowania na przyj\u0119cie Ducha \u015awi\u0119tego Pocieszyciela. W sobot\u0119 wieczorem w wigili\u0119 uroczysto\u015bci Zes\u0142ania Ducha \u015awi\u0119tego zapraszamy na czuwanie modlitewne. Rozpoczniemy je Apelem Maryjnym o godz. 21.00. W\u00a0ramach czuwania modlitwa, konferencja i uwielbienie przed Naj\u015bwi\u0119tszym Sakramentem. Zako\u0144czymy je wigilijn\u0105 Msz\u0105 \u015bw. o godz. 23.00, na zako\u0144czenie kt\u00f3rej kap\u0142ani udziel\u0105 indywidualnego b\u0142ogos\u0142awie\u0144stwa z modlitw\u0105.<\/li>\n<\/ol>\n<ol start=\"6\">\n<li>W pi\u0105tek przypada r\u00f3wnie\u017c wspomnienie Naj\u015bwi\u0119tszej Maryi Panny z Fatimy. Jest to patronalne \u015bwi\u0119to i odpust w kaplicy w Lasku. W tym dniu uroczysta Msza \u015bwi\u0119ta z racji odpustu b\u0119dzie sprawowana w Niepokalanowie &#8211; Lasku o godz. 18.00.<\/li>\n<\/ol>\n<ol start=\"7\">\n<li>W sobot\u0119 14 kwietnia w czasie wieczornej Mszy \u015bwi\u0119tej w kaplicy Sanktuarium \u015bw.\u00a0Maksymiliana za\u00a0 przyczyn\u0105 naszego \u015bwi\u0119tego modli\u0107 si\u0119 b\u0119dziemy w intencji rodzic\u00f3w i\u00a0ma\u0142\u017conk\u00f3w naszej parafii i\u00a0pielgrzymuj\u0105cych do\u00a0naszego Sanktuarium, szczeg\u00f3lnie tych, kt\u00f3re zawar\u0142y sakrament ma\u0142\u017ce\u0144stwa w miesi\u0105cu maju.<\/li>\n<\/ol>\n<ol start=\"8\">\n<li>W sobot\u0119 odb\u0119dzie si\u0119 nocna pielgrzymka z Miedniewic do Niepokalanowa oraz nocne czuwanie w bazylice. Msza \u015bwi\u0119ta poranna w niedziel\u0119 b\u0119dzie sprawowana o godz. 5.45.<\/li>\n<\/ol>\n<ol start=\"9\">\n<li>W przysz\u0142\u0105 niedziel\u0119 15 maja po Mszy \u015bwi\u0119tej o godz. 10.00 odb\u0119dzie si\u0119 spotkanie Wsp\u00f3lnoty \u017bywego R\u00f3\u017ca\u0144ca w\u00a0\u015bwietlicy w domu parafialnym.<\/li>\n<\/ol>\n<ol start=\"10\">\n<li>R\u00f3wnie\u017c w tym dniu dzieci klas III, podczas Mszy \u015bwi\u0119tej o godz. 11.30, prze\u017cywa\u0107 b\u0119d\u0105 rocznic\u0119 I Komunii \u015awi\u0119tej. Spowied\u017a dzieci oraz ich rodzic\u00f3w b\u0119dzie w\u00a0sobot\u0119 od godz. 14.00. W zwi\u0105zku z t\u0105 uroczysto\u015bci\u0105 w przysz\u0142\u0105 niedziel\u0119 nie b\u0119dzie spotkania z\u00a0rodzicami dzieci, kt\u00f3re w przysz\u0142ym roku przyst\u0105pi\u0105 do I Komunii i spowiedzi. Spotkanie to odb\u0119dzie si\u0119 tydzie\u0144 p\u00f3\u017aniej, 22 maja.<\/li>\n<\/ol>\n<ol start=\"11\">\n<li>5 czerwca przypada IX \u015awi\u0119to Dzi\u0119kczynienia. Tego dnia zostan\u0105 uroczy\u015bcie wniesione relikwie \u015bw. Maksymiliana do \u015bwi\u0105tyni Bo\u017cej Opatrzno\u015bci. Z tej racji pragniemy zorganizowa\u0107 wyjazd z naszej wsp\u00f3lnoty parafialnej na te uroczysto\u015bci. Zapisy w kancelarii parafialnej.<\/li>\n<\/ol>\n<ol start=\"12\">\n<li>W tym tygodniu z naszej wsp\u00f3lnoty parafialnej odszed\u0142 do wieczno\u015bci: \u015bp.\u00a0Jan Albinowski l. 77 z\u00a0Teresina. <em>Wieczny odpoczynek racz mu da\u0107 Panie\u2026<\/em><\/li>\n<\/ol>\n","protected":false},"excerpt":{"rendered":"<p>W tym tygodniu w liturgii Ko\u015bcio\u0142a b\u0119dziemy obchodzi\u0107: 9 maja w poniedzia\u0142ek: Uroczysto\u015b\u0107 \u015bw. Stanis\u0142awa, biskupa i m\u0119czennika, g\u0142\u00f3wnego Patrona Polski; 12 maja w czwartek: Wspomnienie \u015bw. Leopolda Mandicia z [&hellip;]<\/p>\n","protected":false},"author":1,"featured_media":6067,"comment_status":"closed","ping_status":"open","sticky":false,"template":"","format":"standard","meta":{"footnotes":""},"categories":[1],"tags":[],"class_list":["post-6066","post","type-post","status-publish","format-standard","has-post-thumbnail","hentry","category-bez-kategorii"],"_links":{"self":[{"href":"https:\/\/parafia.niepokalanow.pl\/index.php?rest_route=\/wp\/v2\/posts\/6066","targetHints":{"allow":["GET"]}}],"collection":[{"href":"https:\/\/parafia.niepokalanow.pl\/index.php?rest_route=\/wp\/v2\/posts"}],"about":[{"href":"https:\/\/parafia.niepokalanow.pl\/index.php?rest_route=\/wp\/v2\/types\/post"}],"author":[{"embeddable":true,"href":"https:\/\/parafia.niepokalanow.pl\/index.php?rest_route=\/wp\/v2\/users\/1"}],"replies":[{"embeddable":true,"href":"https:\/\/parafia.niepokalanow.pl\/index.php?rest_route=%2Fwp%2Fv2%2Fcomments&post=6066"}],"version-history":[{"count":0,"href":"https:\/\/parafia.niepokalanow.pl\/index.php?rest_route=\/wp\/v2\/posts\/6066\/revisions"}],"wp:featuredmedia":[{"embeddable":true,"href":"https:\/\/parafia.niepokalanow.pl\/index.php?rest_route=\/wp\/v2\/media\/6067"}],"wp:attachment":[{"href":"https:\/\/parafia.niepokalanow.pl\/index.php?rest_route=%2Fwp%2Fv2%2Fmedia&parent=6066"}],"wp:term":[{"taxonomy":"category","embeddable":true,"href":"https:\/\/parafia.niepokalanow.pl\/index.php?rest_route=%2Fwp%2Fv2%2Fcategories&post=6066"},{"taxonomy":"post_tag","embeddable":true,"href":"https:\/\/parafia.niepokalanow.pl\/index.php?rest_route=%2Fwp%2Fv2%2Ftags&post=6066"}],"curies":[{"name":"wp","href":"https:\/\/api.w.org\/{rel}","templated":true}]}}