{"id":6060,"date":"2016-04-30T19:21:59","date_gmt":"2016-04-30T17:21:59","guid":{"rendered":"http:\/\/parafia.niepokalanow.pl\/?p=6060"},"modified":"2016-04-30T19:21:59","modified_gmt":"2016-04-30T17:21:59","slug":"vi-niedziela-wielkanocy","status":"publish","type":"post","link":"https:\/\/parafia.niepokalanow.pl\/?p=6060","title":{"rendered":"VI Niedziela Wielkanocy"},"content":{"rendered":"<ul>\n<li>W tym tygodniu w liturgii Ko\u015bcio\u0142a b\u0119dziemy obchodzi\u0107:\u00a02 maja w poniedzia\u0142ek: Wspomnienie obowi\u0105zkowe \u015bw. Atanazego, biskupa i doktora Ko\u015bcio\u0142a;\u00a03 maja we wtorek: Uroczysto\u015b\u0107 NMP Kr\u00f3lowej Polski, g\u0142\u00f3wnej Patronki Polski;\u00a04 maja w \u015brod\u0119: Wspomnienie obowi\u0105zkowe \u015bw. Floriana, m\u0119czennika;\u00a06 maja w pi\u0105tek: \u015awi\u0119to \u015awi\u0119tych Aposto\u0142\u00f3w Filipa i Jakuba.<\/li>\n<\/ul>\n<ul>\n<li>Nabo\u017ce\u0144stwa majowe w naszej bazylice odprawiane s\u0105 w niedziele o godz. 17.00, w dni powszednie po Mszy \u015bwi\u0119tej wieczornej ok. godz. 18.30. W sobot\u0119 Msza \u015bwi\u0119ta wieczorna i\u00a0nabo\u017ce\u0144stwo majowe odprawiane s\u0105 w\u00a0Sanktuarium \u015aw. Maksymiliana. Dzi\u015b pierwsza maj\u00f3wka b\u0119dzie po\u0142\u0105czona z procesj\u0105, dlatego zapraszamy asyst\u0119, biel i dziewczynki do sypania kwiatk\u00f3w.<\/li>\n<\/ul>\n<ul>\n<li>\u017byczeniem \u015bw. Maksymiliana by\u0142o, aby pierwsza niedziela maja by\u0142a obchodzona jako Niedziela Rycerstwa Niepokalanej. Z tej okazji dzi\u0119kujemy o. Sylwestrowi G\u0105glewskiemu za przybli\u017cenie nam dzie\u0142a za\u0142o\u017conego przez naszego \u015awi\u0119tego. Wszelkie informacje na temat Rycerstwa mo\u017cna r\u00f3wnie\u017c uzyska\u0107 w O\u015brodku Rycerstwa Niepokalanej przy Informacji.<\/li>\n<\/ul>\n<p><!--more--><\/p>\n<ul>\n<li>Dzi\u015b w czasie Mszy \u015bw. o godz. 16.00 b\u0119dziemy modli\u0107 si\u0119 w intencji Ojczyzny.<\/li>\n<\/ul>\n<ul>\n<li>Jutro Uroczysto\u015b\u0107 NMP Kr\u00f3lowej Polski, g\u0142\u00f3wnej Patronki Polski. Msze \u015bwi\u0119te w tym dniu b\u0119d\u0105 sprawowane w porz\u0105dku niedzielnym. Jest to zarazem rocznica Konstytucji 3 Maja. W\u00a0tym dniu na Jasnej G\u00f3rze b\u0119dzie mia\u0142o miejsce zawierzenie Polski NMP.<\/li>\n<\/ul>\n<ul>\n<li>Przypominamy parafianom i tym, kt\u00f3rzy uczestnicz\u0105 we Mszy \u015bwi\u0119tej w naszej bazylice, \u017ce od maja do wrze\u015bnia w\u0142\u0105cznie Msza \u015bwi\u0119ta wieczorna w niedziele i\u00a0uroczysto\u015bci b\u0119dzie odprawiana o godz. 19.00.<\/li>\n<\/ul>\n<ul>\n<li>W pi\u0105tek 6 maja o godz. 9.00 wraz z uczniami, nauczycielami i pracownikami Szko\u0142y Podstawowej w Teresinie im. \u015aw. Maksymiliana b\u0119dziemy modli\u0107 si\u0119 na Mszy \u015bwi\u0119tej o\u00a0Bo\u017ce b\u0142ogos\u0142awie\u0144stwo dla nich w dniu patronalnego \u015bwi\u0119ta szko\u0142y.<\/li>\n<\/ul>\n<ul>\n<li>W tym tygodniu przypadaj\u0105 dni odnowy wewn\u0119trznej. W <strong>I czwartek<\/strong> po\u00a0Mszy \u015bw. wieczornej w\u00a0ramach nabo\u017ce\u0144stwa majowego b\u0119dziemy modli\u0107 si\u0119 o liczne i \u015bwi\u0119te powo\u0142ania do s\u0142u\u017cby Bo\u017cej w Ko\u015bciele. W\u00a0<strong>I\u00a0pi\u0105tek<\/strong> \u00a0zach\u0119camy do adoracji Naj\u015bwi\u0119tszego Sakramentu od 8.30 do\u00a017.00, jak\u00a0r\u00f3wnie\u017c do spowiedzi i Komunii \u015bw. Spowied\u017a dla dzieci i\u00a0m\u0142odzie\u017cy od\u00a0godz.\u00a016.30,\u00a0a o\u00a0godz. 17.00 Msza \u015bwi\u0119ta, a po niej nabo\u017ce\u0144stwo majowe dla dzieci. W\u00a0Budkach Piaseckich spowied\u017a o\u00a0godz. 16.30, a\u00a0o godz. 17.00 Msza \u015bw. i\u00a0nabo\u017ce\u0144stwo majowe. W I pi\u0105tek udamy si\u0119 z pos\u0142ug\u0105 sakramentaln\u0105 do wszystkich chorych w naszej parafii. W <strong>I sobot\u0119<\/strong> w\u00a0kaplicy \u2013 Sanktuarium \u015bw. Maksymiliana o\u00a0godz.\u00a09.00 b\u0119dzie Msza \u015bw. o\u00a0Niepokalanym Sercu NMP, potem konferencja i R\u00f3\u017caniec. R\u00f3wnie\u017c w tym dniu w\u00a0bazylice po Mszy \u015bwi\u0119tej o\u00a0godz. 11.00 b\u0119dzie wystawienie Naj\u015bwi\u0119tszego Sakramentu i\u00a0r\u00f3\u017caniec wynagradzaj\u0105cy Niepokalanemu Sercu Maryi.<\/li>\n<\/ul>\n<ul>\n<li>Za tydzie\u0144 w niedziel\u0119 zapraszamy rodzic\u00f3w dzieci, kt\u00f3re b\u0119d\u0105 w tym roku prze\u017cywa\u0142y rocznic\u0119 I Komunii \u015awi\u0119tej na spotkanie do domu parafialnego po Mszy \u015bw. o godz. 11.30.<\/li>\n<\/ul>\n<ul>\n<li>Zapraszamy wszystkich na\u00a0nabo\u017ce\u0144stwo Apelu Maryjnego, kt\u00f3re b\u0119dzie odprawiane w\u00a0ka\u017cd\u0105 sobot\u0119 o godz. 21.00 przez ca\u0142y okres letni to jest do pa\u017adziernika w\u0142\u0105cznie.<\/li>\n<\/ul>\n<ul>\n<li>Za tydzie\u0144 przypada uroczysto\u015b\u0107 Wniebowst\u0105pienia Pa\u0144skiego.<\/li>\n<\/ul>\n<ul>\n<li><strong>\u00a0<\/strong>Zapraszamy do naszego \u201eDobrego kina\u201d na projekcj\u0119 filmu pt. \u201eBernadetta. Cud w\u00a0Lourdes\u201d do\u00a0sali \u015bw.\u00a0Bonawentury. Seanse odb\u0119d\u0105 si\u0119 w sobot\u0119 7 maja o godz. 18.00 i w niedziel\u0119 8 maja o godz. 15.30. Wst\u0119p wolny.<\/li>\n<\/ul>\n<ul>\n<li>Organizujemy r\u00f3wnie\u017c wyjazd na Pielgrzymk\u0119 Narodow\u0105 do Rzymu w dniach 21-25 pa\u017adziernika br. Zapisy <u>do ko\u0144ca maja<\/u> w kancelarii parafialnej. Koszt: 2290 z\u0142 i 80 EUR. Wi\u0119cej informacji znajduje si\u0119 w gablocie przed bazylik\u0105.<\/li>\n<\/ul>\n<ul>\n<li>W tym tygodniu z naszej wsp\u00f3lnoty parafialnej odesz\u0142a do wieczno\u015bci: \u015bp.\u00a0Anna Maci\u0105g l. 79 z\u00a0Teresina. <em>Wieczny odpoczynek racz jej da\u0107 Panie\u2026<\/em><\/li>\n<\/ul>\n","protected":false},"excerpt":{"rendered":"<p>W tym tygodniu w liturgii Ko\u015bcio\u0142a b\u0119dziemy obchodzi\u0107:\u00a02 maja w poniedzia\u0142ek: Wspomnienie obowi\u0105zkowe \u015bw. Atanazego, biskupa i doktora Ko\u015bcio\u0142a;\u00a03 maja we wtorek: Uroczysto\u015b\u0107 NMP Kr\u00f3lowej Polski, g\u0142\u00f3wnej Patronki Polski;\u00a04 maja [&hellip;]<\/p>\n","protected":false},"author":1,"featured_media":6061,"comment_status":"closed","ping_status":"open","sticky":false,"template":"","format":"standard","meta":{"footnotes":""},"categories":[1],"tags":[],"class_list":["post-6060","post","type-post","status-publish","format-standard","has-post-thumbnail","hentry","category-bez-kategorii"],"_links":{"self":[{"href":"https:\/\/parafia.niepokalanow.pl\/index.php?rest_route=\/wp\/v2\/posts\/6060","targetHints":{"allow":["GET"]}}],"collection":[{"href":"https:\/\/parafia.niepokalanow.pl\/index.php?rest_route=\/wp\/v2\/posts"}],"about":[{"href":"https:\/\/parafia.niepokalanow.pl\/index.php?rest_route=\/wp\/v2\/types\/post"}],"author":[{"embeddable":true,"href":"https:\/\/parafia.niepokalanow.pl\/index.php?rest_route=\/wp\/v2\/users\/1"}],"replies":[{"embeddable":true,"href":"https:\/\/parafia.niepokalanow.pl\/index.php?rest_route=%2Fwp%2Fv2%2Fcomments&post=6060"}],"version-history":[{"count":0,"href":"https:\/\/parafia.niepokalanow.pl\/index.php?rest_route=\/wp\/v2\/posts\/6060\/revisions"}],"wp:featuredmedia":[{"embeddable":true,"href":"https:\/\/parafia.niepokalanow.pl\/index.php?rest_route=\/wp\/v2\/media\/6061"}],"wp:attachment":[{"href":"https:\/\/parafia.niepokalanow.pl\/index.php?rest_route=%2Fwp%2Fv2%2Fmedia&parent=6060"}],"wp:term":[{"taxonomy":"category","embeddable":true,"href":"https:\/\/parafia.niepokalanow.pl\/index.php?rest_route=%2Fwp%2Fv2%2Fcategories&post=6060"},{"taxonomy":"post_tag","embeddable":true,"href":"https:\/\/parafia.niepokalanow.pl\/index.php?rest_route=%2Fwp%2Fv2%2Ftags&post=6060"}],"curies":[{"name":"wp","href":"https:\/\/api.w.org\/{rel}","templated":true}]}}