{"id":5753,"date":"2016-04-24T06:45:29","date_gmt":"2016-04-24T04:45:29","guid":{"rendered":"http:\/\/parafia.niepokalanow.pl\/?p=5753"},"modified":"2016-04-24T06:45:29","modified_gmt":"2016-04-24T04:45:29","slug":"v-niedziela-wielkanocy","status":"publish","type":"post","link":"https:\/\/parafia.niepokalanow.pl\/?p=5753","title":{"rendered":"V Niedziela Wielkanocy"},"content":{"rendered":"<ul>\n<li>W tym tygodniu w liturgii Ko\u015bcio\u0142a b\u0119dziemy obchodzi\u0107:\u00a025 kwietnia w poniedzia\u0142ek: \u015awi\u0119to \u015bw. Marka, Ewangelisty;\u00a028 kwietnia w czwartek: Wspomnienie \u015bw. Ludwika Marii Grignion de Montfort, prezbitera;\u00a029 kwietnia w pi\u0105tek: \u015awi\u0119to \u015bw. Katarzyny Siene\u0144skiej, dziewicy i doktora Ko\u015bcio\u0142a, patronki Europy.<\/li>\n<\/ul>\n<ul>\n<li>Na pro\u015bb\u0119 Ojca \u015awi\u0119tego Franciszka dzi\u015b po ka\u017cdej Mszy \u015bwi\u0119tej s\u0105 zbierane ofiary do puszek dla najbardziej potrzebuj\u0105cych na Ukrainie.<\/li>\n<\/ul>\n<ul>\n<li>Dzi\u015b podczas Mszy \u015bw. o godz. 18.00 i na nabo\u017ce\u0144stwie po\u00a0Mszy \u015bwi\u0119tej modli\u0107 si\u0119 b\u0119dziemy o\u00a0\u0142ask\u0119 uzdro\u00adwienia duszy i cia\u0142a. Zapraszamy na\u00a0wsp\u00f3ln\u0105 modlitw\u0119.<\/li>\n<\/ul>\n<p><!--more--><\/p>\n<ul>\n<li>Zapraszamy do naszego \u201eDobrego kina\u201d na projekcj\u0119 filmu pt. \u201eZakazany B\u00f3g\u201d do\u00a0sali \u015bw.\u00a0Bonawentury. Seans odb\u0119dzie si\u0119 jeszcze dzi\u015b o godz. 15.30. Wst\u0119p wolny.<\/li>\n<\/ul>\n<ul>\n<li>W czwartek 28 kwietnia o godz. 18.00 zapraszamy na Eucharysti\u0119, kt\u00f3ra b\u0119dzie sprawowana o\u00a0beatyfikacj\u0119 S\u0142ugi Bo\u017cego Stefana Kardyna\u0142a Wyszy\u0144skiego.<\/li>\n<\/ul>\n<ul>\n<li>R\u00f3wnie\u017c w czwartek zapraszamy na godz. 19.00 do kaplicy-sanktuarium \u015bw. Maksymiliana maturzyst\u00f3w, nauczycieli i wychowawc\u00f3w na Msz\u0119 \u015awi\u0119t\u0105 o \u015bwiat\u0142o Ducha \u015awi\u0119tego oraz w\u00a0intencji pomy\u015blnego wyniku egzaminu maturalnego.<\/li>\n<\/ul>\n<ul>\n<li>We wtorek o godz. 18.30 w Domu parafialnym odb\u0119dzie si\u0119 spotkanie organizacyjne wszystkich uczestnik\u00f3w pielgrzymki do Fatimy.<\/li>\n<\/ul>\n<ul>\n<li>W sobot\u0119 o godz. 14.00 odb\u0119dzie si\u0119 Msza \u015bwi\u0119ta z racji 85. rocznicy za\u0142o\u017cenia przez \u015bw.\u00a0Maksymiliana Ochotniczej Stra\u017cy Po\u017carnej w Niepokalanowie. Zapraszamy wszystkich do w\u0142\u0105czenia si\u0119 w to dzi\u0119kczynienie.<\/li>\n<\/ul>\n<ul>\n<li>W przysz\u0142\u0105 niedziel\u0119 rozpoczynamy maj, miesi\u0105c szczeg\u00f3lnej czci Matki Bo\u017cej. Nabo\u017ce\u0144stwa majowe w naszej bazylice b\u0119d\u0105 odprawiane w niedziele o godz. 17.00, w dni powszednie po Mszy \u015bwi\u0119tej wieczornej ok. godz. 18.30. W sobot\u0119 Msza \u015bwi\u0119ta wieczorna i\u00a0nabo\u017ce\u0144stwo majowe odprawiane s\u0105 w\u00a0Sanktuarium \u015aw. Maksymiliana. Pierwsza maj\u00f3wka b\u0119dzie po\u0142\u0105czona z procesj\u0105, dlatego zapraszamy asyst\u0119, biel i dziewczynki do sypania kwiatk\u00f3w. Prosimy tak\u017ce wiernych o\u00a0przyozdobienie przydro\u017cnych krzy\u017cy i figur Matki Bo\u017cej oraz organizowanie \u015bpiewu litanii loreta\u0144skiej przy kapliczkach dla tych, kt\u00f3rzy nie mog\u0105 uczestniczy\u0107 w\u00a0ko\u015bciele.<\/li>\n<\/ul>\n<ul>\n<li>\u017byczeniem \u015bw. Maksymiliana by\u0142o, aby pierwsza niedziela maja by\u0142a obchodzona jako Niedziela Rycerstwa Niepokalanej. Z tej okazji w przysz\u0142\u0105 niedziel\u0119 w czasie kaza\u0144 b\u0119dzie mo\u017cna bli\u017cej zapozna\u0107 si\u0119 z tym dzie\u0142em za\u0142o\u017conym przez naszego \u015awi\u0119tego. Wszelkie informacje na temat Rycerstwa w tym dniu b\u0119dzie mo\u017cna r\u00f3wnie\u017c uzyska\u0107 w O\u015brodku Rycerstwa Niepokalanej przy Informacji.<\/li>\n<\/ul>\n<ul>\n<li>R\u00f3wnie\u017c za tydzie\u0144 w czasie Mszy \u015bw. o godz. 16.00 b\u0119dziemy modli\u0107 si\u0119 w intencji Ojczyzny.<\/li>\n<\/ul>\n<ul>\n<li>Przypominamy parafianom i tym, kt\u00f3rzy uczestnicz\u0105 we Mszy \u015bwi\u0119tej w naszej bazylice, \u017ce od maja do wrze\u015bnia w\u0142\u0105cznie Msza \u015bwi\u0119ta wieczorna w niedziele i\u00a0uroczysto\u015bci b\u0119dzie odprawiana o godz. 19.00.<\/li>\n<\/ul>\n<ul>\n<li>Organizujemy r\u00f3wnie\u017c wyjazd na Pielgrzymk\u0119 Narodow\u0105 do Rzymu w dniach 21-25 pa\u017adziernika br. Zapisy do ko\u0144ca maja w kancelarii parafialnej. Koszt: 2290 z\u0142 i 80 EUR. Wi\u0119cej informacji znajduje si\u0119 w gablocie przed bazylik\u0105.<\/li>\n<\/ul>\n<ul>\n<li>W tym tygodniu z naszej wsp\u00f3lnoty parafialnej odeszli do wieczno\u015bci: \u015bp.\u00a0J\u00f3zef Mu\u0107ka l. 66 z\u00a0Teresina, \u015bp. Tadeusz Antczak l. 92 z Teresina i \u015bp. Teresa Kara\u015b l. 87 z Paprotni. <em>Wieczny odpoczynek racz im da\u0107 Panie\u2026<\/em><\/li>\n<\/ul>\n","protected":false},"excerpt":{"rendered":"<p>W tym tygodniu w liturgii Ko\u015bcio\u0142a b\u0119dziemy obchodzi\u0107:\u00a025 kwietnia w poniedzia\u0142ek: \u015awi\u0119to \u015bw. Marka, Ewangelisty;\u00a028 kwietnia w czwartek: Wspomnienie \u015bw. Ludwika Marii Grignion de Montfort, prezbitera;\u00a029 kwietnia w pi\u0105tek: \u015awi\u0119to [&hellip;]<\/p>\n","protected":false},"author":1,"featured_media":5754,"comment_status":"closed","ping_status":"open","sticky":false,"template":"","format":"standard","meta":{"footnotes":""},"categories":[1],"tags":[],"class_list":["post-5753","post","type-post","status-publish","format-standard","has-post-thumbnail","hentry","category-bez-kategorii"],"_links":{"self":[{"href":"https:\/\/parafia.niepokalanow.pl\/index.php?rest_route=\/wp\/v2\/posts\/5753","targetHints":{"allow":["GET"]}}],"collection":[{"href":"https:\/\/parafia.niepokalanow.pl\/index.php?rest_route=\/wp\/v2\/posts"}],"about":[{"href":"https:\/\/parafia.niepokalanow.pl\/index.php?rest_route=\/wp\/v2\/types\/post"}],"author":[{"embeddable":true,"href":"https:\/\/parafia.niepokalanow.pl\/index.php?rest_route=\/wp\/v2\/users\/1"}],"replies":[{"embeddable":true,"href":"https:\/\/parafia.niepokalanow.pl\/index.php?rest_route=%2Fwp%2Fv2%2Fcomments&post=5753"}],"version-history":[{"count":0,"href":"https:\/\/parafia.niepokalanow.pl\/index.php?rest_route=\/wp\/v2\/posts\/5753\/revisions"}],"wp:featuredmedia":[{"embeddable":true,"href":"https:\/\/parafia.niepokalanow.pl\/index.php?rest_route=\/wp\/v2\/media\/5754"}],"wp:attachment":[{"href":"https:\/\/parafia.niepokalanow.pl\/index.php?rest_route=%2Fwp%2Fv2%2Fmedia&parent=5753"}],"wp:term":[{"taxonomy":"category","embeddable":true,"href":"https:\/\/parafia.niepokalanow.pl\/index.php?rest_route=%2Fwp%2Fv2%2Fcategories&post=5753"},{"taxonomy":"post_tag","embeddable":true,"href":"https:\/\/parafia.niepokalanow.pl\/index.php?rest_route=%2Fwp%2Fv2%2Ftags&post=5753"}],"curies":[{"name":"wp","href":"https:\/\/api.w.org\/{rel}","templated":true}]}}