{"id":5660,"date":"2016-04-16T14:59:32","date_gmt":"2016-04-16T12:59:32","guid":{"rendered":"http:\/\/parafia.niepokalanow.pl\/?p=5660"},"modified":"2016-04-16T15:28:19","modified_gmt":"2016-04-16T13:28:19","slug":"iv-niedziela-wielkanocy","status":"publish","type":"post","link":"https:\/\/parafia.niepokalanow.pl\/?p=5660","title":{"rendered":"IV Niedziela Wielkanocy"},"content":{"rendered":"<ul>\n<li>W tym tygodniu w liturgii Ko\u015bcio\u0142a b\u0119dziemy obchodzi\u0107:23 kwietnia w sobot\u0119: Uroczysto\u015b\u0107 \u015bwi\u0119tego Wojciecha, biskupa i m\u0119czennika, g\u0142\u00f3wnego Patrona Polski.<\/li>\n<\/ul>\n<ul>\n<li>Dzi\u015b prze\u017cywamy czwart\u0105 niedziel\u0119 Wielkanocy, nazywan\u0105 niedziel\u0105 Dobrego Pasterza. Jest to jednocze\u015bnie 52. \u015awiatowy Dzie\u0144 Modlitw o Powo\u0142ania do S\u0142u\u017cby Bogu w\u00a0Ko\u015bciele, rozpoczynaj\u0105cy kwartalne dni modlitw o powo\u0142ania w Ko\u015bciele powszechnym, a w Polsce \u2013 Tydzie\u0144 Modlitw o Powo\u0142ania.<\/li>\n<\/ul>\n<p><!--more--><\/p>\n<ul>\n<li>W przysz\u0142\u0105 podczas Mszy \u015bw. o godz. 18.00 i na nabo\u017ce\u0144stwie po\u00a0Mszy \u015bwi\u0119tej modli\u0107 si\u0119 b\u0119dziemy o \u0142ask\u0119 uzdro\u00adwienia duszy i cia\u0142a. Zapraszamy na\u00a0wsp\u00f3ln\u0105 modlitw\u0119.<\/li>\n<\/ul>\n<ul>\n<li>W dniach 22-24 kwietnia odb\u0119dzie si\u0119 Zjazd Animator\u00f3w i Prezes\u00f3w Rycerstwa Niepokalanej. Dok\u0142adny plan tego zjazdu znajduje si\u0119 w gablocie przed bazylik\u0105.<\/li>\n<\/ul>\n<ul>\n<li>W sobot\u0119 23 kwietnia odb\u0119dzie si\u0119 spotkanie Ko\u0142a Przyjaci\u00f3\u0142 Radia Maryja, kt\u00f3re rozpocznie si\u0119 o godz. 9.00 w\u00a0Sanktuarium \u015bw. Maksymiliana Msz\u0105 \u015bwi\u0119t\u0105 w intencji Radia Maryja, Telewizji Trwam i naszej Ojczyzny.<\/li>\n<li>Zapraszamy do naszego \u201eDobrego kina\u201d na projekcj\u0119 filmu pt. \u201eZakazany B\u00f3g\u201d do\u00a0sali \u015bw.\u00a0Bonawentury. Film opowiada histori\u0119 51 m\u0119czennik\u00f3w hiszpa\u0144skich z\u00a0Barbastro z\u00a0czas\u00f3w wojny domowej. Seanse odb\u0119d\u0105 si\u0119 w sobot\u0119 23 kwietnia w\u00a0sobot\u0119 o godz. 18.30 i w niedziel\u0119 24 kwietnia o godz. 15.30. Wst\u0119p wolny.<\/li>\n<\/ul>\n<ul>\n<li>Ko\u0142o Przyjaci\u00f3\u0142 Radia Maryja organizuje pielgrzymk\u0119 do Torunia dnia 18 maja w \u015brod\u0119 na\u00a0konsekracj\u0119 \u015bwi\u0105tyni pw. Maryi Gwiazdy Nowej Ewangelizacji i \u015bw. Jana Paw\u0142a II. Wyjazd z du\u017cego parkingu o godz. 7.30. Kontakt z p. Danut\u0105 Dmoch (Tel. 728\u00a0464\u00a0508). Serdecznie zapraszamy wszystkich ch\u0119tnych.<\/li>\n<\/ul>\n<ul>\n<li>W tym tygodniu z naszej wsp\u00f3lnoty parafialnej odeszli do wieczno\u015bci: \u015bp.\u00a0Marianna \u0141upi\u0144ska l.\u00a065 z Serok Parceli i \u015bp. Zofia Pi\u0119ta, l. 92, z Teresina-Gaju. <em>Wieczny odpoczynek racz im da\u0107 Panie\u2026<\/em><\/li>\n<\/ul>\n","protected":false},"excerpt":{"rendered":"<p>W tym tygodniu w liturgii Ko\u015bcio\u0142a b\u0119dziemy obchodzi\u0107:23 kwietnia w sobot\u0119: Uroczysto\u015b\u0107 \u015bwi\u0119tego Wojciecha, biskupa i m\u0119czennika, g\u0142\u00f3wnego Patrona Polski. Dzi\u015b prze\u017cywamy czwart\u0105 niedziel\u0119 Wielkanocy, nazywan\u0105 niedziel\u0105 Dobrego Pasterza. Jest [&hellip;]<\/p>\n","protected":false},"author":1,"featured_media":5664,"comment_status":"closed","ping_status":"open","sticky":false,"template":"","format":"standard","meta":{"footnotes":""},"categories":[1],"tags":[],"class_list":["post-5660","post","type-post","status-publish","format-standard","has-post-thumbnail","hentry","category-bez-kategorii"],"_links":{"self":[{"href":"https:\/\/parafia.niepokalanow.pl\/index.php?rest_route=\/wp\/v2\/posts\/5660","targetHints":{"allow":["GET"]}}],"collection":[{"href":"https:\/\/parafia.niepokalanow.pl\/index.php?rest_route=\/wp\/v2\/posts"}],"about":[{"href":"https:\/\/parafia.niepokalanow.pl\/index.php?rest_route=\/wp\/v2\/types\/post"}],"author":[{"embeddable":true,"href":"https:\/\/parafia.niepokalanow.pl\/index.php?rest_route=\/wp\/v2\/users\/1"}],"replies":[{"embeddable":true,"href":"https:\/\/parafia.niepokalanow.pl\/index.php?rest_route=%2Fwp%2Fv2%2Fcomments&post=5660"}],"version-history":[{"count":0,"href":"https:\/\/parafia.niepokalanow.pl\/index.php?rest_route=\/wp\/v2\/posts\/5660\/revisions"}],"wp:featuredmedia":[{"embeddable":true,"href":"https:\/\/parafia.niepokalanow.pl\/index.php?rest_route=\/wp\/v2\/media\/5664"}],"wp:attachment":[{"href":"https:\/\/parafia.niepokalanow.pl\/index.php?rest_route=%2Fwp%2Fv2%2Fmedia&parent=5660"}],"wp:term":[{"taxonomy":"category","embeddable":true,"href":"https:\/\/parafia.niepokalanow.pl\/index.php?rest_route=%2Fwp%2Fv2%2Fcategories&post=5660"},{"taxonomy":"post_tag","embeddable":true,"href":"https:\/\/parafia.niepokalanow.pl\/index.php?rest_route=%2Fwp%2Fv2%2Ftags&post=5660"}],"curies":[{"name":"wp","href":"https:\/\/api.w.org\/{rel}","templated":true}]}}