{"id":5654,"date":"2016-04-09T09:15:13","date_gmt":"2016-04-09T07:15:13","guid":{"rendered":"http:\/\/parafia.niepokalanow.pl\/?p=5654"},"modified":"2016-04-09T09:15:31","modified_gmt":"2016-04-09T07:15:31","slug":"iii-niedziela-wielkanocy","status":"publish","type":"post","link":"https:\/\/parafia.niepokalanow.pl\/?p=5654","title":{"rendered":"III Niedziela Wielkanocy"},"content":{"rendered":"<ul>\n<li>Dzi\u015b prze\u017cywamy VIII Niedziel\u0119 Biblijn\u0105, rozpoczynaj\u0105c\u0105 obchody Tygodnia Biblijnego w\u00a0Polsce. Chcemy zwr\u00f3ci\u0107 uwag\u0119 na Pismo \u015awi\u0119te, najwa\u017cniejsz\u0105 ksi\u0119g\u0119 dla ca\u0142ego Ko\u015bcio\u0142a i dla ka\u017cdego z nas. Niech w naszym \u017cyciu nie zabraknie czasu na jej czytanie.<\/li>\n<\/ul>\n<ul>\n<li>Dzi\u015b o godz. 18.00 zostanie odprawiona Msza \u015bwi\u0119ta w\u00a0intencji Polak\u00f3w zamordowanych w Katyniu i ofiar katastrofy smole\u0144skiej, po niej nast\u0105pi przej\u015bcie do pomnika przy bazylice. Mszy \u015bw. b\u0119dzie przewodniczy\u0142 i kazanie wyg\u0142osi O. Prowincja\u0142 Wies\u0142aw Pyzio.<\/li>\n<\/ul>\n<p><!--more--><\/p>\n<ul>\n<li>W poniedzia\u0142ek, 11 kwietnia, w niepokalanowskim klasztorze rozpoczyna si\u0119 Kapitu\u0142a Prowincjalna naszej zakonnej prowincji warszawskiej. Czas trwania kapitu\u0142y, jej przebieg oraz owoce na dalsz\u0105 pos\u0142ug\u0119 Bogu, Ko\u015bcio\u0142owi i wiernym polecamy modlitwie parafian oraz sympatyk\u00f3w naszego klasztoru i Sanktuarium.<\/li>\n<\/ul>\n<ul>\n<li>We czwartek 14 kwietnia w czasie wieczornej Mszy \u015bwi\u0119tej za\u00a0 przyczyn\u0105 \u015bw. Maksymiliana modli\u0107 si\u0119 b\u0119dziemy w intencji rodzic\u00f3w i ma\u0142\u017conk\u00f3w naszej parafii i\u00a0pielgrzymuj\u0105cych do naszego Sanktuarium, szczeg\u00f3lnie tych, kt\u00f3re zawar\u0142y sakrament ma\u0142\u017ce\u0144stwa w miesi\u0105cu kwietniu w latach ubieg\u0142ych.<\/li>\n<\/ul>\n<ul>\n<li>W sobot\u0119 przypada 89. rocznica urodzin papie\u017ca seniora Benedykta XVI. Zach\u0119camy do\u00a0modlitwy w jego intencji, a tak\u017ce w intencjach papie\u017ca Franciszka i\u00a0Ko\u015bcio\u0142a.<\/li>\n<\/ul>\n<ul>\n<li>Spotkanie wolontariatu \u015aDM w sobot\u0119 o godz. 12.00 w \u201eZau\u0142ku Anio\u0142\u00f3w\u201d.<\/li>\n<\/ul>\n<ul>\n<li>W przysz\u0142\u0105 niedziel\u0119 po Mszy \u015bwi\u0119tej o godz. 10.00 odb\u0119dzie si\u0119 spotkanie Wsp\u00f3lnoty \u017bywego R\u00f3\u017ca\u0144ca w\u00a0\u015bwietlicy w domu parafialnym.<\/li>\n<\/ul>\n<ul>\n<li>W przysz\u0142\u0105 niedziel\u0119 zapraszamy uczni\u00f3w klas III gimnazjum do dolnego ko\u015bcio\u0142a na Msz\u0119 \u015bw. o godz. 10.00, kt\u00f3ra b\u0119dzie sprawowana o \u015bwiat\u0142o Ducha \u015awi\u0119tego na czas egzamin\u00f3w.<\/li>\n<\/ul>\n<ul>\n<li>W tym tygodniu z naszej wsp\u00f3lnoty parafialnej odeszli do wieczno\u015bci: \u015bp. Cezary Marciniak,\u00a0 l.\u00a060 z Teresina, \u015bp.\u00a0 Zofia Wachowska, l. 82\u00a0 z Teresina, \u015bp.\u00a0 J\u00f3zef Pami\u0119ta, l. 85,\u00a0 z Serok Parceli. <em>Wieczny odpoczynek racz im da\u0107 Panie\u2026<\/em><\/li>\n<\/ul>\n","protected":false},"excerpt":{"rendered":"<p>Dzi\u015b prze\u017cywamy VIII Niedziel\u0119 Biblijn\u0105, rozpoczynaj\u0105c\u0105 obchody Tygodnia Biblijnego w\u00a0Polsce. Chcemy zwr\u00f3ci\u0107 uwag\u0119 na Pismo \u015awi\u0119te, najwa\u017cniejsz\u0105 ksi\u0119g\u0119 dla ca\u0142ego Ko\u015bcio\u0142a i dla ka\u017cdego z nas. Niech w naszym \u017cyciu [&hellip;]<\/p>\n","protected":false},"author":1,"featured_media":5655,"comment_status":"closed","ping_status":"open","sticky":false,"template":"","format":"standard","meta":{"footnotes":""},"categories":[1],"tags":[],"class_list":["post-5654","post","type-post","status-publish","format-standard","has-post-thumbnail","hentry","category-bez-kategorii"],"_links":{"self":[{"href":"https:\/\/parafia.niepokalanow.pl\/index.php?rest_route=\/wp\/v2\/posts\/5654","targetHints":{"allow":["GET"]}}],"collection":[{"href":"https:\/\/parafia.niepokalanow.pl\/index.php?rest_route=\/wp\/v2\/posts"}],"about":[{"href":"https:\/\/parafia.niepokalanow.pl\/index.php?rest_route=\/wp\/v2\/types\/post"}],"author":[{"embeddable":true,"href":"https:\/\/parafia.niepokalanow.pl\/index.php?rest_route=\/wp\/v2\/users\/1"}],"replies":[{"embeddable":true,"href":"https:\/\/parafia.niepokalanow.pl\/index.php?rest_route=%2Fwp%2Fv2%2Fcomments&post=5654"}],"version-history":[{"count":0,"href":"https:\/\/parafia.niepokalanow.pl\/index.php?rest_route=\/wp\/v2\/posts\/5654\/revisions"}],"wp:featuredmedia":[{"embeddable":true,"href":"https:\/\/parafia.niepokalanow.pl\/index.php?rest_route=\/wp\/v2\/media\/5655"}],"wp:attachment":[{"href":"https:\/\/parafia.niepokalanow.pl\/index.php?rest_route=%2Fwp%2Fv2%2Fmedia&parent=5654"}],"wp:term":[{"taxonomy":"category","embeddable":true,"href":"https:\/\/parafia.niepokalanow.pl\/index.php?rest_route=%2Fwp%2Fv2%2Fcategories&post=5654"},{"taxonomy":"post_tag","embeddable":true,"href":"https:\/\/parafia.niepokalanow.pl\/index.php?rest_route=%2Fwp%2Fv2%2Ftags&post=5654"}],"curies":[{"name":"wp","href":"https:\/\/api.w.org\/{rel}","templated":true}]}}