{"id":5641,"date":"2016-04-02T21:29:36","date_gmt":"2016-04-02T19:29:36","guid":{"rendered":"http:\/\/parafia.niepokalanow.pl\/?p=5641"},"modified":"2016-04-02T21:30:04","modified_gmt":"2016-04-02T19:30:04","slug":"ii-niedziela-wielkanocy-czyli-milosierdzia-bozego","status":"publish","type":"post","link":"https:\/\/parafia.niepokalanow.pl\/?p=5641","title":{"rendered":"II Niedziela Wielkanocy czyli Mi\u0142osierdzia Bo\u017cego"},"content":{"rendered":"<ol>\n<li>Dzi\u015b II Niedziela Wielkanocy, ko\u0144cz\u0105ca oktaw\u0119 uroczysto\u015bci Zmartwychwstania Pa\u0144skiego, nazywana niedziel\u0105 bia\u0142\u0105 \u2013 od zwyczaju noszenia bia\u0142ych szat w pierwszym tygodniu po Wielkanocy przez nowo ochrzczonych, lub niedziel\u0105 Mi\u0142osierdzia Bo\u017cego \u2013 ze wzgl\u0119du na obchodzone w t\u0119 niedziel\u0119 na \u017cyczenie Chrystusa \u015bwi\u0119to Mi\u0142osierdzia Bo\u017cego. Koronka i nabo\u017ce\u0144stwo b\u0119dzie odprawione w bazylice o godz. 15.00. Dzi\u015b tak\u017ce \u015bwi\u0119to patronalne Caritas i\u00a0rozpoczynamy 72. Tydzie\u0144 Mi\u0142osierdzia.<\/li>\n<\/ol>\n<ol start=\"2\">\n<li>W tym tygodniu w liturgii Ko\u015bcio\u0142a b\u0119dziemy obchodzi\u0107:<\/li>\n<\/ol>\n<ul>\n<li>4 kwietnia w poniedzia\u0142ek: Uroczysto\u015b\u0107 Zwiastowania NMP;<\/li>\n<li>7 kwietnia w czwartek: Wspomnienie \u015bw. Jana Chrzciciela de la Salle, prezbitera.<\/li>\n<\/ul>\n<ol start=\"3\">\n<li>W poniedzia\u0142ek,4 kwietnia, uroczysto\u015b\u0107 Zwiastowania NMP. Msze \u015bwi\u0119te w porz\u0105dku dnia powszedniego. W tym dniu obchodzimy r\u00f3wnie\u017c Dzie\u0144 \u015awi\u0119to\u015bci \u017bycia. Ko\u015bci\u00f3\u0142 budzi sumienia ludzi, aby ratowa\u0107 \u017cycie bezbron\u00adnych dzieci i zach\u0119ca do w\u0142\u0105czenia si\u0119 w dzie\u0142o Duchowej Adopcji. Polega ono na odmawianiu przez 9 miesi\u0119cy jednej tajemnicy r\u00f3\u017ca\u0144cowej i modlitwy w in\u00adten\u00adcji pocz\u0119tego dziecka, kt\u00f3rego \u017cycie jest zagro\u017cone aborcj\u0105 oraz w intencji jego rodzic\u00f3w. Mo\u017cli\u00adwo\u015b\u0107 podj\u0119cia Duchowej Adopcji w\u00a0naszej parafii b\u0119dzie podczas Mszy \u015bwi\u0119tej o\u00a0godz. 18.00. Zach\u0119camy do w\u0142\u0105czenia si\u0119 w to dzie\u0142o.<\/li>\n<\/ol>\n<ol start=\"4\">\n<li>W tym tygodniu przypada <strong>I czwartek<\/strong> miesi\u0105ca. Po Mszy \u015bwi\u0119tej wieczornej b\u0119dzie nabo\u017ce\u0144stwo Godziny \u015awi\u0119tej.<\/li>\n<\/ol>\n<ol start=\"5\">\n<li>W sobot\u0119 odb\u0119dzie si\u0119 Nocna pielgrzymka z Miedniewic do Niepokalanowa oraz nocne czuwanie w bazylice. Msza \u015bw. poranna w niedziel\u0119 b\u0119dzie sprawowana o godz. 5.45.<\/li>\n<\/ol>\n<ol start=\"6\">\n<li>Za tydzie\u0144, w niedziel\u0119 10 kwietnia, o godz. 18.00 zostanie odprawiona Msza \u015bwi\u0119ta w\u00a0intencji Polak\u00f3w zamordowanych w Katyniu i ofiar katastrofy smole\u0144skiej, po niej nast\u0105pi przej\u015bcie do pomnika przy bazylice upami\u0119tniaj\u0105cego to wydarzenie. Mszy \u015bw. b\u0119dzie przewodniczy\u0142 i kazanie wyg\u0142osi O. Prowincja\u0142 Wies\u0142aw Pyzio.<\/li>\n<\/ol>\n<ol start=\"7\">\n<li>R\u00f3wnie\u017c za tydzie\u0144 po Mszy \u015bwi\u0119tej o godz. 11.30 w domu parafialnym odb\u0119dzie si\u0119 spotkanie rodzic\u00f3w dzieci pierwszokomunijnych.<\/li>\n<\/ol>\n<ol start=\"8\">\n<li>Za tydzie\u0144 \u2013 trzecia niedziela Wielkanocy a zarazem VIII Niedziela Biblijna, rozpoczynaj\u0105ca obchody Tygodnia Biblijnego w Polsce. Przypominamy, \u017ce w domu parafialnym w ka\u017cdy czwartek o godz. 19.00 odbywa si\u0119 spotkanie Wieczernika biblijnego. Serdecznie zapraszamy.<\/li>\n<\/ol>\n","protected":false},"excerpt":{"rendered":"<p>Dzi\u015b II Niedziela Wielkanocy, ko\u0144cz\u0105ca oktaw\u0119 uroczysto\u015bci Zmartwychwstania Pa\u0144skiego, nazywana niedziel\u0105 bia\u0142\u0105 \u2013 od zwyczaju noszenia bia\u0142ych szat w pierwszym tygodniu po Wielkanocy przez nowo ochrzczonych, lub niedziel\u0105 Mi\u0142osierdzia Bo\u017cego [&hellip;]<\/p>\n","protected":false},"author":1,"featured_media":5642,"comment_status":"closed","ping_status":"open","sticky":false,"template":"","format":"standard","meta":{"footnotes":""},"categories":[1],"tags":[],"class_list":["post-5641","post","type-post","status-publish","format-standard","has-post-thumbnail","hentry","category-bez-kategorii"],"_links":{"self":[{"href":"https:\/\/parafia.niepokalanow.pl\/index.php?rest_route=\/wp\/v2\/posts\/5641","targetHints":{"allow":["GET"]}}],"collection":[{"href":"https:\/\/parafia.niepokalanow.pl\/index.php?rest_route=\/wp\/v2\/posts"}],"about":[{"href":"https:\/\/parafia.niepokalanow.pl\/index.php?rest_route=\/wp\/v2\/types\/post"}],"author":[{"embeddable":true,"href":"https:\/\/parafia.niepokalanow.pl\/index.php?rest_route=\/wp\/v2\/users\/1"}],"replies":[{"embeddable":true,"href":"https:\/\/parafia.niepokalanow.pl\/index.php?rest_route=%2Fwp%2Fv2%2Fcomments&post=5641"}],"version-history":[{"count":0,"href":"https:\/\/parafia.niepokalanow.pl\/index.php?rest_route=\/wp\/v2\/posts\/5641\/revisions"}],"wp:featuredmedia":[{"embeddable":true,"href":"https:\/\/parafia.niepokalanow.pl\/index.php?rest_route=\/wp\/v2\/media\/5642"}],"wp:attachment":[{"href":"https:\/\/parafia.niepokalanow.pl\/index.php?rest_route=%2Fwp%2Fv2%2Fmedia&parent=5641"}],"wp:term":[{"taxonomy":"category","embeddable":true,"href":"https:\/\/parafia.niepokalanow.pl\/index.php?rest_route=%2Fwp%2Fv2%2Fcategories&post=5641"},{"taxonomy":"post_tag","embeddable":true,"href":"https:\/\/parafia.niepokalanow.pl\/index.php?rest_route=%2Fwp%2Fv2%2Ftags&post=5641"}],"curies":[{"name":"wp","href":"https:\/\/api.w.org\/{rel}","templated":true}]}}