{"id":5626,"date":"2016-03-26T23:01:00","date_gmt":"2016-03-26T22:01:00","guid":{"rendered":"http:\/\/parafia.niepokalanow.pl\/?p=5626"},"modified":"2016-03-26T08:04:40","modified_gmt":"2016-03-26T07:04:40","slug":"niedziela-zmartwychwstania-panskiego","status":"publish","type":"post","link":"https:\/\/parafia.niepokalanow.pl\/?p=5626","title":{"rendered":"Niedziela Zmartwychwstania Pa\u0144skiego"},"content":{"rendered":"<ul>\n<li>Dzi\u015b niedziela wielkanocna Zmartwychwstania Pa\u0144skiego rozpoczynaj\u0105ca okres wielkanocny w liturgii. Pi\u0119\u0107dziesi\u0105t dni od niedzieli Zmartwychwstania do niedzieli Zes\u0142ania Ducha \u015awi\u0119tego obchodzi si\u0119 z wielk\u0105 rado\u015bci\u0105 jako jeden dzie\u0144 \u015bwi\u0105teczny, co wi\u0119cej, jako \u201ewielk\u0105 niedziel\u0119\u201d. Osiem pierwszych dni okresu wielkanocnego stanowi oktaw\u0119 Wielkanocy i obchodzi si\u0119 je jako uroczysto\u015bci Pa\u0144skie. Z tego powodu w pi\u0105tek w oktawie Wielkanocy nie obowi\u0105zuje wstrzemi\u0119\u017aliwo\u015b\u0107 od spo\u017cywania mi\u0119sa.<\/li>\n<\/ul>\n<ul>\n<li>Wszystkim Drogim Parafianom i Sympatykom Niepokalanowa jeszcze raz wyra\u017camy nasz\u0105 wdzi\u0119czno\u015b\u0107 za z\u0142o\u017cone ofiary na wystr\u00f3j bazyliki na okres paschalny, za dary materialne dla potrzebuj\u0105cych oraz za wszelk\u0105 pomoc w przygotowaniu dekoracji i\u00a0wystroju naszej \u015bwi\u0105tyni.<\/li>\n<\/ul>\n<p><!--more--><\/p>\n<ul>\n<li>Jutro \u2013 poniedzia\u0142ek w oktawie Wielkanocy. Msze \u015awi\u0119te w naszej bazylice zostan\u0105 odprawione w\u00a0porz\u0105dku niedzielnym. Nasze jutrzejsze uczestnictwo w Eucharystii niech b\u0119dzie wyrazem naszej mi\u0142o\u015bci ku Bogu i zado\u015b\u0107uczynieniem za nasze grzechy, a zw\u0142aszcza za opuszczone Msze \u015awi\u0119te w niedziele i \u015bwi\u0119ta obowi\u0105zkowe oraz za brak nale\u017cytego skupienia podczas liturgii. Tradycj\u0105 lat ubieg\u0142ych w dniu jutrzejszym ofiarami z\u0142o\u017conymi do puszek wesprzemy katolickie uczelnie w naszej Ojczy\u017anie. Za z\u0142o\u017cone ofiary m\u00f3wimy: B\u00f3g zap\u0142a\u0107!<\/li>\n<\/ul>\n<ul>\n<li>W tym tygodniu o godz. 15.00 odprawiamy w naszej bazylice Nowenn\u0119 przed \u015awi\u0119tem Bo\u017cego Mi\u0142osierdzia. Zach\u0119camy do licznego udzia\u0142u w tym nabo\u017ce\u0144stwie.<\/li>\n<\/ul>\n<ul>\n<li>W tym tygodniu przypadaj\u0105 dni odnowy wewn\u0119trznej. W <strong>I czwartek<\/strong> po\u00a0Mszy \u015bw. wieczornej nabo\u017ce\u0144stwo Godziny \u015awi\u0119tej. W\u00a0<strong>I\u00a0pi\u0105tek<\/strong> zach\u0119camy do adoracji Naj\u015bwi\u0119tszego Sakramentu od 8.30 do 17.00, jak\u00a0r\u00f3wnie\u017c do spowiedzi i Komunii \u015bw. Spowied\u017a dla dzieci i m\u0142odzie\u017cy od\u00a0godz.\u00a016.30, a\u00a0o\u00a0godz. 17.00 Msza \u015bwi\u0119ta; w Budkach Piaseckich spowied\u017a o\u00a0godz. 16.30, a\u00a0o godz. 17.00 Msza \u015bw. W I pi\u0105tek udamy si\u0119 z pos\u0142ug\u0105 sakramentaln\u0105 do wszystkich chorych w naszej parafii. W <strong>I sobot\u0119<\/strong> w kaplicy \u2013 Sanktuarium \u015bw. Maksymiliana o\u00a0godz.\u00a09.00 b\u0119dzie Msza \u015bw. dla rycerzy Niepokalanej, potem konferencja i R\u00f3\u017caniec.\u00a0W I pi\u0105tek udamy si\u0119 z pos\u0142ug\u0105 sakramentaln\u0105 do wszystkich chorych w naszej parafii.<\/li>\n<\/ul>\n<ul>\n<li>Za tydzie\u0144 \u2013 druga niedziela wielkanocna, zwana tak\u017ce niedziel\u0105 bia\u0142\u0105 lub niedziel\u0105 Mi\u0142osierdzia Bo\u017cego. Koronka i nabo\u017ce\u0144stwo b\u0119dzie odprawione w bazylice o godz. 15.00. W tym dniu obchodzi\u0107 b\u0119dziemy \u015bwi\u0119to patronalne Caritas i\u00a0rozpoczniemy 72. Tydzie\u0144 Mi\u0142osierdzia.<\/li>\n<\/ul>\n<ul>\n<li>Parafianom i go\u015bciom przyby\u0142ym do naszego Sanktuarium \u017cyczymy, aby rado\u015b\u0107 p\u0142yn\u0105ca z\u00a0wiary w zmartwychwstanie przenika\u0142a codzienno\u015b\u0107 i by\u0142a dla ka\u017cdego niewyczerpanym \u017ar\u00f3d\u0142em nadziei, mi\u0142o\u015bci, pokoju i mi\u0142osierdzia.<\/li>\n<\/ul>\n<ul>\n<li>W tym tygodniu z naszej wsp\u00f3lnoty parafialnej odesz\u0142a do wieczno\u015bci: \u015bp.\u00a0Wiktoria Sa\u0142ajczyk l.\u00a077 z Teresina. <em>Wieczny odpoczynek racz jej da\u0107 Panie\u2026<\/em><\/li>\n<\/ul>\n","protected":false},"excerpt":{"rendered":"<p>Dzi\u015b niedziela wielkanocna Zmartwychwstania Pa\u0144skiego rozpoczynaj\u0105ca okres wielkanocny w liturgii. Pi\u0119\u0107dziesi\u0105t dni od niedzieli Zmartwychwstania do niedzieli Zes\u0142ania Ducha \u015awi\u0119tego obchodzi si\u0119 z wielk\u0105 rado\u015bci\u0105 jako jeden dzie\u0144 \u015bwi\u0105teczny, co [&hellip;]<\/p>\n","protected":false},"author":1,"featured_media":5627,"comment_status":"closed","ping_status":"open","sticky":false,"template":"","format":"standard","meta":{"footnotes":""},"categories":[1],"tags":[],"class_list":["post-5626","post","type-post","status-publish","format-standard","has-post-thumbnail","hentry","category-bez-kategorii"],"_links":{"self":[{"href":"https:\/\/parafia.niepokalanow.pl\/index.php?rest_route=\/wp\/v2\/posts\/5626","targetHints":{"allow":["GET"]}}],"collection":[{"href":"https:\/\/parafia.niepokalanow.pl\/index.php?rest_route=\/wp\/v2\/posts"}],"about":[{"href":"https:\/\/parafia.niepokalanow.pl\/index.php?rest_route=\/wp\/v2\/types\/post"}],"author":[{"embeddable":true,"href":"https:\/\/parafia.niepokalanow.pl\/index.php?rest_route=\/wp\/v2\/users\/1"}],"replies":[{"embeddable":true,"href":"https:\/\/parafia.niepokalanow.pl\/index.php?rest_route=%2Fwp%2Fv2%2Fcomments&post=5626"}],"version-history":[{"count":0,"href":"https:\/\/parafia.niepokalanow.pl\/index.php?rest_route=\/wp\/v2\/posts\/5626\/revisions"}],"wp:featuredmedia":[{"embeddable":true,"href":"https:\/\/parafia.niepokalanow.pl\/index.php?rest_route=\/wp\/v2\/media\/5627"}],"wp:attachment":[{"href":"https:\/\/parafia.niepokalanow.pl\/index.php?rest_route=%2Fwp%2Fv2%2Fmedia&parent=5626"}],"wp:term":[{"taxonomy":"category","embeddable":true,"href":"https:\/\/parafia.niepokalanow.pl\/index.php?rest_route=%2Fwp%2Fv2%2Fcategories&post=5626"},{"taxonomy":"post_tag","embeddable":true,"href":"https:\/\/parafia.niepokalanow.pl\/index.php?rest_route=%2Fwp%2Fv2%2Ftags&post=5626"}],"curies":[{"name":"wp","href":"https:\/\/api.w.org\/{rel}","templated":true}]}}