{"id":5591,"date":"2016-03-19T17:09:48","date_gmt":"2016-03-19T16:09:48","guid":{"rendered":"http:\/\/parafia.niepokalanow.pl\/?p=5591"},"modified":"2016-03-19T17:11:15","modified_gmt":"2016-03-19T16:11:15","slug":"niedziela-palmowa-czyli-meki-panskiej","status":"publish","type":"post","link":"https:\/\/parafia.niepokalanow.pl\/?p=5591","title":{"rendered":"Niedziela Palmowa czyli M\u0119ki Pa\u0144skiej"},"content":{"rendered":"<ul>\n<li>Dzi\u015b \u2013 Niedziela Palmowa czyli M\u0119ki Pa\u0144skiej, rozpoczynaj\u0105ca Wieki Tydzie\u0144 i\u00a0przypominaj\u0105ca mesja\u0144ski wjazd Chrystusa do Jerozolimy. O godz. 17.00 ostatnie nabo\u017ce\u0144stwo Gorzkich \u017bali z kazaniem pasyjnym. Serdecznie zapraszamy!<\/li>\n<\/ul>\n<ul>\n<li>Dzi\u0119kujemy dobremu Bogu za dar rekolekcji wielkopostnych, prosz\u0105c o b\u0142ogos\u0142awione owoce tego czasu. Dzi\u0119kujemy te\u017c wszystkim naszym parafianom za liczny udzia\u0142 w rekolekcjach wielkopostnych i w Drodze Krzy\u017cowej ulicami naszej parafii, za to pi\u0119kne publiczne \u015bwiadectwo naszej wiary.<\/li>\n<\/ul>\n<ul>\n<li>Wszystkim, kt\u00f3rzy z\u0142o\u017cyli ofiary na wystr\u00f3j bazyliki na czas paschalny oraz dary dla najbardziej potrzebuj\u0105cych, m\u00f3wimy z serca p\u0142yn\u0105ce: B\u00f3g zap\u0142a\u0107! W intencji wszystkich Ofiarodawc\u00f3w modli\u0107 b\u0119dziemy si\u0119 na\u00a0Mszy \u015bwi\u0119tej w\u00a0Wigili\u0119 Paschaln\u0105.<\/li>\n<\/ul>\n<ul>\n<li>Dzi\u015b od godz. 8.00 dzieci korzystaj\u0105ce z naszej parafialnej \u015bwietlicy wraz z\u00a0opiekunami b\u0119d\u0105 rozprowadzaj\u0105 w\u0142asnor\u0119cznie zrobione \u015bwi\u0105teczne ozdoby za dobrowoln\u0105 ofiar\u0119, kt\u00f3ra b\u0119dzie przeznaczona na dalsze funkcjonowanie \u015bwietlicy.<\/li>\n<\/ul>\n<ul>\n<li>W tym tygodniu na nowo b\u0119dziemy prze\u017cywa\u0107 najwa\u017cniejsze wydarzenia naszej wiary: Ustanowienie Sakramentu Eucharystii i Kap\u0142a\u0144stwa oraz M\u0119k\u0119, \u015amier\u0107 i Zmartwych\u00adwstanie Chrystusa.<\/li>\n<li><u>WIELKI CZWARTEK<\/u>: Msza Wieczerzy Pa\u0144skiej o godz. 18.00, a nast\u0119pnie przeniesienie Pana Jezusa do Ciemnicy i adoracja do godz. 22.00.<\/li>\n<li><u>WIELKI PI\u0104TEK<\/u>: Liturgia M\u0119ki Pa\u0144skiej rozpocznie si\u0119 o godz. 18.00, a po niej przenie\u00adsienie Pana Jezusa do kaplicy Grobu Pa\u0144skiego i adoracja do godz. 22.30. W Wielki Pi\u0105tek zapra\u00adszamy do indywidualnej i wsp\u00f3lnotowej adoracji Pana Jezusa w Ciemnicy. Adoracja wi\u0119kszych wsp\u00f3lnot istniej\u0105cych przy naszej parafii b\u0119dzie nast\u0119puj\u0105ca:<\/li>\n<\/ul>\n<p>11.00 \u2013 12.00\u00a0&#8211;\u00a0Schola dzieci\u0119ca, Mali Rycerze Niepokalanej i dzieci<\/p>\n<p style=\"text-align: left;\">15.00\u00a0&#8211;\u00a0Nowenna do Mi\u0142osierdzia Bo\u017cego i Gorzkie \u017bale<\/p>\n<p style=\"text-align: left;\">16.00 \u2013 17.00\u00a0&#8211;\u00a0Franciszka\u0144ski Zakon \u015awieckich<\/p>\n<p style=\"text-align: left;\">17.00 \u2013 18.00\u00a0&#8211;\u00a0Wsp\u00f3lnota \u017bywego R\u00f3\u017ca\u0144ca<\/p>\n<p style=\"text-align: left;\">Po liturgii Wielkiego Pi\u0105tku<\/p>\n<p style=\"text-align: left;\">do godz. 21.30\u00a0&#8211;\u00a0Wsp\u00f3lnota Neokatechumenatu<\/p>\n<p style=\"text-align: left;\">21.30 \u2013 22.30\u00a0&#8211;\u00a0Wsp\u00f3lnota Odnowy w Duchu \u015awi\u0119tym.<\/p>\n<p>W pi\u0105tek o godz. 12.00 przy bazylice odb\u0119dzie si\u0119 spotkanie dziewczynek ch\u0119tnych do sypania kwiatk\u00f3w podczas procesji rezurekcyjnej.<\/p>\n<ul>\n<li><u>WIELKA SOBOTA<\/u>: \u015awi\u0119cenie pokarm\u00f3w na st\u00f3\u0142 wielkanocny b\u0119dzie od godz. 8.00 do 16.00 w\u00a0bazylice. \u015awi\u0119cenie pokarm\u00f3w w\u00a0kaplicy w Budkach Piaseckich o godz. 10.00 i 11.00, a w Niepokalanowie Lasku o godz. 9.00, 10.00 i 11.00. W czasie \u015bwi\u0119cenia pokarm\u00f3w b\u0119dzie mo\u017cliwo\u015b\u0107 skorzystania z sakramentu pokuty. Od godz. 16.00 do 18.00 spowied\u017a \u015bwi\u0119ta b\u0119dzie w Sanktuarium \u015bw. Maksymiliana.<\/li>\n<li><strong>Liturgia Wigilii Paschalnej rozpocznie si\u0119 o godz. 21.00. Na liturgi\u0119 przynosimy ze\u00a0sob\u0105 \u015bwiece. Po zako\u0144czeniu Liturgii ca\u0142\u0105 noc b\u0119dzie trwa\u0142a adoracja Chrystusa Zmartwychwsta\u0142ego przy pustym grobie.\u00a0<\/strong>Zapraszamy i zach\u0119camy wiernych do licznego udzia\u0142u w Liturgii Wielkiego Tygodnia oraz do adoracji Pana Jezusa w Ciemnicy i w Grobie.<\/li>\n<\/ul>\n<ul>\n<li>W Niedziel\u0119 Zmartwychwstania Pa\u0144skiego Rezurekcja o godz. 6.00. Msza \u015bwi\u0119ta w\u00a0poranek wielkanocny sprawowana b\u0119dzie w intencji Parafian.<\/li>\n<\/ul>\n<ul>\n<li>W tym tygodniu z naszej wsp\u00f3lnoty parafialnej odeszli do wieczno\u015bci: \u015bp.\u00a0Wojciech Kwiatkowski l.\u00a063 z Teresina, oraz \u015bp. Janusz Czarnecki, 74 z Teresina. <em>Wieczny odpoczynek racz im da\u0107 Panie\u2026<\/em><\/li>\n<\/ul>\n","protected":false},"excerpt":{"rendered":"<p>Dzi\u015b \u2013 Niedziela Palmowa czyli M\u0119ki Pa\u0144skiej, rozpoczynaj\u0105ca Wieki Tydzie\u0144 i\u00a0przypominaj\u0105ca mesja\u0144ski wjazd Chrystusa do Jerozolimy. O godz. 17.00 ostatnie nabo\u017ce\u0144stwo Gorzkich \u017bali z kazaniem pasyjnym. Serdecznie zapraszamy! Dzi\u0119kujemy dobremu [&hellip;]<\/p>\n","protected":false},"author":1,"featured_media":5592,"comment_status":"closed","ping_status":"open","sticky":false,"template":"","format":"standard","meta":{"footnotes":""},"categories":[1],"tags":[],"class_list":["post-5591","post","type-post","status-publish","format-standard","has-post-thumbnail","hentry","category-bez-kategorii"],"_links":{"self":[{"href":"https:\/\/parafia.niepokalanow.pl\/index.php?rest_route=\/wp\/v2\/posts\/5591","targetHints":{"allow":["GET"]}}],"collection":[{"href":"https:\/\/parafia.niepokalanow.pl\/index.php?rest_route=\/wp\/v2\/posts"}],"about":[{"href":"https:\/\/parafia.niepokalanow.pl\/index.php?rest_route=\/wp\/v2\/types\/post"}],"author":[{"embeddable":true,"href":"https:\/\/parafia.niepokalanow.pl\/index.php?rest_route=\/wp\/v2\/users\/1"}],"replies":[{"embeddable":true,"href":"https:\/\/parafia.niepokalanow.pl\/index.php?rest_route=%2Fwp%2Fv2%2Fcomments&post=5591"}],"version-history":[{"count":0,"href":"https:\/\/parafia.niepokalanow.pl\/index.php?rest_route=\/wp\/v2\/posts\/5591\/revisions"}],"wp:featuredmedia":[{"embeddable":true,"href":"https:\/\/parafia.niepokalanow.pl\/index.php?rest_route=\/wp\/v2\/media\/5592"}],"wp:attachment":[{"href":"https:\/\/parafia.niepokalanow.pl\/index.php?rest_route=%2Fwp%2Fv2%2Fmedia&parent=5591"}],"wp:term":[{"taxonomy":"category","embeddable":true,"href":"https:\/\/parafia.niepokalanow.pl\/index.php?rest_route=%2Fwp%2Fv2%2Fcategories&post=5591"},{"taxonomy":"post_tag","embeddable":true,"href":"https:\/\/parafia.niepokalanow.pl\/index.php?rest_route=%2Fwp%2Fv2%2Ftags&post=5591"}],"curies":[{"name":"wp","href":"https:\/\/api.w.org\/{rel}","templated":true}]}}