{"id":5534,"date":"2016-03-12T15:54:37","date_gmt":"2016-03-12T14:54:37","guid":{"rendered":"http:\/\/parafia.niepokalanow.pl\/?p=5534"},"modified":"2016-03-12T16:03:51","modified_gmt":"2016-03-12T15:03:51","slug":"v-niedziela-wielkiego-postu","status":"publish","type":"post","link":"https:\/\/parafia.niepokalanow.pl\/?p=5534","title":{"rendered":"V Niedziela Wielkiego Postu"},"content":{"rendered":"<ul>\n<li>Dzi\u015b \u2013 pi\u0105ta niedziela Wielkiego Postu, nazywana niedziel\u0105 czarn\u0105, od zwyczaju zas\u0142aniania krzy\u017cy od dzi\u015b a\u017c do Wielkiego Pi\u0105tku w\u0142\u0105cznie na znak naszego smutku z powodu \u015bmierci Zbawiciela. Do tej pory w liturgii k\u0142adli\u015bmy nacisk na charakter chrzcielny i pokutny Wielkiego Postu, a w ostatnich dw\u00f3ch tygodniach tego okresu po\u0142o\u017cymy mocniejszy akcent na jego charakter pasyjny.<\/li>\n<\/ul>\n<ul>\n<li>Dzisiejsz\u0105 niedziel\u0105 rozpoczynamy w naszej parafii Rekolekcje Wielkopostne, kt\u00f3re trwa\u0107 b\u0119d\u0105 do \u015brody w\u0142\u0105cznie. Rekolekcje w tym roku g\u0142osi Tomasz Szymczak, nasz wsp\u00f3\u0142brat z\u00a0Rzymu. Nauki og\u00f3lne w dni powszednie b\u0119d\u0105 g\u0142oszone podczas Mszy \u015bwi\u0119tej o\u00a0godz. 11.00 i\u00a018.00. Po Mszy \u015bwi\u0119tej wieczornej b\u0119dzie adoracja Naj\u015bwi\u0119tszego Sakramentu, a o godz. 20.00 nauka og\u00f3lna. Spotkania rekolekcyjne dla dzieci szk\u00f3\u0142 podstawowych z Paprotni i\u00a0Teresina b\u0119d\u0105 w poniedzia\u0142ek, wtorek i \u015brod\u0119. Plany spotka\u0144 rekolekcyjnych umieszczone s\u0105 w\u00a0gablocie przed bazylik\u0105. Rekolekcje dla wiernych, kt\u00f3rzy gromadz\u0105 si\u0119 na Mszy \u015bwi\u0119tej w Budkach Piaseckich: dla doros\u0142ych o godz. 16.00. Prosimy, aby nie odk\u0142ada\u0107 spowiedzi \u015bwi\u0119tej na p\u00f3\u017aniejszy termin. Wspomagajmy si\u0119 modlitw\u0105, aby ten czas rekolekcji by\u0142 dla nas wszystkich czasem zbawiennym, pomoc\u0105 do bycia gorliwszymi wyznawcami Chrystusa i do lepszego realizowania naszego powo\u0142ania.<\/li>\n<\/ul>\n<ul>\n<li>Dzi\u015b po Mszy \u015bwi\u0119tej o godz. 11.30 w domu parafialnym odb\u0119dzie si\u0119 spotkanie rodzic\u00f3w dzieci pierwszokomunijnych.<\/li>\n<\/ul>\n<ul>\n<li>Jutro w czasie wieczornej Mszy \u015bwi\u0119tej o\u00a0godz.\u00a018.00 za przyczyn\u0105 \u015bw.\u00a0Maksymiliana modli\u0107 si\u0119 b\u0119dziemy w intencji rodzic\u00f3w i\u00a0ma\u0142\u017conk\u00f3w naszej parafii, zw\u0142aszcza tych, kt\u00f3rzy zawarli sakrament ma\u0142\u017ce\u0144stwa w\u00a0miesi\u0105cu marcu.<\/li>\n<\/ul>\n<ul>\n<li>W pi\u0105tek nabo\u017ce\u0144stwo Drogi Krzy\u017cowej odb\u0119dzie si\u0119 ulicami naszej parafii po wieczornej Mszy \u015bwi\u0119tej. Z tej racji nie b\u0119dzie Drogi Krzy\u017cowej o godz. 17.00 dla dzieci oraz spotkania ma\u0142ych rycerzy Niepokalanej. Przejdziemy nast\u0119puj\u0105cymi ulicami: M. Kolbego, Srebrn\u0105, Kra\u0144cow\u0105, Per\u0142ow\u0105, Cich\u0105, Cmentarn\u0105, o. M. Kolbego. Serdecznie zach\u0119camy do licznego udzia\u0142u oraz prosimy o\u00a0zabranie ze sob\u0105 \u015bwiec lub lampion\u00f3w.<\/li>\n<\/ul>\n<ul>\n<li>W sobot\u0119 19 marca obchodzimy uroczysto\u015b\u0107 liturgiczn\u0105 \u015bw. J\u00f3zefa \u2013 Oblubie\u0144ca NMP. Msze \u015bwi\u0119te w tym dniu zostan\u0105 odprawione jak w sobot\u0119: 6.00, 7.00, 8.00, 9.00, 10.00, 11.00 i\u00a018.00 (w Sanktuarium \u015bw. Maksymiliana). W\u00a0naszej modlitwie pami\u0119tajmy o m\u0119\u017cczyznach i ojcach, kt\u00f3rym patronuje \u015bw. J\u00f3zef.<\/li>\n<\/ul>\n<ul>\n<li>W tym dniu o godz. 9.00 w Sanktuarium \u015bw. Maksymiliana odb\u0119dzie si\u0119 r\u00f3wnie\u017c Msza \u015bwi\u0119ta w intencji Radia Maryja, telewizji Trwam i naszej Ojczyzny.<\/li>\n<\/ul>\n<ul>\n<li>Za tydzie\u0144 w niedziel\u0119 po Mszy \u015bwi\u0119tej o godz. 10.00 w Domu Parafialnym odb\u0119dzie si\u0119 spotkanie Wsp\u00f3lnoty \u017bywego R\u00f3\u017ca\u0144ca.<\/li>\n<\/ul>\n<ul>\n<li>Przy o\u0142tarzu \u015bw.\u00a0Antoniego jest wystawiony kosz parafialnego zespo\u0142u Caritas, gdzie mo\u017cemy sk\u0142ada\u0107 produkty spo\u017cywcze i chemiczne dla najbardziej potrzebuj\u0105cych, za\u015b ofiary na kwiaty do Grobu Pa\u0144skiego i wystr\u00f3j bazyliki na okres paschalny mo\u017cna sk\u0142ada\u0107 do oznaczonej puszki przy wyj\u015bciu z\u00a0bazyliki. W intencji wszystkich Ofiarodawc\u00f3w modli\u0107 b\u0119dziemy si\u0119 na\u00a0Mszy \u015bwi\u0119tej w\u00a0Wigili\u0119 Paschaln\u0105.<\/li>\n<\/ul>\n<ul>\n<li>Przysz\u0142a niedziela to Niedziela Palmowa i pocz\u0105tek prze\u017cywania tajemnic Wielkiego Tygodnia. Po\u015bwi\u0119cenie palm podczas ka\u017cdej Mszy \u015bwi\u0119tej, za\u015b uroczyste po\u015bwi\u0119cenie z\u00a0procesj\u0105 wok\u00f3\u0142 bazyliki podczas Mszy \u015bwi\u0119tej o godz. 10.00 i 11.30. Od godz. od 8.00 dzieci korzystaj\u0105ce z naszej parafialnej \u015bwietlicy wraz z\u00a0opiekunami b\u0119d\u0105 rozprowadza\u0107 w\u0142asnor\u0119cznie zrobione \u015bwi\u0105teczne ozdoby za dobrowoln\u0105 ofiar\u0119, kt\u00f3ra b\u0119dzie przeznaczona na dalsze funkcjonowanie \u015bwietlicy. Za ka\u017cd\u0105 z\u0142o\u017con\u0105 ofiar\u0119 m\u00f3wimy: B\u00f3g zap\u0142a\u0107!<\/li>\n<\/ul>\n<ul>\n<li>R\u00f3wnie\u017c w przysz\u0142\u0105 niedziel\u0119 w Hotelu Chabrowy Dworek odb\u0119dzie si\u0119 kolejna impreza wystawienniczo-promocyjna \u201eWielkanoc na Mazowszu\u201d. Szczeg\u00f3\u0142owy plan znajduje si\u0119 w\u00a0gablocie przed bazylik\u0105.<\/li>\n<\/ul>\n<ul>\n<li>W dniu 22 marca we wtorek od godz. 9.00 w przychodni lekarskiej \u201eTER-MED\u201d odb\u0119d\u0105 si\u0119 odp\u0142atne badania USG. Bli\u017csze informacje znajduj\u0105 si\u0119 w przychodni i w gablocie przed bazylik\u0105.<\/li>\n<\/ul>\n<ul>\n<li>W tym tygodniu z naszej wsp\u00f3lnoty parafialnej odeszli do wieczno\u015bci: \u015bp.\u00a0Marcin Owczarek l.\u00a029 z Teresina, Zofia Pi\u00f3rkowska l. 80 z Budek Piaseckich oraz \u015bp. Benedykt Gzula l. 62 z Serok Parceli. <em>Wieczny odpoczynek racz im da\u0107 Panie\u2026<\/em><\/li>\n<\/ul>\n","protected":false},"excerpt":{"rendered":"<p>Dzi\u015b \u2013 pi\u0105ta niedziela Wielkiego Postu, nazywana niedziel\u0105 czarn\u0105, od zwyczaju zas\u0142aniania krzy\u017cy od dzi\u015b a\u017c do Wielkiego Pi\u0105tku w\u0142\u0105cznie na znak naszego smutku z powodu \u015bmierci Zbawiciela. Do tej [&hellip;]<\/p>\n","protected":false},"author":1,"featured_media":5535,"comment_status":"closed","ping_status":"open","sticky":false,"template":"","format":"standard","meta":{"footnotes":""},"categories":[1],"tags":[],"class_list":["post-5534","post","type-post","status-publish","format-standard","has-post-thumbnail","hentry","category-bez-kategorii"],"_links":{"self":[{"href":"https:\/\/parafia.niepokalanow.pl\/index.php?rest_route=\/wp\/v2\/posts\/5534","targetHints":{"allow":["GET"]}}],"collection":[{"href":"https:\/\/parafia.niepokalanow.pl\/index.php?rest_route=\/wp\/v2\/posts"}],"about":[{"href":"https:\/\/parafia.niepokalanow.pl\/index.php?rest_route=\/wp\/v2\/types\/post"}],"author":[{"embeddable":true,"href":"https:\/\/parafia.niepokalanow.pl\/index.php?rest_route=\/wp\/v2\/users\/1"}],"replies":[{"embeddable":true,"href":"https:\/\/parafia.niepokalanow.pl\/index.php?rest_route=%2Fwp%2Fv2%2Fcomments&post=5534"}],"version-history":[{"count":0,"href":"https:\/\/parafia.niepokalanow.pl\/index.php?rest_route=\/wp\/v2\/posts\/5534\/revisions"}],"wp:featuredmedia":[{"embeddable":true,"href":"https:\/\/parafia.niepokalanow.pl\/index.php?rest_route=\/wp\/v2\/media\/5535"}],"wp:attachment":[{"href":"https:\/\/parafia.niepokalanow.pl\/index.php?rest_route=%2Fwp%2Fv2%2Fmedia&parent=5534"}],"wp:term":[{"taxonomy":"category","embeddable":true,"href":"https:\/\/parafia.niepokalanow.pl\/index.php?rest_route=%2Fwp%2Fv2%2Fcategories&post=5534"},{"taxonomy":"post_tag","embeddable":true,"href":"https:\/\/parafia.niepokalanow.pl\/index.php?rest_route=%2Fwp%2Fv2%2Ftags&post=5534"}],"curies":[{"name":"wp","href":"https:\/\/api.w.org\/{rel}","templated":true}]}}