{"id":5517,"date":"2016-03-08T21:56:46","date_gmt":"2016-03-08T20:56:46","guid":{"rendered":"http:\/\/parafia.niepokalanow.pl\/?p=5517"},"modified":"2016-03-12T16:07:06","modified_gmt":"2016-03-12T15:07:06","slug":"rekolekcje-dla-mlodziezy-gimnazjalnej","status":"publish","type":"post","link":"https:\/\/parafia.niepokalanow.pl\/?p=5517","title":{"rendered":"Rekolekcje dla m\u0142odzie\u017cy gimnazjalnej"},"content":{"rendered":"<p style=\"text-align: center;\"><strong>REKOLEKCJE WIELKOPOSTNE<\/strong><\/p>\n<p style=\"text-align: center;\"><strong>GIMNAZJUM <\/strong><\/p>\n<p style=\"text-align: center;\"><strong>9-11 MARCA 2016 r.<\/strong><\/p>\n<p><strong>\u015aRODA 9 marca 2016 r.<\/strong><\/p>\n<p>I Grupa kl.1abcd;2a;wszyscy uczniowie doje\u017cd\u017caj\u0105cy<\/p>\n<p>8.30 \u2013 Pantomima i katecheza (dom parafialny)<\/p>\n<p>9.30 \u2013 koncert zespo\u0142u \u201eTestimonium\u201d(sala \u015bw. Bonawentury)<\/p>\n<p>II Grupa kl.2bcde; 3abcde\/bez ucz.doje\u017cd\u017caj\u0105cych\/<\/p>\n<p>8.30 \u2013 koncert zespo\u0142u Testimonium\u201d(sala \u015bw. Bonawentury)<\/p>\n<p>9.30 \u2013 Pantomima i katecheza (dom parafialny)<\/p>\n<p>&nbsp;<\/p>\n<p>&nbsp;<\/p>\n<p><strong>CZWARTEK 10 marca 2016 r.<\/strong><\/p>\n<p>8.00 \u2013 Katecheza wprowadzaj\u0105ca<\/p>\n<p>film \u201eCzy naprawd\u0119 wierzysz?\u201d (sala w szkole) &#8211; I Grupa\/JAK WY\u017bEJ<\/p>\n<p>10.00 \u2013 \u015awiadectwo (hala) \u2013 wszyscy<\/p>\n<p>11.00 \u2013 Katecheza wprowadzaj\u0105ca<\/p>\n<p>film \u201eCzy naprawd\u0119 wierzysz?\u201d (sala w szkole) &#8211; II Grupa\/JAK WY\u017bEJ<\/p>\n<p>&nbsp;<\/p>\n<p><strong>PI\u0104TEK 11 marca 2016 r.<\/strong><\/p>\n<p>9.30 \u2013 Droga krzy\u017cowa (bazylika)<\/p>\n<p>10.00 \u2013 konferencja i spowied\u017a<\/p>\n<p>przygotowanie do Eucharystii (nauka \u015bpiewu)<\/p>\n<p>11.00 \u2013 Msza \u015bwi\u0119ta<\/p>\n","protected":false},"excerpt":{"rendered":"<p>REKOLEKCJE WIELKOPOSTNE GIMNAZJUM 9-11 MARCA 2016 r. \u015aRODA 9 marca 2016 r. I Grupa kl.1abcd;2a;wszyscy uczniowie doje\u017cd\u017caj\u0105cy 8.30 \u2013 Pantomima i katecheza (dom parafialny) 9.30 \u2013 koncert zespo\u0142u \u201eTestimonium\u201d(sala \u015bw. [&hellip;]<\/p>\n","protected":false},"author":1,"featured_media":3990,"comment_status":"closed","ping_status":"open","sticky":false,"template":"","format":"standard","meta":{"footnotes":""},"categories":[1],"tags":[],"class_list":["post-5517","post","type-post","status-publish","format-standard","has-post-thumbnail","hentry","category-bez-kategorii"],"_links":{"self":[{"href":"https:\/\/parafia.niepokalanow.pl\/index.php?rest_route=\/wp\/v2\/posts\/5517","targetHints":{"allow":["GET"]}}],"collection":[{"href":"https:\/\/parafia.niepokalanow.pl\/index.php?rest_route=\/wp\/v2\/posts"}],"about":[{"href":"https:\/\/parafia.niepokalanow.pl\/index.php?rest_route=\/wp\/v2\/types\/post"}],"author":[{"embeddable":true,"href":"https:\/\/parafia.niepokalanow.pl\/index.php?rest_route=\/wp\/v2\/users\/1"}],"replies":[{"embeddable":true,"href":"https:\/\/parafia.niepokalanow.pl\/index.php?rest_route=%2Fwp%2Fv2%2Fcomments&post=5517"}],"version-history":[{"count":0,"href":"https:\/\/parafia.niepokalanow.pl\/index.php?rest_route=\/wp\/v2\/posts\/5517\/revisions"}],"wp:featuredmedia":[{"embeddable":true,"href":"https:\/\/parafia.niepokalanow.pl\/index.php?rest_route=\/wp\/v2\/media\/3990"}],"wp:attachment":[{"href":"https:\/\/parafia.niepokalanow.pl\/index.php?rest_route=%2Fwp%2Fv2%2Fmedia&parent=5517"}],"wp:term":[{"taxonomy":"category","embeddable":true,"href":"https:\/\/parafia.niepokalanow.pl\/index.php?rest_route=%2Fwp%2Fv2%2Fcategories&post=5517"},{"taxonomy":"post_tag","embeddable":true,"href":"https:\/\/parafia.niepokalanow.pl\/index.php?rest_route=%2Fwp%2Fv2%2Ftags&post=5517"}],"curies":[{"name":"wp","href":"https:\/\/api.w.org\/{rel}","templated":true}]}}