{"id":5504,"date":"2016-03-06T06:56:19","date_gmt":"2016-03-06T05:56:19","guid":{"rendered":"http:\/\/parafia.niepokalanow.pl\/?p=5504"},"modified":"2016-03-12T16:08:24","modified_gmt":"2016-03-12T15:08:24","slug":"iv-niedziela-wielkiego-postu","status":"publish","type":"post","link":"https:\/\/parafia.niepokalanow.pl\/?p=5504","title":{"rendered":"IV Niedziela Wielkiego Postu"},"content":{"rendered":"<ul>\n<li>Dzi\u015b \u2013 czwarta niedziela Wielkiego Postu, nazywana niedziel\u0105 rado\u015bci, od pierwszych s\u0142\u00f3w antyfony mszalnej na wej\u015bcie: \u201eRaduj si\u0119, Jerozolimo\u201d. Powodem tej rado\u015bci wyra\u017conej we wspomnianych wy\u017cej s\u0142owach, a tak\u017ce w r\u00f3\u017cowym kolorze szat liturgicznych, jest zbawienie w Chrystusie. Uczy\u0144my wszystko, aby z niego w pe\u0142ni skorzysta\u0107.<\/li>\n<li>Nabo\u017ce\u0144stwa wielkopostne w naszej bazylice: Gorzkie \u017bale w niedziel\u0119 o godz.17.00, Droga Krzy\u017cowa w\u00a0pi\u0105tek o godz. 17.00 dla dzieci i ok. godz. 18.30 dla m\u0142odzie\u017cy i doros\u0142ych; Msze \u015bw. z jutrzni\u0105 w dni powszednie o godz. 6.00. W Budkach Piaseckich Gorzkie \u017bale w\u00a0niedziel\u0119 o 9.30, a\u00a0Droga Krzy\u017cowa w pi\u0105tek o 17.00<\/li>\n<li>Dzi\u0119kujemy wszystkim, kt\u00f3rzy trwali na adoracji przed Panem z racji akcji \u201e24 godziny dla Pana\u201d. Niech Jezus sam b\u0119dzie nagrod\u0105.<\/li>\n<\/ul>\n<p><!--more--><\/p>\n<ul>\n<li>Przy o\u0142tarzu \u015bw.\u00a0Antoniego jest wystawiony kosz parafialnego zespo\u0142u Caritas, gdzie mo\u017cemy sk\u0142ada\u0107 produkty spo\u017cywcze i chemiczne dla najbardziej potrzebuj\u0105cych, za\u015b ofiary na kwiaty do Grobu Pa\u0144skiego i wystr\u00f3j bazyliki na okres paschalny mo\u017cna sk\u0142ada\u0107 do oznaczonej puszki przy wyj\u015bciu z\u00a0bazyliki. W intencji wszystkich Ofiarodawc\u00f3w modli\u0107 b\u0119dziemy si\u0119 na\u00a0Mszy \u015bwi\u0119tej w\u00a0Wigili\u0119 Paschaln\u0105<\/li>\n<li>Dzi\u015b podczas Mszy \u015bwi\u0119tej o godz. 16.00 modli\u0107 si\u0119 b\u0119dziemy w\u00a0intencji naszej Ojczyzny.<\/li>\n<li>We wtorek przypada Dzie\u0144 Kobiet. Wszystkim niewiastom \u017cyczymy, by na wz\u00f3r Maryi \u2013 najpi\u0119kniejszej z niewiast \u2013 prze\u017cywa\u0142y swoje powo\u0142anie i wybranie. W swoich modlitwach polecajmy je Bogu.<\/li>\n<li>W sobot\u0119 odb\u0119dzie si\u0119 Nocna pielgrzymka z Miedniewic do Niepokalanowa oraz nocne czuwanie w bazylice. Msza \u015bw. poranna w niedziel\u0119 b\u0119dzie sprawowana o godz. 5.45.<\/li>\n<li>Ekstremalna Droga krzy\u017cowa to propozycja indywidualnych rekolekcji wielkopostnych. Chcemy zaprosi\u0107 na niepokalanowskie wydanie tego wydarzenia. Nasza droga krzy\u017cowa biegnie \u015bladem przydro\u017cnych krzy\u017cy i kapliczek. Trasa obejmuje 14 stacji, rozpoczyna i\u00a0ko\u0144czy si\u0119 przy Bazylice. Liczy ok. 12 km. Wyruszamy w pi\u0105tek, ok. godz. 19.00 sprzed Bazyliki. Wi\u0119cej informacji w gablocie oraz na ulotkach na stoliku przy wyj\u015bciu z ko\u015bcio\u0142a. Nad ranem tak\u017ce dotrze warszawska edycja EDK, wyruszaj\u0105ca z Ursusa, licz\u0105ca 36 km.<\/li>\n<li>Od 10 do 12 marca b\u0119d\u0105 si\u0119 odbywa\u0107 rekolekcje wielkopostne dla gimnazjum i szk\u00f3\u0142 ponadgimnazjalnych. Plan rekolekcji jest wywieszony w gablocie przed bazylik\u0105. W przysz\u0142\u0105 niedziel\u0119 za\u015b rozpoczniemy rekolekcje dla doros\u0142ych i dzieci. Polecamy modlitwie ojc\u00f3w rekolekcjonist\u00f3w i owoce tego \u015bwi\u0119tego czasu.<\/li>\n<li>Urz\u0105d Gminy Teresin informuje, \u017ce wnioski na \u015bwiadczenia wychowawcze z\u00a0rz\u0105dowego \u201eProgramu Rodzina 500+\u201d mo\u017cna sk\u0142ada\u0107 od 1 kwietnia. Szczeg\u00f3\u0142y znajduj\u0105 si\u0119 w og\u0142oszeniu zamieszczonym w gablocie oraz na stronie internetowej www.teresin.pl<\/li>\n<li>W tym tygodniu z naszej wsp\u00f3lnoty parafialnej odeszli do wieczno\u015bci: \u015bp.\u00a0Maria Krajewska l. 70 z Teresina Gaju i \u015bp. Stefan Zakrzewski, l. 83 z Teresina. <em>Wieczny odpoczynek racz im da\u0107 Panie\u2026<\/em><\/li>\n<\/ul>\n","protected":false},"excerpt":{"rendered":"<p>Dzi\u015b \u2013 czwarta niedziela Wielkiego Postu, nazywana niedziel\u0105 rado\u015bci, od pierwszych s\u0142\u00f3w antyfony mszalnej na wej\u015bcie: \u201eRaduj si\u0119, Jerozolimo\u201d. Powodem tej rado\u015bci wyra\u017conej we wspomnianych wy\u017cej s\u0142owach, a tak\u017ce w [&hellip;]<\/p>\n","protected":false},"author":1,"featured_media":5446,"comment_status":"closed","ping_status":"open","sticky":false,"template":"","format":"standard","meta":{"footnotes":""},"categories":[1],"tags":[],"class_list":["post-5504","post","type-post","status-publish","format-standard","has-post-thumbnail","hentry","category-bez-kategorii"],"_links":{"self":[{"href":"https:\/\/parafia.niepokalanow.pl\/index.php?rest_route=\/wp\/v2\/posts\/5504","targetHints":{"allow":["GET"]}}],"collection":[{"href":"https:\/\/parafia.niepokalanow.pl\/index.php?rest_route=\/wp\/v2\/posts"}],"about":[{"href":"https:\/\/parafia.niepokalanow.pl\/index.php?rest_route=\/wp\/v2\/types\/post"}],"author":[{"embeddable":true,"href":"https:\/\/parafia.niepokalanow.pl\/index.php?rest_route=\/wp\/v2\/users\/1"}],"replies":[{"embeddable":true,"href":"https:\/\/parafia.niepokalanow.pl\/index.php?rest_route=%2Fwp%2Fv2%2Fcomments&post=5504"}],"version-history":[{"count":0,"href":"https:\/\/parafia.niepokalanow.pl\/index.php?rest_route=\/wp\/v2\/posts\/5504\/revisions"}],"wp:featuredmedia":[{"embeddable":true,"href":"https:\/\/parafia.niepokalanow.pl\/index.php?rest_route=\/wp\/v2\/media\/5446"}],"wp:attachment":[{"href":"https:\/\/parafia.niepokalanow.pl\/index.php?rest_route=%2Fwp%2Fv2%2Fmedia&parent=5504"}],"wp:term":[{"taxonomy":"category","embeddable":true,"href":"https:\/\/parafia.niepokalanow.pl\/index.php?rest_route=%2Fwp%2Fv2%2Fcategories&post=5504"},{"taxonomy":"post_tag","embeddable":true,"href":"https:\/\/parafia.niepokalanow.pl\/index.php?rest_route=%2Fwp%2Fv2%2Ftags&post=5504"}],"curies":[{"name":"wp","href":"https:\/\/api.w.org\/{rel}","templated":true}]}}