{"id":5445,"date":"2016-02-28T00:25:38","date_gmt":"2016-02-27T23:25:38","guid":{"rendered":"http:\/\/parafia.niepokalanow.pl\/?p=5445"},"modified":"2016-03-12T16:11:30","modified_gmt":"2016-03-12T15:11:30","slug":"iii-niedziela-wielkiego-postu","status":"publish","type":"post","link":"https:\/\/parafia.niepokalanow.pl\/?p=5445","title":{"rendered":"III Niedziela Wielkiego Postu"},"content":{"rendered":"<p><a href=\"https:\/\/parafia.niepokalanow.pl\/wp-content\/uploads\/2016\/02\/images.jpg\" rel=\"attachment wp-att-5446\"><img loading=\"lazy\" decoding=\"async\" class=\"aligncenter size-full wp-image-5446\" src=\"https:\/\/parafia.niepokalanow.pl\/wp-content\/uploads\/2016\/02\/images.jpg\" alt=\"images\" width=\"424\" height=\"119\" srcset=\"https:\/\/parafia.niepokalanow.pl\/wp-content\/uploads\/2016\/02\/images.jpg 424w, https:\/\/parafia.niepokalanow.pl\/wp-content\/uploads\/2016\/02\/images-300x84.jpg 300w\" sizes=\"auto, (max-width: 424px) 100vw, 424px\" \/><\/a><\/p>\n<ul>\n<li>W tym tygodniu w liturgii Ko\u015bcio\u0142a b\u0119dziemy obchodzi\u0107:\u00a04 marca w pi\u0105tek: \u015awi\u0119to \u015bw. Kazimierza, Kr\u00f3lewicza; w\u00a0tym dniu imieniny obchodzi Ks. Kard. Kazimierz Nycz. W naszych modlitwach pami\u0119tajmy r\u00f3wnie\u017c o\u00a0naszym Arcypasterzu.<\/li>\n<\/ul>\n<ul>\n<li>Tydzie\u0144 temu obchodzili\u015bmy niedziel\u0119 \u201eAd gentes\u201d i zbierali\u015bmy ofiary do puszek na rzecz misjonarzy i ich pos\u0142ugi. Zebrali\u015bmy 2225 z\u0142. Dzi\u0119kujemy wszystkim ofiarodawcom.<\/li>\n<\/ul>\n<ul>\n<li>Nabo\u017ce\u0144stwa wielkopostne w naszej bazylice: Gorzkie \u017bale w niedziel\u0119 o godz.17.00, Droga Krzy\u017cowa w\u00a0pi\u0105tek o godz. 17.00 dla dzieci i ok. godz. 18.30 dla m\u0142odzie\u017cy i doros\u0142ych; Msze \u015bw. z jutrzni\u0105 w dni powszednie o godz. 6.00. W Budkach Piaseckich Gorzkie \u017bale w\u00a0niedziel\u0119 o 9.30, a\u00a0Droga Krzy\u017cowa w pi\u0105tek o 17.00.<\/li>\n<\/ul>\n<p><!--more--><\/p>\n<ul>\n<li>W pi\u0105tek, 4 marca, zgodnie z wol\u0105 Papie\u017ca Franciszka w ca\u0142ym Ko\u015bciele rozpoczyna si\u0119 adoracja eucharystyczna \u201e24 godziny dla Pana\u201d. W naszej kaplicy Sanktuarium \u015bw.\u00a0Maksymiliana rozpoczniemy j\u0105 o godz. 15.00 \u00a0Koronk\u0105 do Mi\u0142osierdzia Bo\u017cego i\u00a0zako\u0144czymy w sobot\u0119 o godz. 15.00. Zapraszamy wszystkich Parafian, a\u00a0szczeg\u00f3lnie Cz\u0142onk\u00f3w Wsp\u00f3lnot Parafialnych do tego czuwania, uczy\u0144my wszystko, aby w\u00a0godzinach nocnych Chrystus Eucharystyczny nie by\u0142 sam. Ofiarujmy nasz\u0105 modlitw\u0119 o dobre owoce rekolekcji parafialnych. Zach\u0119camy do wpisywania na list\u0119 czuwania, kt\u00f3ra jest w zakrystii po 4 osoby co p\u00f3\u0142 godziny.<\/li>\n<\/ul>\n<ul>\n<li>Dzi\u015b o godz. 18.00 zapraszamy na Eucharysti\u0119, kt\u00f3ra b\u0119dzie sprawowana\u00a0o beatyfikacj\u0119 S\u0142ugi Bo\u017cego Stefana Kardyna\u0142a Wyszy\u0144skiego. Po Mszy \u015bwi\u0119tej b\u0119dzie modlitwa o uzdrowienie przed Naj\u015bwi\u0119tszym Sakramentem.<\/li>\n<\/ul>\n<ul>\n<li>W tym tygodniu przypadaj\u0105 dni odnowy wewn\u0119trznej. W <strong>I czwartek<\/strong> po\u00a0Mszy \u015bw. wieczornej nabo\u017ce\u0144stwo Godziny \u015awi\u0119tej. W\u00a0<strong>I\u00a0pi\u0105tek<\/strong> zach\u0119camy do adoracji Naj\u015bwi\u0119tszego Sakramentu od 8.30 do 15.00, jak\u00a0r\u00f3wnie\u017c do spowiedzi i Komunii \u015bw. Spowied\u017a dla dzieci i m\u0142odzie\u017cy od\u00a0godz.\u00a016.30, a\u00a0o\u00a0godz. 17.00 Droga Krzy\u017cowa z Komuni\u0105 \u015bwi\u0119t\u0105; w Budkach Piaseckich spowied\u017a o\u00a0godz. 16.30, a\u00a0o\u00a0godz. 17.00 Droga krzy\u017cowa z komuni\u0105 \u015bw. W I pi\u0105tek udamy si\u0119 z pos\u0142ug\u0105 sakramentaln\u0105 do wszystkich chorych w naszej parafii. W <strong>I sobot\u0119<\/strong> Msza \u015bwi\u0119ta o\u00a0Niepokalanym Sercu NMP o godz. 9.00 b\u0119dzie sprawowana wyj\u0105tkowo w bazylice z racji adoracji w kaplicy, a po Mszy \u015bw. o godz. 11.00 w bazylice r\u00f3\u017caniec wynagradzaj\u0105cy.<\/li>\n<\/ul>\n<ul>\n<li>Przy o\u0142tarzu \u015bw.\u00a0Antoniego jest wystawiony kosz parafialnego zespo\u0142u Caritas, gdzie mo\u017cemy sk\u0142ada\u0107 produkty spo\u017cywcze i chemiczne dla najbardziej potrzebuj\u0105cych, za\u015b ofiary na kwiaty do Grobu Pa\u0144skiego i wystr\u00f3j bazyliki na okres paschalny mo\u017cna sk\u0142ada\u0107 do oznaczonej puszki przy wyj\u015bciu z\u00a0bazyliki. W intencji wszystkich Ofiarodawc\u00f3w modli\u0107 b\u0119dziemy si\u0119 na\u00a0Mszy \u015bwi\u0119tej w\u00a0Wigili\u0119 Paschaln\u0105.<\/li>\n<\/ul>\n<ul>\n<li>W przysz\u0142\u0105 niedziel\u0119 podczas Mszy \u015bwi\u0119tej o godz. 16.00 modli\u0107 si\u0119 b\u0119dziemy w\u00a0intencji naszej Ojczyzny.<\/li>\n<\/ul>\n<ul>\n<li>W tym tygodniu z naszej wsp\u00f3lnoty parafialnej odeszli do wieczno\u015bci: \u015bp. br. Tymoteusz Mucha l.\u00a092 z naszego klasztoru i \u015bp. Stanis\u0142aw Brodecki l. 76 z Teresina. <em>Wieczny odpoczynek racz im da\u0107 Panie\u2026<\/em><\/li>\n<\/ul>\n","protected":false},"excerpt":{"rendered":"<p>W tym tygodniu w liturgii Ko\u015bcio\u0142a b\u0119dziemy obchodzi\u0107:\u00a04 marca w pi\u0105tek: \u015awi\u0119to \u015bw. Kazimierza, Kr\u00f3lewicza; w\u00a0tym dniu imieniny obchodzi Ks. Kard. Kazimierz Nycz. W naszych modlitwach pami\u0119tajmy r\u00f3wnie\u017c o\u00a0naszym Arcypasterzu. [&hellip;]<\/p>\n","protected":false},"author":1,"featured_media":5446,"comment_status":"closed","ping_status":"open","sticky":false,"template":"","format":"standard","meta":{"footnotes":""},"categories":[1],"tags":[],"class_list":["post-5445","post","type-post","status-publish","format-standard","has-post-thumbnail","hentry","category-bez-kategorii"],"_links":{"self":[{"href":"https:\/\/parafia.niepokalanow.pl\/index.php?rest_route=\/wp\/v2\/posts\/5445","targetHints":{"allow":["GET"]}}],"collection":[{"href":"https:\/\/parafia.niepokalanow.pl\/index.php?rest_route=\/wp\/v2\/posts"}],"about":[{"href":"https:\/\/parafia.niepokalanow.pl\/index.php?rest_route=\/wp\/v2\/types\/post"}],"author":[{"embeddable":true,"href":"https:\/\/parafia.niepokalanow.pl\/index.php?rest_route=\/wp\/v2\/users\/1"}],"replies":[{"embeddable":true,"href":"https:\/\/parafia.niepokalanow.pl\/index.php?rest_route=%2Fwp%2Fv2%2Fcomments&post=5445"}],"version-history":[{"count":0,"href":"https:\/\/parafia.niepokalanow.pl\/index.php?rest_route=\/wp\/v2\/posts\/5445\/revisions"}],"wp:featuredmedia":[{"embeddable":true,"href":"https:\/\/parafia.niepokalanow.pl\/index.php?rest_route=\/wp\/v2\/media\/5446"}],"wp:attachment":[{"href":"https:\/\/parafia.niepokalanow.pl\/index.php?rest_route=%2Fwp%2Fv2%2Fmedia&parent=5445"}],"wp:term":[{"taxonomy":"category","embeddable":true,"href":"https:\/\/parafia.niepokalanow.pl\/index.php?rest_route=%2Fwp%2Fv2%2Fcategories&post=5445"},{"taxonomy":"post_tag","embeddable":true,"href":"https:\/\/parafia.niepokalanow.pl\/index.php?rest_route=%2Fwp%2Fv2%2Ftags&post=5445"}],"curies":[{"name":"wp","href":"https:\/\/api.w.org\/{rel}","templated":true}]}}