{"id":5422,"date":"2016-02-20T15:27:15","date_gmt":"2016-02-20T14:27:15","guid":{"rendered":"http:\/\/parafia.niepokalanow.pl\/?p=5422"},"modified":"2016-02-20T15:39:27","modified_gmt":"2016-02-20T14:39:27","slug":"ii-niedziela-wielkiego-postu","status":"publish","type":"post","link":"https:\/\/parafia.niepokalanow.pl\/?p=5422","title":{"rendered":"II Niedziela Wielkiego Postu"},"content":{"rendered":"<p><a href=\"https:\/\/parafia.niepokalanow.pl\/wp-content\/uploads\/2016\/02\/transfig06.jpg\" rel=\"attachment wp-att-5423\"><img loading=\"lazy\" decoding=\"async\" class=\"alignleft wp-image-5423 size-full\" src=\"https:\/\/parafia.niepokalanow.pl\/wp-content\/uploads\/2016\/02\/transfig06-e1455978409939.jpg\" alt=\"transfig06\" width=\"150\" height=\"215\" \/><\/a><\/p>\n<ul>\n<li>W tym tygodniu w liturgii Ko\u015bcio\u0142a b\u0119dziemy obchodzi\u0107:22 lutego w poniedzia\u0142ek \u2013 \u015awi\u0119to Katedry \u015bw. Piotra, Aposto\u0142a.<\/li>\n<\/ul>\n<ul>\n<li>Dzisiejsz\u0105 niedziel\u0119 nazywamy niedziel\u0105 Przemienienia Pa\u0144skiego, kt\u00f3ra jednocze\u015bnie jest niedziel\u0105 \u201eAd Gentes\u201d. Jest to Dzie\u0144 Modlitwy, Postu i Solidarno\u015bci z\u00a0misjonarzami. Po\u00a0ka\u017cdej Mszy \u015bw. ofiarami do puszek mo\u017cemy wesprze\u0107 misjonarzy i ich pos\u0142ug\u0119 ewangelizacyjn\u0105, charytatywn\u0105, medyczn\u0105 i edukacyjn\u0105.<\/li>\n<\/ul>\n<ul>\n<li>Zach\u0119camy do uczestnictwa w Gorzkich \u017balach w niedziel\u0119 o godz.17.00 i Drodze Krzy\u017cowej w\u00a0pi\u0105tek o godz. 17.00 dla dzieci i ok. godz. 18.30 dla m\u0142odzie\u017cy i doros\u0142ych oraz do spe\u0142niania innych czyn\u00f3w pokutnych, by nie zmarnowa\u0107 czasu \u0142aski, jakim jest Wielki Post. Zapraszamy r\u00f3wnie\u017c na Msze \u015bw. po\u0142\u0105czone z jutrzni\u0105 \u2013 brewiarzow\u0105 modlitw\u0105 Ko\u015bcio\u0142a, przez dni powszednie o godz. 6.00. W Budkach Piaseckich Gorzkie \u017bale w niedziel\u0119 o 9.30, a\u00a0Droga Krzy\u017cowa w pi\u0105tek o 17.00.<\/li>\n<\/ul>\n<p><!--more--><\/p>\n<ul>\n<li>W przedsionku bazyliki mo\u017cna nabywa\u0107 \u015bwiece Caritas na st\u00f3\u0142 wielkanocny. Uzyskane 2 z\u0142 od\u00a0ka\u017cdej \u015bwiecy b\u0119d\u0105 przeznaczone na potrzeby naszego parafialnego Zespo\u0142u.<\/li>\n<\/ul>\n<ul>\n<li>Zapraszamy m\u0142odzie\u017c (od 15 r. \u017cycia), student\u00f3w zainteresowanych wolontariatem do udzia\u0142u w\u00a0prowadzeniu naszej parafialnej kawiarenki \u201eZau\u0142ek Anio\u0142\u00f3w\u201d. Spotkanie wolontariackie odb\u0119dzie si\u0119 w pi\u0105tek o godz. 19:30 w kawiarence w \u201eKwadracie\u201d.<\/li>\n<\/ul>\n<ul>\n<li>Spotkanie Ko\u0142a Przyjaci\u00f3\u0142 Radia Maryja odb\u0119dzie si\u0119 w sobot\u0119 27 lutego w Sanktuarium \u015bw.\u00a0Maksymiliana. O godz. 9.00 b\u0119dzie sprawowana Msza \u015bw. w intencji Radia Maryja, Telewizji Trwam i naszej Ojczyzny. Serdecznie zapraszamy.<\/li>\n<\/ul>\n<ul>\n<li>W przysz\u0142\u0105 niedziel\u0119 zapraszamy rodziny przyjmuj\u0105ce pielgrzym\u00f3w \u015aDM na Msz\u0119 \u015bw. o\u00a0godz. 10.00 podczas, kt\u00f3rej b\u0119dziemy modli\u0107 si\u0119 o owocne przygotowanie spotkania m\u0142odych z ca\u0142ego \u015bwiata. Po Mszy \u015bw. b\u0119dzie spotkanie w sali Domu Parafialnego.<\/li>\n<\/ul>\n<ul>\n<li>R\u00f3wnie\u017c w tym dniu o godz. 18.00 zapraszamy na Eucharysti\u0119, kt\u00f3ra b\u0119dzie sprawowana\u00a0o beatyfikacj\u0119 S\u0142ugi Bo\u017cego Stefana Kardyna\u0142a Wyszy\u0144skiego. Po Mszy \u015bwi\u0119tej b\u0119dzie modlitwa o uzdrowienie przed Naj\u015bwi\u0119tszym Sakramentem.<\/li>\n<\/ul>\n<ul>\n<li>Z okazji Narodowego Dnia Pami\u0119ci w przysz\u0142a niedziel\u0119 28 lutego na Mszy \u015bw. o godz. 10.00 b\u0119dziemy modli\u0107 si\u0119 w intencji \u201e\u017bo\u0142nierzy Wykl\u0119tych\u201d. Po Mszy \u015bw. o godz. 11.00 w Sali \u015bw.\u00a0Bonawentury zapraszamy na film historyczny: \u201ePilecki\u201d, o bohaterskim rotmistrzu, ochotniku do Auschwitz, rozstrzelanym w 1948 roku przez komunist\u00f3w. Wst\u0119p wolny.<\/li>\n<\/ul>\n<ul>\n<li>Darem wielkopostnego okresu i wyrazem naszej mi\u0142o\u015bci wzgl\u0119dem bli\u017anich niech b\u0119d\u0105 r\u00f3wnie\u017c z\u0142o\u017cone produkty spo\u017cywcze i chemiczne dla najbardziej potrzebuj\u0105cych. Kosze na\u00a0te produkty b\u0119d\u0105 wystawione przy o\u0142tarzu \u015bw.\u00a0Antoniego. Rozdzielaniem tych dar\u00f3w zajmie si\u0119 nasz parafialny Caritas. Za ka\u017cdy dar z\u0142o\u017cony z serca m\u00f3wimy: B\u00f3g zap\u0142a\u0107!<\/li>\n<\/ul>\n<ul>\n<li>Ofiary na kwiaty do Grobu Pa\u0144skiego mo\u017cna sk\u0142ada\u0107 do puszki przy wyj\u015bciu z\u00a0bazyliki.\u00a0W intencji wszystkich Ofiarodawc\u00f3w modli\u0107 b\u0119dziemy si\u0119 na Mszy \u015bwi\u0119tej w\u00a0Wigili\u0119 Paschaln\u0105.<\/li>\n<\/ul>\n<ul>\n<li>Za tydzie\u0144 w niedziel\u0119 jest organizowana zbi\u00f3rka krwi dla chorego na bia\u0142aczk\u0119 Kamila Gawrzydka, mieszka\u0144ca Teresina. Ambulans b\u0119dzie podstawiony w godzinach 09.00-13.00 przy O\u015brodku Zdrowia TERMED w Teresinie.<\/li>\n<\/ul>\n<ul>\n<li>Dzi\u0119kujemy wszystkim m\u0119\u017cczyznom i m\u0142odzie\u017cy za pomoc w\u00a0rozbi\u00f3rce tzw. \u201e\u017bywej szopki\u201d. Wszystkim m\u00f3wimy z serca: B\u00f3g zap\u0142a\u0107!<\/li>\n<\/ul>\n<ul>\n<li>Pragniemy poinformowa\u0107, \u017ce 16 lutego w wieku 79 lat zmar\u0142 nasz wsp\u00f3\u0142brat o. Leon Benigny Dyczewski. Rozpocz\u0119cie uroczysto\u015bci pogrzebowych w poniedzia\u0142ek 22 lutego o\u00a0godz. 11.00 w\u00a0Sanktuarium \u015aw. Antoniego w \u0141odzi \u2013 \u0141agiewnikach.<\/li>\n<\/ul>\n<ul>\n<li>W tym tygodniu z naszej wsp\u00f3lnoty parafialnej odeszli do wieczno\u015bci: \u015bp. Marian Paluchowski, l. 78\u00a0 z Teresina i \u015bp. Ernest Ostrowski l. 21 z Granic. <em>Wieczny odpoczynek racz im da\u0107 Panie\u2026<\/em><\/li>\n<\/ul>\n","protected":false},"excerpt":{"rendered":"<p>W tym tygodniu w liturgii Ko\u015bcio\u0142a b\u0119dziemy obchodzi\u0107:22 lutego w poniedzia\u0142ek \u2013 \u015awi\u0119to Katedry \u015bw. Piotra, Aposto\u0142a. Dzisiejsz\u0105 niedziel\u0119 nazywamy niedziel\u0105 Przemienienia Pa\u0144skiego, kt\u00f3ra jednocze\u015bnie jest niedziel\u0105 \u201eAd Gentes\u201d. Jest [&hellip;]<\/p>\n","protected":false},"author":1,"featured_media":0,"comment_status":"closed","ping_status":"open","sticky":false,"template":"","format":"standard","meta":{"footnotes":""},"categories":[1],"tags":[],"class_list":["post-5422","post","type-post","status-publish","format-standard","hentry","category-bez-kategorii"],"_links":{"self":[{"href":"https:\/\/parafia.niepokalanow.pl\/index.php?rest_route=\/wp\/v2\/posts\/5422","targetHints":{"allow":["GET"]}}],"collection":[{"href":"https:\/\/parafia.niepokalanow.pl\/index.php?rest_route=\/wp\/v2\/posts"}],"about":[{"href":"https:\/\/parafia.niepokalanow.pl\/index.php?rest_route=\/wp\/v2\/types\/post"}],"author":[{"embeddable":true,"href":"https:\/\/parafia.niepokalanow.pl\/index.php?rest_route=\/wp\/v2\/users\/1"}],"replies":[{"embeddable":true,"href":"https:\/\/parafia.niepokalanow.pl\/index.php?rest_route=%2Fwp%2Fv2%2Fcomments&post=5422"}],"version-history":[{"count":0,"href":"https:\/\/parafia.niepokalanow.pl\/index.php?rest_route=\/wp\/v2\/posts\/5422\/revisions"}],"wp:attachment":[{"href":"https:\/\/parafia.niepokalanow.pl\/index.php?rest_route=%2Fwp%2Fv2%2Fmedia&parent=5422"}],"wp:term":[{"taxonomy":"category","embeddable":true,"href":"https:\/\/parafia.niepokalanow.pl\/index.php?rest_route=%2Fwp%2Fv2%2Fcategories&post=5422"},{"taxonomy":"post_tag","embeddable":true,"href":"https:\/\/parafia.niepokalanow.pl\/index.php?rest_route=%2Fwp%2Fv2%2Ftags&post=5422"}],"curies":[{"name":"wp","href":"https:\/\/api.w.org\/{rel}","templated":true}]}}