{"id":4206,"date":"2015-11-22T10:03:03","date_gmt":"2015-11-22T09:03:03","guid":{"rendered":"http:\/\/serwer1310789.home.pl\/parafia\/?p=4206"},"modified":"2015-11-22T10:09:01","modified_gmt":"2015-11-22T09:09:01","slug":"xxxiv-niedziela-w-ciagu-roku-uroczystosc-jezusa-chrystusa-krola-wszechswiata","status":"publish","type":"post","link":"https:\/\/parafia.niepokalanow.pl\/?p=4206","title":{"rendered":"XXXIV Niedziela w ci\u0105gu roku &#8211; uroczysto\u015b\u0107 Jezusa Chrystusa Kr\u00f3la Wszech\u015bwiata"},"content":{"rendered":"<section class=\"av_textblock_section \"  itemscope=\"itemscope\" itemtype=\"https:\/\/schema.org\/BlogPosting\" itemprop=\"blogPost\" ><div class='avia_textblock  '   itemprop=\"text\" ><p><img loading=\"lazy\" decoding=\"async\" class=\"aligncenter size-entry_without_sidebar wp-image-4207\" src=\"http:\/\/www.parafia.niepokalanow.plwp-content\/uploads\/2015\/11\/cristorey_19-1024x423.jpg\" alt=\"Chrystus Kr\u00f3l\" width=\"1024\" height=\"423\" \/><\/p>\n<ul>\n<li>W tym tygodniu w liturgii Ko\u015bcio\u0142a b\u0119dziemy obchodzi\u0107:\u00a024 listopada we wtorek: Wspomnienie \u015bwi\u0119tych m\u0119czennik\u00f3w Andrzeja Dung-Lac, prezbitera, i Towarzyszy;\u00a026 listopada w czwartek: Wspomnienie \u015bw. Leonarda z Porto Maurizio, prezbitera;\u00a027 listopada w pi\u0105tek: Wspomnienie \u015bw. Franciszka Antoniego Fasaniego, prezbitera oraz kolejna rocznica objawienia Cudownego Medalika.<\/li>\n<li>W przysz\u0142\u0105 niedziel\u0119 rozpoczynamy nowy rok liturgiczny \u2013 Adwent. Tego dnia r\u00f3wnie\u017c o\u00a0godz. 17.00 rozpoczynamy przygotowanie do uroczysto\u015bci odpustowej naszej parafii przez nowenn\u0119 przed Niepokalanym Pocz\u0119ciem NMP.<\/li>\n<\/ul>\n<p><!--more--><\/p>\n<ul>\n<li>Trwaj\u0105 jeszcze zapisy na wyjazd na \u015aDM w Krakowie w dniach od 29.07 do 1.08.2016 r. Przyjmujemy te\u017c zg\u0142oszenia rodzin, kt\u00f3re chcia\u0142yby go\u015bci\u0107 m\u0142odzie\u017c z innych kraj\u00f3w u siebie od 20.07 do 25.07.2016r. Zapisy w kancelarii parafialnej.<\/li>\n<li>Dzi\u015b przed bazylik\u0105 po wszystkich Mszach \u015bwi\u0119tych, s\u0105 zbierane dobrowolne ofiary do puszek na pomoc Siostrom Klaryskom.<\/li>\n<li>Za tydzie\u0144 na sumie o godz. 10.00 zostan\u0105 pob\u0142ogos\u0142awione op\u0142atki wigilijne, kt\u00f3re tradycj\u0105 lat ubieg\u0142ych od 30.11. b\u0119d\u0105 roznoszone rodzinom naszej parafii. Przedstawicieli wiosek prosimy o zg\u0142aszanie si\u0119 po op\u0142atki do kancelarii parafialnej od czwartku 26.11. Ofiary sk\u0142adane przy tej okazji b\u0119d\u0105 przeznaczone na potrzeby parafii.<\/li>\n<li>Pragniemy poinformowa\u0107, \u017ce dzi\u015b rozpocznie si\u0119 Kurs nauk przedma\u0142\u017ce\u0144skich. Spotkania odbywa\u0107 si\u0119 b\u0119d\u0105 w\u00a0niedziel\u0119 o godz. 15.00 w sali Domu Parafialnego. Zapisy odb\u0119d\u0105 si\u0119 na pierwszym spotkaniu.<\/li>\n<li>Zapraszamy na Msz\u0119 \u015bwi\u0119t\u0105 i Modlitw\u0119 o uzdrowienie przed Naj\u015bwi\u0119tszym Sakramentem w przysz\u0142\u0105 niedziel\u0119 29 listopada\u00a0 o godz. 18.00.<\/li>\n<li>Zapraszamy do naszego \u201eDobrego kina\u201d na projekcj\u0119 filmu pt.\u00a0\u201eCzy naprawd\u0119 wierzysz\u201d do sali \u015bw.\u00a0Bonawentury. Seanse odb\u0119d\u0105 si\u0119 jeszcze dzi\u015b o godz. 15.30, w sobot\u0119 28.11. o\u00a0godz. 18.00 oraz w niedziel\u0119 29.11. r\u00f3wnie\u017c o godz. 15.30. Wst\u0119p wolny.<\/li>\n<li>Za tydzie\u0144 w kaplicy \u015bw. Maksymiliana o godz. 9.00 b\u0119dzie sprawowana Msza \u015bwi\u0119ta dla Ko\u0142a Przyjaci\u00f3\u0142 Radia Maryja.<\/li>\n<li>R\u00f3wnie\u017c od przysz\u0142ej niedzieli w przedsionku bazyliki b\u0119dzie mo\u017cna nabywa\u0107 \u015bwiece Caritas na st\u00f3\u0142 wigilijny. Uzyskane 2 z\u0142 od ka\u017cdej \u015bwiecy b\u0119d\u0105 przeznaczone na potrzeby naszego parafialnego Zespo\u0142u Caritas.<\/li>\n<li>W tym tygodniu z naszej wsp\u00f3lnoty parafialnej odeszli do wieczno\u015bci: \u015bp. Seweryn Piotrowski, l. 82 z Paprotni i \u015bp. Stefan M\u0142ynarczyk, l. 87 z Paprotni. <em>Wieczny odpoczynek racz im da\u0107 Panie\u2026<\/em><\/li>\n<\/ul>\n<\/div><\/section>\n","protected":false},"excerpt":{"rendered":"<p>W tym tygodniu w liturgii Ko\u015bcio\u0142a b\u0119dziemy obchodzi\u0107:\u00a024 listopada we wtorek: Wspomnienie \u015bwi\u0119tych m\u0119czennik\u00f3w Andrzeja Dung-Lac, prezbitera, i Towarzyszy;\u00a026 listopada w czwartek: Wspomnienie \u015bw. Leonarda z Porto Maurizio, prezbitera;\u00a027 listopada [&hellip;]<\/p>\n","protected":false},"author":1,"featured_media":0,"comment_status":"closed","ping_status":"open","sticky":false,"template":"","format":"standard","meta":{"footnotes":""},"categories":[1],"tags":[],"class_list":["post-4206","post","type-post","status-publish","format-standard","hentry","category-bez-kategorii"],"_links":{"self":[{"href":"https:\/\/parafia.niepokalanow.pl\/index.php?rest_route=\/wp\/v2\/posts\/4206","targetHints":{"allow":["GET"]}}],"collection":[{"href":"https:\/\/parafia.niepokalanow.pl\/index.php?rest_route=\/wp\/v2\/posts"}],"about":[{"href":"https:\/\/parafia.niepokalanow.pl\/index.php?rest_route=\/wp\/v2\/types\/post"}],"author":[{"embeddable":true,"href":"https:\/\/parafia.niepokalanow.pl\/index.php?rest_route=\/wp\/v2\/users\/1"}],"replies":[{"embeddable":true,"href":"https:\/\/parafia.niepokalanow.pl\/index.php?rest_route=%2Fwp%2Fv2%2Fcomments&post=4206"}],"version-history":[{"count":0,"href":"https:\/\/parafia.niepokalanow.pl\/index.php?rest_route=\/wp\/v2\/posts\/4206\/revisions"}],"wp:attachment":[{"href":"https:\/\/parafia.niepokalanow.pl\/index.php?rest_route=%2Fwp%2Fv2%2Fmedia&parent=4206"}],"wp:term":[{"taxonomy":"category","embeddable":true,"href":"https:\/\/parafia.niepokalanow.pl\/index.php?rest_route=%2Fwp%2Fv2%2Fcategories&post=4206"},{"taxonomy":"post_tag","embeddable":true,"href":"https:\/\/parafia.niepokalanow.pl\/index.php?rest_route=%2Fwp%2Fv2%2Ftags&post=4206"}],"curies":[{"name":"wp","href":"https:\/\/api.w.org\/{rel}","templated":true}]}}