{"id":19558,"date":"2026-04-24T09:45:21","date_gmt":"2026-04-24T07:45:21","guid":{"rendered":"https:\/\/parafia.niepokalanow.pl\/?p=19558"},"modified":"2026-04-24T09:46:12","modified_gmt":"2026-04-24T07:46:12","slug":"iv-niedziela-wielkanocna-26-kwietnia-2026-r","status":"publish","type":"post","link":"https:\/\/parafia.niepokalanow.pl\/?p=19558","title":{"rendered":"IV Niedziela Wielkanocna 26 kwietnia 2026 r."},"content":{"rendered":"<ol>\n<li>W tym tygodniu w liturgii Ko\u015bcio\u0142a b\u0119dziemy obchodzi\u0107:<\/li>\n<\/ol>\n<ul>\n<li>W \u015brod\u0119: \u015awi\u0119to \u015bw. Katarzyny Siene\u0144skiej, dziewicy i doktora Ko\u015bcio\u0142a, patronki Europy;<\/li>\n<li>W pi\u0105tek: Wspomnienie \u015bw. J\u00f3zefa, Rzemie\u015blnika;<\/li>\n<li>W sobot\u0119: Uroczysto\u015b\u0107 NMP Kr\u00f3lowej Polski, g\u0142\u00f3wnej Patronki Polski.<\/li>\n<\/ul>\n<ol start=\"2\">\n<li>Dzi\u015b prze\u017cywamy czwart\u0105 niedziel\u0119 Wielkanocy, nazywan\u0105 niedziel\u0105 Dobrego Pasterza, kt\u00f3r\u0105 rozpoczynamy Tydzie\u0144 Modlitw o Powo\u0142ania do Kap\u0142a\u0144stwa i \u017bycia Konsekrowanego.<\/li>\n<li>Z racji Roku \u015bw. Franciszka dzi\u015b na Mszy \u015bwi\u0119tej o godz. 13.00 za\u015bpiewaj\u0105 uczestnicy Warsztat\u00f3w Muzyki Liturgicznej w Niepokalanowie pod has\u0142em: \u201ePochwalony b\u0105d\u017a\u201d. Po Mszy \u015bw. odb\u0119dzie si\u0119 koncert fina\u0142owy.<\/li>\n<li>W pi\u0105tek rozpoczynamy maj, miesi\u0105c szczeg\u00f3lnej czci Matki Bo\u017cej. Nabo\u017ce\u0144stwa majowe w naszej bazylice b\u0119d\u0105 odprawiane w niedziele o godz. 17.00, w dni powszednie po Mszy \u015bwi\u0119tej wieczornej ok. godz. 18.30. Pierwsza maj\u00f3wka b\u0119dzie po\u0142\u0105czona z procesj\u0105, dlatego zapraszamy asyst\u0119, biel i dziewczynki do sypania kwiatk\u00f3w. Zach\u0119camy do licznego udzia\u0142u w tych nabo\u017ce\u0144stwach. Prosimy tak\u017ce wiernych o przyozdobienie przydro\u017cnych krzy\u017cy i figur Matki Bo\u017cej oraz organizowanie \u015bpiewu litanii loreta\u0144skiej przy kapliczkach dla tych, kt\u00f3rzy nie mog\u0105 uczestniczy\u0107 w ko\u015bciele.<\/li>\n<li>W I pi\u0105tek spowied\u017a dla dzieci i m\u0142odzie\u017cy od godz. 16.30, nast\u0119pnie Msza \u015bwi\u0119ta. Tego dnia udamy si\u0119 z pos\u0142ug\u0105 sakramentaln\u0105 do chorych w naszej parafii.<\/li>\n<li>W tym roku Uroczysto\u015b\u0107 NMP Kr\u00f3lowej Polski zostaje przeniesiona na sobot\u0119 2 maja. Msze \u015bwi\u0119te w tym dniu b\u0119d\u0105 odprawiane o godz. 6.00, 7.00, 8.00, 9.30, 11.00 i\u00a018.00 (w sanktuarium \u015bw. Maksymiliana). Obecno\u015bci\u0105 na Mszy \u015bwi\u0119tej uczcijmy nasz\u0105 Matk\u0119 i Kr\u00f3low\u0105.<\/li>\n<li>W pi\u0105tek w kaplicy \u015bw. Maksymiliana odb\u0119dzie si\u0119 czuwanie modlitewne przed pierwsz\u0105 sobot\u0105, rozpocz\u0119cie o godz. 19:00. W sobot\u0119 spotkanie &#8222;Oddaj si\u0119 Maryi&#8221;. O 9.30 konferencja i \u015bwiadectwa w Sali \u015bw. Bonawentury, nast\u0119pnie w bazylice o 11:00 Eucharystia z zawierzeniem i nabo\u017ce\u0144stwo wynagradzaj\u0105ce oraz mo\u017cliwo\u015b\u0107 przyst\u0105pienia do MI. Naszym go\u015bciem b\u0119dzie o. Micha\u0142 Sza\u0142kowski OP, kt\u00f3ry wyg\u0142osi kazanie i konferencj\u0119 pt.: \u201e\u017bycie i duchowo\u015b\u0107 b\u0142. Pauliny Jaricot\u201d. Zako\u0144czenie Koronk\u0105 do Bo\u017cego Mi\u0142osierdzia.<\/li>\n<li>Przypominamy parafianom i tym, kt\u00f3rzy uczestnicz\u0105 w liturgii w naszej bazylice, \u017ce Msze \u015bw. wieczorne w niedziele przez ca\u0142y rok b\u0119d\u0105 o godz. 18.00.<\/li>\n<li>\u017byczeniem \u015bw. Maksymiliana by\u0142o, aby pierwsza niedziela maja by\u0142a obchodzona jako Niedziela Rycerstwa Niepokalanej. Z tej okazji w przysz\u0142\u0105 niedziel\u0119 kazania b\u0119dzie g\u0142osi\u0142 o. Miros\u0142aw Kopczewski \u2013 asystent prowincja\u0142a ds. Rycerstwa Niepokalanej. Wszelkie informacje na temat Rycerstwa w tym dniu b\u0119dzie mo\u017cna r\u00f3wnie\u017c uzyska\u0107 w O\u015brodku Rycerstwa Niepokalanej przy Informacji.<\/li>\n<li>W przysz\u0142\u0105 niedziel\u0119 po Mszy \u015bwi\u0119tej o godz. 10.00 odb\u0119dzie si\u0119 spotkanie Wsp\u00f3lnoty \u017bywego R\u00f3\u017ca\u0144ca w domu parafialnym.<\/li>\n<li>Rycerstwo Niepokalanej organizuje 30 maja spotkanie w Sanktuarium Gwiazdy Nowej Ewangelizacji i \u015bw. Jana Paw\u0142a II w Toruniu. Szczeg\u00f3\u0142y w gablocie og\u0142osze\u0144.<\/li>\n<li>Dnia 5-6 czerwca odb\u0119dzie si\u0119 w Niepokalanowie spotkanie dla Singli. Celem tego spotkania jest dialog, wzajemne inspiracje do budowania dojrza\u0142ych relacji z innymi poprzez spotkanie z samym sob\u0105 i z drugim cz\u0142owiekiem. Podczas spotkania b\u0119dzie Eucharystia, rozmowa z kap\u0142anem, warsztaty z psychoterapeut\u0105<br \/>\ni piknik. Zg\u0142oszenia przyjmuje dom rekolekcyjny w Niepokalanowie. Tel. 572 308 967, e- mail:\u00a0<a href=\"mailto:dompielgrzyma@niepokalanow.pl\">dompielgrzyma@niepokalanow.pl<\/a><\/li>\n<li>W tym tygodniu z naszej wsp\u00f3lnoty parafialnej odeszli do wieczno\u015bci: \u015bp. Henryk Dymi\u0144ski l. 68 z Teresina Gaju i \u015bp. Maria Ka\u017amierczak l. 92 z Granic. <em>Wieczny odpoczynek racz im da\u0107 Panie\u2026<\/em><\/li>\n<\/ol>\n","protected":false},"excerpt":{"rendered":"<p>W tym tygodniu w liturgii Ko\u015bcio\u0142a b\u0119dziemy obchodzi\u0107: W \u015brod\u0119: \u015awi\u0119to \u015bw. Katarzyny Siene\u0144skiej, dziewicy i doktora Ko\u015bcio\u0142a, patronki Europy; W pi\u0105tek: Wspomnienie \u015bw. J\u00f3zefa, Rzemie\u015blnika; W sobot\u0119: Uroczysto\u015b\u0107 NMP [&hellip;]<\/p>\n","protected":false},"author":2,"featured_media":19234,"comment_status":"closed","ping_status":"open","sticky":false,"template":"","format":"standard","meta":{"footnotes":""},"categories":[1],"tags":[],"class_list":["post-19558","post","type-post","status-publish","format-standard","has-post-thumbnail","hentry","category-bez-kategorii"],"_links":{"self":[{"href":"https:\/\/parafia.niepokalanow.pl\/index.php?rest_route=\/wp\/v2\/posts\/19558","targetHints":{"allow":["GET"]}}],"collection":[{"href":"https:\/\/parafia.niepokalanow.pl\/index.php?rest_route=\/wp\/v2\/posts"}],"about":[{"href":"https:\/\/parafia.niepokalanow.pl\/index.php?rest_route=\/wp\/v2\/types\/post"}],"author":[{"embeddable":true,"href":"https:\/\/parafia.niepokalanow.pl\/index.php?rest_route=\/wp\/v2\/users\/2"}],"replies":[{"embeddable":true,"href":"https:\/\/parafia.niepokalanow.pl\/index.php?rest_route=%2Fwp%2Fv2%2Fcomments&post=19558"}],"version-history":[{"count":2,"href":"https:\/\/parafia.niepokalanow.pl\/index.php?rest_route=\/wp\/v2\/posts\/19558\/revisions"}],"predecessor-version":[{"id":19560,"href":"https:\/\/parafia.niepokalanow.pl\/index.php?rest_route=\/wp\/v2\/posts\/19558\/revisions\/19560"}],"wp:featuredmedia":[{"embeddable":true,"href":"https:\/\/parafia.niepokalanow.pl\/index.php?rest_route=\/wp\/v2\/media\/19234"}],"wp:attachment":[{"href":"https:\/\/parafia.niepokalanow.pl\/index.php?rest_route=%2Fwp%2Fv2%2Fmedia&parent=19558"}],"wp:term":[{"taxonomy":"category","embeddable":true,"href":"https:\/\/parafia.niepokalanow.pl\/index.php?rest_route=%2Fwp%2Fv2%2Fcategories&post=19558"},{"taxonomy":"post_tag","embeddable":true,"href":"https:\/\/parafia.niepokalanow.pl\/index.php?rest_route=%2Fwp%2Fv2%2Ftags&post=19558"}],"curies":[{"name":"wp","href":"https:\/\/api.w.org\/{rel}","templated":true}]}}