{"id":19385,"date":"2026-01-15T11:40:27","date_gmt":"2026-01-15T10:40:27","guid":{"rendered":"https:\/\/parafia.niepokalanow.pl\/?p=19385"},"modified":"2026-01-16T09:28:29","modified_gmt":"2026-01-16T08:28:29","slug":"ii-niedziela-zwykla-18-stycznia-2026-r","status":"publish","type":"post","link":"https:\/\/parafia.niepokalanow.pl\/?p=19385","title":{"rendered":"II Niedziela zwyk\u0142a    18 stycznia 2026 r."},"content":{"rendered":"<p>1.\tW tym tygodniu w liturgii Ko\u015bcio\u0142a b\u0119dziemy obchodzi\u0107:<br \/>\n\u2022\tW poniedzia\u0142ek: Wspomnienie \u015bw. J\u00f3zefa Sebastiana Pelczara, biskupa,<br \/>\n\u2022\tW \u015brod\u0119: Wspomnienie \u015bw. Agnieszki, dziewicy;<br \/>\n\u2022\tW sobot\u0119: Wspomnienie \u015bw. Franciszka Salezego, biskupa i doktora Ko\u015bcio\u0142a;<br \/>\n2.\tW sobot\u0119 24 stycznia o godzinie 12.00 zapraszamy na wyk\u0142ad Pani doktor Aldony Ciborowskiej zatytu\u0142owany &#8222;Polacy podst\u0119pnie wprowadzani w b\u0142\u0105d &#8221; dotycz\u0105cy ideologii zr\u00f3wnowa\u017conego rozwoju oraz jej wp\u0142ywu na cywilizacj\u0119, a przede wszystkim na dzieci. Wyk\u0142ad jest otwarty dla wszystkich ch\u0119tnych i odb\u0119dzie si\u0119 w sali konferencyjnej w Domu Rekolekcyjnym \u015aw. Teresy.<br \/>\n3.\tW przysz\u0142\u0105 niedziel\u0119 podczas Mszy \u015bw. o godz. 18.00 i na nabo\u017ce\u0144stwie po Mszy \u015bw. modli\u0107 si\u0119 b\u0119dziemy o \u0142ask\u0119 uzdrowienia duszy i cia\u0142a.<br \/>\n4.\tZ racji og\u0142oszenia specjalnego roku \u015bw. Franciszka przez papie\u017ca Leona XIV, zapraszamy na nabo\u017ce\u0144stwo do \u015bw. Franciszka w ka\u017cdy poniedzia\u0142ek po mszy \u015bw. o godz. 11.00.<br \/>\n5.\tPrzy naszej parafii dzia\u0142a Grupa AA pod nazw\u0105 \u201eBezpieczna Przysta\u0144\u201d. Spotkania odbywaj\u0105 si\u0119 w ka\u017cd\u0105 niedziel\u0119 o godz. 17.30 w Domu Parafialnym. Zainteresowanych serdecznie zapraszamy.<br \/>\n6.\tW tym tygodniu z naszej wsp\u00f3lnoty parafialnej odesz\u0142a do wieczno\u015bci: \u015bp. Franciszka Paw\u0142owska, l. 94 z Serok Wsi oraz o. Henryk Tomaszewski l. 71 z naszego klasztoru, kt\u00f3rego pogrzeb odb\u0119dzie si\u0119 jutro o godz. 11.00 w naszej bazylice. Wieczny odpoczynek racz jej da\u0107 Panie\u2026<\/p>\n","protected":false},"excerpt":{"rendered":"<p>1. W tym tygodniu w liturgii Ko\u015bcio\u0142a b\u0119dziemy obchodzi\u0107: \u2022 W poniedzia\u0142ek: Wspomnienie \u015bw. J\u00f3zefa Sebastiana Pelczara, biskupa, \u2022 W \u015brod\u0119: Wspomnienie \u015bw. Agnieszki, dziewicy; \u2022 W sobot\u0119: Wspomnienie \u015bw. [&hellip;]<\/p>\n","protected":false},"author":2,"featured_media":19234,"comment_status":"closed","ping_status":"open","sticky":false,"template":"","format":"standard","meta":{"footnotes":""},"categories":[1],"tags":[],"class_list":["post-19385","post","type-post","status-publish","format-standard","has-post-thumbnail","hentry","category-bez-kategorii"],"_links":{"self":[{"href":"https:\/\/parafia.niepokalanow.pl\/index.php?rest_route=\/wp\/v2\/posts\/19385","targetHints":{"allow":["GET"]}}],"collection":[{"href":"https:\/\/parafia.niepokalanow.pl\/index.php?rest_route=\/wp\/v2\/posts"}],"about":[{"href":"https:\/\/parafia.niepokalanow.pl\/index.php?rest_route=\/wp\/v2\/types\/post"}],"author":[{"embeddable":true,"href":"https:\/\/parafia.niepokalanow.pl\/index.php?rest_route=\/wp\/v2\/users\/2"}],"replies":[{"embeddable":true,"href":"https:\/\/parafia.niepokalanow.pl\/index.php?rest_route=%2Fwp%2Fv2%2Fcomments&post=19385"}],"version-history":[{"count":0,"href":"https:\/\/parafia.niepokalanow.pl\/index.php?rest_route=\/wp\/v2\/posts\/19385\/revisions"}],"wp:featuredmedia":[{"embeddable":true,"href":"https:\/\/parafia.niepokalanow.pl\/index.php?rest_route=\/wp\/v2\/media\/19234"}],"wp:attachment":[{"href":"https:\/\/parafia.niepokalanow.pl\/index.php?rest_route=%2Fwp%2Fv2%2Fmedia&parent=19385"}],"wp:term":[{"taxonomy":"category","embeddable":true,"href":"https:\/\/parafia.niepokalanow.pl\/index.php?rest_route=%2Fwp%2Fv2%2Fcategories&post=19385"},{"taxonomy":"post_tag","embeddable":true,"href":"https:\/\/parafia.niepokalanow.pl\/index.php?rest_route=%2Fwp%2Fv2%2Ftags&post=19385"}],"curies":[{"name":"wp","href":"https:\/\/api.w.org\/{rel}","templated":true}]}}