{"id":19361,"date":"2026-01-09T10:58:39","date_gmt":"2026-01-09T09:58:39","guid":{"rendered":"https:\/\/parafia.niepokalanow.pl\/?p=19361"},"modified":"2026-01-10T18:23:18","modified_gmt":"2026-01-10T17:23:18","slug":"niedziela-chrztu-panskiego-11-stycznia-2026-r","status":"publish","type":"post","link":"https:\/\/parafia.niepokalanow.pl\/?p=19361","title":{"rendered":"Niedziela Chrztu Pa\u0144skiego 11 stycznia 2026 r."},"content":{"rendered":"<ol>\n<li>W tym tygodniu w liturgii Ko\u015bcio\u0142a b\u0119dziemy obchodzi\u0107:<\/li>\n<\/ol>\n<ul>\n<li>W pi\u0105tek: Wspomnienie \u015bwi\u0119tych Berarda i Towarzyszy, pierwszych m\u0119czennik\u00f3w franciszka\u0144skich;<\/li>\n<li>W sobot\u0119: Wspomnienie \u015bw. Antoniego, opata;<\/li>\n<\/ul>\n<ol start=\"2\">\n<li>Dzisiejsz\u0105 niedziel\u0105 Chrztu Pa\u0144skiego ko\u0144czymy liturgiczny okres Narodzenia Pa\u0144skiego. Wed\u0142ug zwyczaju w Polsce, kol\u0119dy \u015bpiewamy do \u015awi\u0119ta Ofiarowania Pa\u0144skiego, czyli Matki Bo\u017cej Gromnicznej obchodzonego 2 lutego.<\/li>\n<li><strong>Dekretem z dnia 10 stycznia 2026 r., wydanym przez Penitencjari\u0119 Apostolsk\u0105 z woli Jego \u015awi\u0105tobliwo\u015bci papie\u017ca Leona XIV, Ko\u015bci\u00f3\u0142 og\u0142osi\u0142 specjalny rok \u015bw. Franciszka, trwaj\u0105cy od 10 stycznia 2026 r. do 10 stycznia 2027 r. Przez ca\u0142y ten okres istnieje mo\u017cliwo\u015b\u0107 uzyskania odpustu zupe\u0142nego z okazji osiemsetnej rocznicy \u015bmierci \u015awi\u0119tego z Asy\u017cu.<\/strong><\/li>\n<li>Odpust zupe\u0142ny jest udzielany pod zwyk\u0142ymi warunkami \u2013 spowied\u017a sakramentalna, komunia eucharystyczna, modlitwa wed\u0142ug intencji Ojca \u015awi\u0119tego, wykluczenie jakiegokolwiek przywi\u0105zania do grzechu \u2013 i mo\u017ce by\u0107 te\u017c ofiarowany za dusze w czy\u015b\u0107cu. Mog\u0105 go otrzyma\u0107 cz\u0142onkowie rodzin franciszka\u0144skich i wsp\u00f3lnot ko\u015bcielnych inspirowanych charyzmatem \u015bw. Franciszka, a tak\u017ce wszyscy wierni, kt\u00f3rzy w ci\u0105gu roku nawiedz\u0105 w ramach pielgrzymki ko\u015bci\u00f3\u0142 franciszka\u0144ski lub miejsce kultu po\u015bwi\u0119cone \u015awi\u0119temu, uczestnicz\u0105c w obrz\u0119dach jubileuszowych lub zatrzymuj\u0105c si\u0119 na modlitw\u0119 i medytacj\u0119, ko\u0144cz\u0105c modlitw\u0105 Ojcze nasz, Wyznaniem wiary i wezwaniami do Naj\u015bwi\u0119tszej Maryi Panny, \u015bw. Franciszka, \u015bw. Klary i \u015bwi\u0119tych z rodziny franciszka\u0144skiej.\n<p>Szczeg\u00f3ln\u0105 uwag\u0119 po\u015bwi\u0119ca si\u0119 osobom starszym, chorym i tym, kt\u00f3rzy nie maj\u0105 mo\u017cliwo\u015bci opuszczenia swoich dom\u00f3w: tak\u017ce oni mog\u0105 uzyska\u0107 odpust zupe\u0142ny, \u0142\u0105cz\u0105c si\u0119 duchowo z uroczysto\u015bciami jubileuszowymi i ofiarowuj\u0105c Bogu swoje cierpienia i modlitwy.<\/li>\n<li>Za tydzie\u0144 w sobot\u0119 o godz. 9:00 w kaplicy \u015bw. Maksymiliana zapraszamy na Msz\u0119 \u015bw. w int. Ojczyzny, Radia Maryja i TV Trwam, natomiast w niedziele 18 stycznia po Mszy \u015bw. o godz.11.30 b\u0119dzie spotkanie op\u0142atkowe Ko\u0142a Radia Maryja w \u015bwietlicy domu parafialnego, na kt\u00f3re wsp\u00f3lnota serdecznie zaprasza tak\u017ce osoby, kt\u00f3re chcia\u0142yby do\u0142\u0105czy\u0107 do Ko\u0142a Przyjaci\u00f3\u0142 Radia Maryja.<\/li>\n<li>W tym tygodniu z naszej wsp\u00f3lnoty parafialnej odesz\u0142a do wieczno\u015bci: \u015bp. Jadwiga Doma\u0144ska, l.\u00a088 z Paprotni. <em>Wieczny odpoczynek racz jej da\u0107 Panie\u2026<\/em><\/li>\n<\/ol>\n","protected":false},"excerpt":{"rendered":"<p>W tym tygodniu w liturgii Ko\u015bcio\u0142a b\u0119dziemy obchodzi\u0107: W pi\u0105tek: Wspomnienie \u015bwi\u0119tych Berarda i Towarzyszy, pierwszych m\u0119czennik\u00f3w franciszka\u0144skich; W sobot\u0119: Wspomnienie \u015bw. Antoniego, opata; Dzisiejsz\u0105 niedziel\u0105 Chrztu Pa\u0144skiego ko\u0144czymy liturgiczny [&hellip;]<\/p>\n","protected":false},"author":2,"featured_media":19234,"comment_status":"closed","ping_status":"open","sticky":false,"template":"","format":"standard","meta":{"footnotes":""},"categories":[1],"tags":[],"class_list":["post-19361","post","type-post","status-publish","format-standard","has-post-thumbnail","hentry","category-bez-kategorii"],"_links":{"self":[{"href":"https:\/\/parafia.niepokalanow.pl\/index.php?rest_route=\/wp\/v2\/posts\/19361","targetHints":{"allow":["GET"]}}],"collection":[{"href":"https:\/\/parafia.niepokalanow.pl\/index.php?rest_route=\/wp\/v2\/posts"}],"about":[{"href":"https:\/\/parafia.niepokalanow.pl\/index.php?rest_route=\/wp\/v2\/types\/post"}],"author":[{"embeddable":true,"href":"https:\/\/parafia.niepokalanow.pl\/index.php?rest_route=\/wp\/v2\/users\/2"}],"replies":[{"embeddable":true,"href":"https:\/\/parafia.niepokalanow.pl\/index.php?rest_route=%2Fwp%2Fv2%2Fcomments&post=19361"}],"version-history":[{"count":0,"href":"https:\/\/parafia.niepokalanow.pl\/index.php?rest_route=\/wp\/v2\/posts\/19361\/revisions"}],"wp:featuredmedia":[{"embeddable":true,"href":"https:\/\/parafia.niepokalanow.pl\/index.php?rest_route=\/wp\/v2\/media\/19234"}],"wp:attachment":[{"href":"https:\/\/parafia.niepokalanow.pl\/index.php?rest_route=%2Fwp%2Fv2%2Fmedia&parent=19361"}],"wp:term":[{"taxonomy":"category","embeddable":true,"href":"https:\/\/parafia.niepokalanow.pl\/index.php?rest_route=%2Fwp%2Fv2%2Fcategories&post=19361"},{"taxonomy":"post_tag","embeddable":true,"href":"https:\/\/parafia.niepokalanow.pl\/index.php?rest_route=%2Fwp%2Fv2%2Ftags&post=19361"}],"curies":[{"name":"wp","href":"https:\/\/api.w.org\/{rel}","templated":true}]}}