{"id":19336,"date":"2026-01-02T11:20:31","date_gmt":"2026-01-02T10:20:31","guid":{"rendered":"https:\/\/parafia.niepokalanow.pl\/?p=19336"},"modified":"2026-01-03T17:33:50","modified_gmt":"2026-01-03T16:33:50","slug":"ii-niedziela-po-narodzeniu-panskim-4-stycznia-2026-r","status":"publish","type":"post","link":"https:\/\/parafia.niepokalanow.pl\/?p=19336","title":{"rendered":"II Niedziela po Narodzeniu Pa\u0144skim 4 stycznia 2026 r."},"content":{"rendered":"<ol>\n<li>We wtorek 6 stycznia, uroczysto\u015b\u0107 Objawienia Pa\u0144skiego, tradycyjnie zwana Uroczysto\u015bci\u0105 Trzech Kr\u00f3li. Porz\u0105dek Mszy \u015bw. b\u0119dzie niedzielny, a na ka\u017cdej Mszy \u015bw. po\u015bwi\u0119cenie kredy i kadzid\u0142a, natomiast w Szymanowie odb\u0119dzie si\u0119 Orszak Trzech Kr\u00f3li, kt\u00f3ry rozpocznie si\u0119 Msz\u0105 \u015bw. w ko\u015bciele o godz. 11.30.<\/li>\n<li>W czwartek, 8 stycznia, wspominamy 132. rocznic\u0119 urodzin i chrztu \u015bwi\u0119tego, za\u0142o\u017cyciela Niepokalanowa, Rycerstwa Niepokalanej, misjonarza Japonii i wielkiego czciciela Matki Bo\u017cej Niepokalanej, \u015bw. o. Maksymiliana Marii Kolbego.<\/li>\n<li>W sobot\u0119 odb\u0119dzie si\u0119 Nocna pielgrzymka z Miedniewic do Niepokalanowa oraz nocne czuwanie w kaplicy \u015bw. Maksymiliana. Msza \u015bwi\u0119ta poranna w niedziel\u0119 b\u0119dzie sprawowana w bazylice jak zwykle o godz. 6.00.<\/li>\n<li>Przysz\u0142a niedziela, 11 stycznia, jest Niedziel\u0105 Chrztu Pa\u0144skiego, ko\u0144cz\u0105c\u0105 okres Narodzenia Pa\u0144skiego. W tym dniu b\u0119dzie mia\u0142o miejsce spotkanie wsp\u00f3lnoty FZ\u015a, kt\u00f3re rozpocznie si\u0119 Jutrzni\u0105 o godz. 9:30 w kaplicy \u015bw. Maksymiliana, a po niej Msza \u015bw. i adoracja Naj\u015bwi\u0119tszego Sakramentu.<\/li>\n<li>Przypominamy, \u017ce od stycznia w soboty nie b\u0119dzie mszy \u015bw. o godz. 9.00 i 10.00, jedynie o godz. 9.30.<\/li>\n<li>W tym tygodniu z naszej wsp\u00f3lnoty parafialnej odesz\u0142a do Pana: \u015bp. Teresa Kubis-Michta l. 75 z Serok Parceli. <em>Wieczny odpoczynek racz jej da\u0107 Panie\u2026<\/em><\/li>\n<\/ol>\n","protected":false},"excerpt":{"rendered":"<p>We wtorek 6 stycznia, uroczysto\u015b\u0107 Objawienia Pa\u0144skiego, tradycyjnie zwana Uroczysto\u015bci\u0105 Trzech Kr\u00f3li. Porz\u0105dek Mszy \u015bw. b\u0119dzie niedzielny, a na ka\u017cdej Mszy \u015bw. po\u015bwi\u0119cenie kredy i kadzid\u0142a, natomiast w Szymanowie odb\u0119dzie [&hellip;]<\/p>\n","protected":false},"author":2,"featured_media":19234,"comment_status":"closed","ping_status":"open","sticky":false,"template":"","format":"standard","meta":{"footnotes":""},"categories":[1],"tags":[],"class_list":["post-19336","post","type-post","status-publish","format-standard","has-post-thumbnail","hentry","category-bez-kategorii"],"_links":{"self":[{"href":"https:\/\/parafia.niepokalanow.pl\/index.php?rest_route=\/wp\/v2\/posts\/19336","targetHints":{"allow":["GET"]}}],"collection":[{"href":"https:\/\/parafia.niepokalanow.pl\/index.php?rest_route=\/wp\/v2\/posts"}],"about":[{"href":"https:\/\/parafia.niepokalanow.pl\/index.php?rest_route=\/wp\/v2\/types\/post"}],"author":[{"embeddable":true,"href":"https:\/\/parafia.niepokalanow.pl\/index.php?rest_route=\/wp\/v2\/users\/2"}],"replies":[{"embeddable":true,"href":"https:\/\/parafia.niepokalanow.pl\/index.php?rest_route=%2Fwp%2Fv2%2Fcomments&post=19336"}],"version-history":[{"count":0,"href":"https:\/\/parafia.niepokalanow.pl\/index.php?rest_route=\/wp\/v2\/posts\/19336\/revisions"}],"wp:featuredmedia":[{"embeddable":true,"href":"https:\/\/parafia.niepokalanow.pl\/index.php?rest_route=\/wp\/v2\/media\/19234"}],"wp:attachment":[{"href":"https:\/\/parafia.niepokalanow.pl\/index.php?rest_route=%2Fwp%2Fv2%2Fmedia&parent=19336"}],"wp:term":[{"taxonomy":"category","embeddable":true,"href":"https:\/\/parafia.niepokalanow.pl\/index.php?rest_route=%2Fwp%2Fv2%2Fcategories&post=19336"},{"taxonomy":"post_tag","embeddable":true,"href":"https:\/\/parafia.niepokalanow.pl\/index.php?rest_route=%2Fwp%2Fv2%2Ftags&post=19336"}],"curies":[{"name":"wp","href":"https:\/\/api.w.org\/{rel}","templated":true}]}}