{"id":19247,"date":"2025-12-20T08:41:02","date_gmt":"2025-12-20T07:41:02","guid":{"rendered":"https:\/\/parafia.niepokalanow.pl\/?p=19247"},"modified":"2025-12-20T11:28:43","modified_gmt":"2025-12-20T10:28:43","slug":"ogloszenia-duszpasterskie-iv-niedziela-adwentu-21-12-2025","status":"publish","type":"post","link":"https:\/\/parafia.niepokalanow.pl\/?p=19247","title":{"rendered":"Og\u0142oszenia duszpasterskie IV Niedziela Adwentu 21.12.2025"},"content":{"rendered":"<p>W tym tygodniu w liturgii Ko\u015bcio\u0142a b\u0119dziemy obchodzi\u0107:<br \/>\n\uf0b7 W czwartek: Uroczysto\u015b\u0107 Narodzenia Pa\u0144skiego; nie b\u0119dzie Mszy \u015bwi\u0119tej o g. 6.00;<br \/>\npozosta\u0142e Msze \u015bwi\u0119te wed\u0142ug porz\u0105dku niedzielnego;<br \/>\n\uf0b7 W pi\u0105tek: \u015awi\u0119to \u015bw. Szczepana, pierwszego m\u0119czennika; Msze \u015bwi\u0119te w porz\u0105dku<br \/>\nniedzielnym; tradycj\u0105 lat ubieg\u0142ych w tym dniu wspomagamy modlitw\u0105 i ofiarami<br \/>\nz\u0142o\u017conymi na tac\u0119, katolickie uczelnie w\u00a0naszej Ojczy\u017anie;<br \/>\n\uf0b7 W sobot\u0119: \u015bwi\u0119to \u015bw. Jana Aposto\u0142a i Ewangelisty;<br \/>\n2. W \u015brod\u0119 Wigilia \u015awi\u0105t Bo\u017cego Narodzenia. Ostatnia Msza \u015bwi\u0119ta w Bazylice\u00a0 o godz. 11.00. Nie b\u0119dzie Mszy \u015bw. o godz. 18.00. Zach\u0119camy do\u00a0zachowania<br \/>\ntradycyjnego postu. Prze\u017cyjmy ten dzie\u0144 w duchu wiary i chrze\u015bcija\u0144skiego oczekiwania na przyj\u015bcie Boga na \u015bwiat. Wieczerza wigilijna w naszych domach niech b\u0119dzie przepe\u0142niona wiar\u0105 i mi\u0142o\u015bci\u0105 do Boga oraz przebaczeniem i \u017cyczliwo\u015bci\u0105 dla siebie nawzajem. Czas oczekiwania na Pasterk\u0119 niech up\u0142ynie przy \u015bpiewie lub s\u0142uchaniu kol\u0119d. Pasterka o godz. 24.00. Wprowadzeniem do niej b\u0119dzie modlitwa brewiarzowa, kt\u00f3ra rozpocznie si\u0119 o godz. 23.20. Po Pasterce zapraszamy do wsp\u00f3lnego kol\u0119dowania przy \u017bywej Szopce ko\u0142o Domu Parafialnego. \u201e\u017byw\u0105 szopk\u0119\u201d ze zwierz\u0119tami, b\u0119dzie mo\u017cna ogl\u0105da\u0107 do niedzieli 28 grudnia w\u0142\u0105cznie, za\u015b szopka tradycyjnie b\u0119dzie do 2 lutego. Serdecznie zapraszamy.<br \/>\n3. W ostatni\u0105 niedziel\u0119 Adwentu kierujemy s\u0142owa podzi\u0119kowania do wszystkich, kt\u00f3rzy podali pomocn\u0105 d\u0142o\u0144 potrzebuj\u0105cym oraz pomagali przy budowie \u201e\u017cywej szopki\u201d. Dzi\u0119kujemy bardzo r\u00f3wnie\u017c naszym braciom zakrystianom oraz wszystkim, kt\u00f3rzy pomagali w przygotowaniu wystroju Bazyliki. Z serca sk\u0142adamy p\u0142yn\u0105ce: B\u00f3g zap\u0142a\u0107. Informujemy, \u017ce za wszystkich dobrodziej\u00f3w modli\u0107 si\u0119 b\u0119dziemy podczas Mszy \u015bw. o p\u00f3\u0142nocy, czyli Pasterki.<br \/>\n4. Zapraszamy na Msz\u0119 \u015bwi\u0119t\u0105 i modlitw\u0119 o uzdrowienie przed Naj\u015bwi\u0119tszym Sakramentem w przysz\u0142\u0105 niedziel\u0119 28 grudnia o godz. 18.00.<br \/>\n5. Program wizyty duszpasterskiej zwanej kol\u0119d\u0105 jest umieszczony na stoliku przy wyj\u015bciu z bazyliki, w gablocie oraz na stronie internetowej parafii.<br \/>\n6. Op\u0142atki wigilijne mo\u017cna jeszcze otrzyma\u0107 w zakrystii lub kancelarii parafialnej.<br \/>\n7. W sobot\u0119 27 grudnia o godz. 19.00 w Domu Parafialnym odb\u0119dzie si\u0119 \u015bwi\u0105teczne spotkanie Rycerzy Niepokalanej.<br \/>\n8. W tym tygodniu z naszej wsp\u00f3lnoty parafialnej odszed\u0142 do wieczno\u015bci: \u015bp. Jerzy Haber l. 78 z Serok Wsi. Wieczny odpoczynek racz mu da\u0107 Panie\u2026<\/p>\n","protected":false},"excerpt":{"rendered":"<p>W tym tygodniu w liturgii Ko\u015bcio\u0142a b\u0119dziemy obchodzi\u0107: \uf0b7 W czwartek: Uroczysto\u015b\u0107 Narodzenia Pa\u0144skiego; nie b\u0119dzie Mszy \u015bwi\u0119tej o g. 6.00; pozosta\u0142e Msze \u015bwi\u0119te wed\u0142ug porz\u0105dku niedzielnego; \uf0b7 W pi\u0105tek: [&hellip;]<\/p>\n","protected":false},"author":2,"featured_media":19234,"comment_status":"closed","ping_status":"open","sticky":false,"template":"","format":"standard","meta":{"footnotes":""},"categories":[1],"tags":[],"class_list":["post-19247","post","type-post","status-publish","format-standard","has-post-thumbnail","hentry","category-bez-kategorii"],"_links":{"self":[{"href":"https:\/\/parafia.niepokalanow.pl\/index.php?rest_route=\/wp\/v2\/posts\/19247","targetHints":{"allow":["GET"]}}],"collection":[{"href":"https:\/\/parafia.niepokalanow.pl\/index.php?rest_route=\/wp\/v2\/posts"}],"about":[{"href":"https:\/\/parafia.niepokalanow.pl\/index.php?rest_route=\/wp\/v2\/types\/post"}],"author":[{"embeddable":true,"href":"https:\/\/parafia.niepokalanow.pl\/index.php?rest_route=\/wp\/v2\/users\/2"}],"replies":[{"embeddable":true,"href":"https:\/\/parafia.niepokalanow.pl\/index.php?rest_route=%2Fwp%2Fv2%2Fcomments&post=19247"}],"version-history":[{"count":0,"href":"https:\/\/parafia.niepokalanow.pl\/index.php?rest_route=\/wp\/v2\/posts\/19247\/revisions"}],"wp:featuredmedia":[{"embeddable":true,"href":"https:\/\/parafia.niepokalanow.pl\/index.php?rest_route=\/wp\/v2\/media\/19234"}],"wp:attachment":[{"href":"https:\/\/parafia.niepokalanow.pl\/index.php?rest_route=%2Fwp%2Fv2%2Fmedia&parent=19247"}],"wp:term":[{"taxonomy":"category","embeddable":true,"href":"https:\/\/parafia.niepokalanow.pl\/index.php?rest_route=%2Fwp%2Fv2%2Fcategories&post=19247"},{"taxonomy":"post_tag","embeddable":true,"href":"https:\/\/parafia.niepokalanow.pl\/index.php?rest_route=%2Fwp%2Fv2%2Ftags&post=19247"}],"curies":[{"name":"wp","href":"https:\/\/api.w.org\/{rel}","templated":true}]}}