{"id":19237,"date":"2025-12-12T17:20:51","date_gmt":"2025-12-12T16:20:51","guid":{"rendered":"https:\/\/parafia.niepokalanow.pl\/?p=19237"},"modified":"2025-12-12T17:20:51","modified_gmt":"2025-12-12T16:20:51","slug":"iii-niedziela-adwentu-gaudete-14-12-2025","status":"publish","type":"post","link":"https:\/\/parafia.niepokalanow.pl\/?p=19237","title":{"rendered":"III Niedziela Adwentu (Gaudete) 14.12.2025"},"content":{"rendered":"<p>Dzisiaj rozpoczynamy parafialne rekolekcje adwentowe. Prowadzi je o. Grzegorz Pi\u015bko z klasztoru w Koszalinie, kt\u00f3rego serdecznie witamy w naszej wsp\u00f3lnocie i \u017cyczymy obfito\u015bci dar\u00f3w Ducha \u015awi\u0119tego.<\/p>\n<ol>\n<li>Nauki rekolekcyjne b\u0119d\u0105 w poniedzia\u0142ek i wtorek na Mszach \u015bw. o godz. 11.00 i 18.00 oraz dodatkowa nauka o godz. 19.00. Msza \u015bw. z nauk\u0105 w kaplicy w Budkach Piaseckich b\u0119dzie w poniedzia\u0142ek i wtorek o godz. 16.00.<\/li>\n<li>(odczyta\u0107 na Mszach 8.30-13.00) Dzi\u015b zapraszamy na kiermasz \u015bwi\u0105tecznych wypiek\u00f3w i ozd\u00f3b wykonanych przez dzieci i Rodzic\u00f3w z naszej \u015bwietlicy. Dla ka\u017cdego kto odwiedzi kiermasz przewidziana jest gor\u0105c\u0105 herbata zimowa.<\/li>\n<li>Za tydzie\u0144 na kiermasz zapraszaj\u0105 Skautki Europy Odnajdziemy na nim r\u0119cznie wykonane ozdoby oraz kalendarze na rok 2026.<\/li>\n<li>Teresi\u0144ski O\u015brodek Kultury zaprasza natomiast wszystkich mieszka\u0144c\u00f3w na Bo\u017conarodzeniowy Jarmark Franciszka\u0144ski. B\u0119dzie to doskona\u0142a okazja, aby zakupi\u0107 \u015bwi\u0105teczne, domowe produkty spo\u017cywcze, ozdoby czy r\u0119kodzie\u0142o. Kiermasz odb\u0119dzie si\u0119 w sobot\u0119 20 grudnia w godzinach 15-19 przed budynkiem dworca PKP w Teresinie.<\/li>\n<li>Przy o\u0142tarzu \u015bw. Antoniego i na furcie jest ustawiony kosz na produkty spo\u017cywcze<br \/>\ni chemiczne dla ubogich. Wszystkich ch\u0119tnych m\u0119\u017cczyzn zapraszamy w najbli\u017csz\u0105 sobot\u0119 na godz. 9.00. do uko\u0144czenia \u201e\u017cywej szopki\u201d.<\/li>\n<li>Za tydzie\u0144 po Mszy \u015bw. o 11:30 zapraszamy Rodzic\u00f3w dzieci pierwszokomunijnych na spotkanie w domu parafialnym.<\/li>\n<li>W sobot\u0119 20 grudnia o godz. 9.00 w kaplicy \u015bw. Maksymiliana b\u0119dzie sprawowana Msza \u015bw. w intencji naszej Ojczyzny, TV Trwam i Radia Maryja. Po Mszy \u015bw. Wsp\u00f3lnota Ko\u0142a Radia Maryja zaprasza na \u015bwi\u0105teczne dzielenie si\u0119 op\u0142atkiem.<\/li>\n<li>Wszystkich, kt\u00f3rzy z r\u00f3\u017cnych przyczyn nie otrzymali op\u0142atk\u00f3w wigilijnych, prosimy o zg\u0142aszanie si\u0119 do zakrystii na furt\u0119 b\u0105d\u017a do kancelarii parafialnej.<\/li>\n<li>Za tydzie\u0144 na Mszy \u015bw. o godz.10:00, za po\u015brednictwem harcerzy, zostanie naszej parafii przekazane Betlejemskie \u015awiate\u0142ko Pokoju<\/li>\n<li>W przedsionku bazyliki dost\u0119pne s\u0105 jeszcze \u015bwiece Caritas na st\u00f3\u0142 wigilijny.<\/li>\n<li>W tym tygodniu z naszej wsp\u00f3lnoty parafialnej odeszli do wieczno\u015bci \u015bp. Zofia Ociepa l. 75 z Paprotni i \u015bp. J\u00f3zef Sikora l. 59 z Teresina. <em>Wieczny odpoczynek racz im da\u0107 Panie\u2026<\/em><\/li>\n<\/ol>\n","protected":false},"excerpt":{"rendered":"<p>Dzisiaj rozpoczynamy parafialne rekolekcje adwentowe. Prowadzi je o. Grzegorz Pi\u015bko z klasztoru w Koszalinie, kt\u00f3rego serdecznie witamy w naszej wsp\u00f3lnocie i \u017cyczymy obfito\u015bci dar\u00f3w Ducha \u015awi\u0119tego. Nauki rekolekcyjne b\u0119d\u0105 w [&hellip;]<\/p>\n","protected":false},"author":2,"featured_media":19234,"comment_status":"closed","ping_status":"open","sticky":false,"template":"","format":"standard","meta":{"footnotes":""},"categories":[1],"tags":[],"class_list":["post-19237","post","type-post","status-publish","format-standard","has-post-thumbnail","hentry","category-bez-kategorii"],"_links":{"self":[{"href":"https:\/\/parafia.niepokalanow.pl\/index.php?rest_route=\/wp\/v2\/posts\/19237","targetHints":{"allow":["GET"]}}],"collection":[{"href":"https:\/\/parafia.niepokalanow.pl\/index.php?rest_route=\/wp\/v2\/posts"}],"about":[{"href":"https:\/\/parafia.niepokalanow.pl\/index.php?rest_route=\/wp\/v2\/types\/post"}],"author":[{"embeddable":true,"href":"https:\/\/parafia.niepokalanow.pl\/index.php?rest_route=\/wp\/v2\/users\/2"}],"replies":[{"embeddable":true,"href":"https:\/\/parafia.niepokalanow.pl\/index.php?rest_route=%2Fwp%2Fv2%2Fcomments&post=19237"}],"version-history":[{"count":0,"href":"https:\/\/parafia.niepokalanow.pl\/index.php?rest_route=\/wp\/v2\/posts\/19237\/revisions"}],"wp:featuredmedia":[{"embeddable":true,"href":"https:\/\/parafia.niepokalanow.pl\/index.php?rest_route=\/wp\/v2\/media\/19234"}],"wp:attachment":[{"href":"https:\/\/parafia.niepokalanow.pl\/index.php?rest_route=%2Fwp%2Fv2%2Fmedia&parent=19237"}],"wp:term":[{"taxonomy":"category","embeddable":true,"href":"https:\/\/parafia.niepokalanow.pl\/index.php?rest_route=%2Fwp%2Fv2%2Fcategories&post=19237"},{"taxonomy":"post_tag","embeddable":true,"href":"https:\/\/parafia.niepokalanow.pl\/index.php?rest_route=%2Fwp%2Fv2%2Ftags&post=19237"}],"curies":[{"name":"wp","href":"https:\/\/api.w.org\/{rel}","templated":true}]}}