{"id":19230,"date":"2025-12-05T22:12:48","date_gmt":"2025-12-05T21:12:48","guid":{"rendered":"https:\/\/parafia.niepokalanow.pl\/?p=19230"},"modified":"2025-12-05T22:17:48","modified_gmt":"2025-12-05T21:17:48","slug":"ii-niedziela-adwentu-07-12-2025","status":"publish","type":"post","link":"https:\/\/parafia.niepokalanow.pl\/?p=19230","title":{"rendered":"II Niedziela Adwentu 07.12.2025"},"content":{"rendered":"<ol>\n<li>W tym tygodniu w liturgii Ko\u015bcio\u0142a b\u0119dziemy obchodzi\u0107:<\/li>\n<\/ol>\n<ul>\n<li>8 grudnia: Uroczysto\u015b\u0107 Niepokalanego Pocz\u0119cia NMP;<\/li>\n<li>13 grudnia: Wspomnienie \u015bw. \u0141ucji, dziewicy i m\u0119czennicy;<\/li>\n<\/ul>\n<ol start=\"2\">\n<li>Jutro uroczysto\u015b\u0107 Niepokalanego Pocz\u0119cia NMP. Jest to patronalne \u015bwi\u0119to naszej parafii, klasztoru i Rycerstwa Niepokalanej. Po Mszy \u015bw. o godz. 11.00, kt\u00f3rej przewodniczy\u0107 b\u0119dzie o. Bp Piotr Kleszcz, w ramach Godziny \u0141aski, przed Naj\u015bwi\u0119tszym Sakramentem odm\u00f3wimy r\u00f3\u017caniec. Natomiast po Mszy \u015bw. o godz.: 18:00 zapraszamy na koncert z okazji jubileuszu 25-lecia naszego ch\u00f3ru \u201eCantores Immaculatae\u201d pod batut\u0105 p. Paw\u0142a Ambroziaka.<\/li>\n<li>Za tydzie\u0144 od godz. 9.00 do 14.00 dzieci ze \u015bwietlicy parafialnej wraz<br \/>\nz opiekunem zapraszaj\u0105 przed Bazylik\u0119 na kiermasz ozd\u00f3b i wypiek\u00f3w Bo\u017conarodzeniowych Z\u0142o\u017cone na ten cel ofiary b\u0119d\u0105 przeznaczone na dalsze funkcjonowanie \u015bwietlicy. Dla ka\u017cdego b\u0119dzie jak zawsze ciep\u0142a, zimowa herbata.<\/li>\n<li>Msze \u015bw. o Matce Bo\u017cej, zwane roratami, odprawiane s\u0105 w dni powszednie<br \/>\nw bazylice o godz. 6.45. <strong>W poniedzia\u0142ek, z racji uroczysto\u015bci nie ma rorat, a Msza \u015bwi\u0119ta b\u0119dzie o g. 7:00. <\/strong><\/li>\n<li>Przez Adwent przy o\u0142tarzu \u015bw. Antoniego i na furcie jest ustawiony kosz na produkty spo\u017cywcze i chemiczne dla ubogich a w przedsionku bazyliki mo\u017cna nabywa\u0107 \u015bwiece Caritas na st\u00f3\u0142 wigilijny.<\/li>\n<li>W sobot\u0119 o godz. 9.00 zapraszamy m\u0119\u017cczyzn do budowy szopki przy domu parafialnym.<\/li>\n<li>Za tydzie\u0144 w niedziel\u0119 rozpoczynamy rekolekcje adwentowe w naszej parafii, kt\u00f3re poprowadzi o. Grzegorz Pi\u015bko. Nauki rekolekcyjne b\u0119d\u0105 na Mszach \u015bw. w niedziel\u0119 oraz w poniedzia\u0142ek i wtorek na Mszach \u015bw. o godz. 11.00 i 18.00 oraz dodatkowa nauka o godz. 19.00. Msza \u015bw. z nauk\u0105 w kaplicy w Budkach Piaseckich b\u0119dzie w poniedzia\u0142ek i wtorek o godz. 16.00.<\/li>\n<li>Promocja Rycerza Niepokalanej<\/li>\n<li>W tym tygodniu z naszej wsp\u00f3lnoty parafialnej odszed\u0142 do Pana:<br \/>\n\u015bp. Bogus\u0142aw Woncisz l. 72 z Paprotni. <em>Wieczny odpoczynek racz mu da\u0107 Panie\u2026<\/em><\/li>\n<\/ol>\n","protected":false},"excerpt":{"rendered":"<p>W tym tygodniu w liturgii Ko\u015bcio\u0142a b\u0119dziemy obchodzi\u0107: 8 grudnia: Uroczysto\u015b\u0107 Niepokalanego Pocz\u0119cia NMP; 13 grudnia: Wspomnienie \u015bw. \u0141ucji, dziewicy i m\u0119czennicy; Jutro uroczysto\u015b\u0107 Niepokalanego Pocz\u0119cia NMP. Jest to patronalne [&hellip;]<\/p>\n","protected":false},"author":2,"featured_media":19234,"comment_status":"closed","ping_status":"open","sticky":false,"template":"","format":"standard","meta":{"footnotes":""},"categories":[1],"tags":[],"class_list":["post-19230","post","type-post","status-publish","format-standard","has-post-thumbnail","hentry","category-bez-kategorii"],"_links":{"self":[{"href":"https:\/\/parafia.niepokalanow.pl\/index.php?rest_route=\/wp\/v2\/posts\/19230","targetHints":{"allow":["GET"]}}],"collection":[{"href":"https:\/\/parafia.niepokalanow.pl\/index.php?rest_route=\/wp\/v2\/posts"}],"about":[{"href":"https:\/\/parafia.niepokalanow.pl\/index.php?rest_route=\/wp\/v2\/types\/post"}],"author":[{"embeddable":true,"href":"https:\/\/parafia.niepokalanow.pl\/index.php?rest_route=\/wp\/v2\/users\/2"}],"replies":[{"embeddable":true,"href":"https:\/\/parafia.niepokalanow.pl\/index.php?rest_route=%2Fwp%2Fv2%2Fcomments&post=19230"}],"version-history":[{"count":0,"href":"https:\/\/parafia.niepokalanow.pl\/index.php?rest_route=\/wp\/v2\/posts\/19230\/revisions"}],"wp:featuredmedia":[{"embeddable":true,"href":"https:\/\/parafia.niepokalanow.pl\/index.php?rest_route=\/wp\/v2\/media\/19234"}],"wp:attachment":[{"href":"https:\/\/parafia.niepokalanow.pl\/index.php?rest_route=%2Fwp%2Fv2%2Fmedia&parent=19230"}],"wp:term":[{"taxonomy":"category","embeddable":true,"href":"https:\/\/parafia.niepokalanow.pl\/index.php?rest_route=%2Fwp%2Fv2%2Fcategories&post=19230"},{"taxonomy":"post_tag","embeddable":true,"href":"https:\/\/parafia.niepokalanow.pl\/index.php?rest_route=%2Fwp%2Fv2%2Ftags&post=19230"}],"curies":[{"name":"wp","href":"https:\/\/api.w.org\/{rel}","templated":true}]}}