{"id":19212,"date":"2025-11-28T17:57:37","date_gmt":"2025-11-28T16:57:37","guid":{"rendered":"http:\/\/parafia.niepokalanow.pl\/?p=19212"},"modified":"2025-11-28T18:11:48","modified_gmt":"2025-11-28T17:11:48","slug":"i-niedziela-adwentu-30-11-2025","status":"publish","type":"post","link":"https:\/\/parafia.niepokalanow.pl\/?p=19212","title":{"rendered":"I Niedziela Adwentu 30. 11. 2025"},"content":{"rendered":"<ol>\n<li>W tym tygodniu w liturgii Ko\u015bcio\u0142a b\u0119dziemy obchodzi\u0107:<\/li>\n<\/ol>\n<ul>\n<li>We wtorek: Wspomnienie b\u0142. Rafa\u0142a Chyli\u0144skiego, prezbitera;<\/li>\n<li>W \u015brod\u0119: Wspomnienie \u015bw. Franciszka Ksawerego, prezbitera<\/li>\n<\/ul>\n<ol start=\"2\">\n<li>Tydzie\u0144 temu zbierali\u015bmy ofiary dla si\u00f3str klarysek. Zebrali\u015bmy 8262 z\u0142. Dzi\u0119kujemy wszystkim za ofiarno\u015b\u0107 serca.<\/li>\n<li>Dzisiejsz\u0105 I Niedziel\u0105 Adwentu, rozpoczynamy nowy rok liturgiczny pod has\u0142em <em>Uczniowie-misjonarze<\/em>.\u00a0Msze \u015bw. o Matce Bo\u017cej, zwane roratami, odprawiane b\u0119d\u0105 w dni powszednie o godz. 6.45. Przychodzimy na t\u0119 Msz\u0119 \u015bwi\u0119t\u0105 z lampionami. Do udzia\u0142u w roratach zapraszamy wszystkich, a w spos\u00f3b szczeg\u00f3lny dzieci.<\/li>\n<li>W przedsionku bazyliki mo\u017cna nabywa\u0107 \u015bwiece Caritas na st\u00f3\u0142 wigilijny.<\/li>\n<li>Trwa nowenna przed Uroczysto\u015bci\u0105 Niepokalanego Pocz\u0119cia, prowadzi j\u0105 o. Krzysztof Flis. Dzi\u015b o 17.00 nabo\u017ce\u0144stwo b\u0119dzie po\u0142\u0105czone z nowenn\u0105. W Kaplicy \u015bw. Maksymiliana do 7 grudnia trwa Nowenna wg. \u015bw. Faustyny. W programie Msza \u015bw. o godz. 7.00, ca\u0142odzienna adoracja Naj\u015bwi\u0119tszego Sakramentu po\u0142\u0105czona z r\u00f3\u017ca\u0144cem. W pi\u0105tek w kaplicy \u015bw. Maksymiliana od 19.00 odb\u0119dzie si\u0119 czuwanie modlitewne przed Pierwsz\u0105 Sobot\u0105, zako\u0144czone msz\u0105 \u015bw. o 21.10.<\/li>\n<li>1 grudnia o godz. 8.00 b\u0119dzie sprawowana Msza \u015bw. w intencji 20 wi\u0119\u017ani\u00f3w z Pawiaka, rozstrzelanych 1 grudnia 1943 r. obok stacji PKP w Teresinie.<\/li>\n<li>W <strong>I czwartek<\/strong> miesi\u0105ca, po Mszy \u015bw. o godz. 18.00 na nabo\u017ce\u0144stwie Godziny \u015bwi\u0119tej b\u0119dziemy modli\u0107 si\u0119 o nowe powo\u0142ania kap\u0142a\u0144skie i zakonne. W <strong>I pi\u0105tek<\/strong> spowied\u017a dla dzieci i m\u0142odzie\u017cy od godz. 6.15, a o godz. 6.45 Msza \u015bw. roratnia. Tego dnia udamy si\u0119 z pos\u0142ug\u0105 sakramentaln\u0105 do chorych naszej parafii.<\/li>\n<li>W sobot\u0119 Spotkanie &#8222;Oddaj si\u0119 Maryi&#8221;. O 9.30 w sali \u015bw. Bonawentury konferencja i \u015bwiadectwa. O 11:00 Msza \u015bw. z zawierzeniem i nabo\u017ce\u0144stwo wynagradzaj\u0105ce oraz mo\u017cliwo\u015b\u0107 przyst\u0105pienia do Rycerstwa Niepokalanej. O 14.00 \u201eAkatyst\u201d o Matce Bo\u017cej za\u015bpiewa ch\u00f3r z Parafii \u015bw. Wojciecha z Wyszkowa. Na zako\u0144czenie w kaplicy \u015bw. Maksymiliana o 15.00 Koronka do Bo\u017cego Mi\u0142osierdzia i po\u015bwi\u0119cenie sakramentali\u00f3w.<\/li>\n<li>Przez ca\u0142y okres Adwentu przy o\u0142tarzu \u015bw. Antoniego i na furcie jest ustawiony kosz na produkty spo\u017cywcze i chemiczne dla potrzebuj\u0105cych.<\/li>\n<li>W sobot\u0119 o godz. 9.00 zapraszamy ch\u0119tnych m\u0119\u017cczyzn i m\u0142odzie\u017c do pomocy przy budowie \u017cywej szoki przy domu parafialnym.<\/li>\n<li>Za tydzie\u0144 w kaplicy w Budkach Piaseckich o godz. 10.00 b\u0119dzie sprawowana Msza \u015bw. odpustowa z racji patrona kaplicy b\u0142. Rafa\u0142a Chyli\u0144skiego, prezbitera. A po sumie w domu parafialnym odb\u0119dzie si\u0119 spotkanie k\u00f3\u0142 \u017bywego R\u00f3\u017ca\u0144ca.<\/li>\n<li>Informujemy, \u017ce na terenie naszej parafii uruchomiono dwa nowe, punkty dost\u0119pu do automatycznych defibrylator\u00f3w zewn\u0119trznych (AED). To zwi\u0119kszanie bezpiecze\u0144stwa i gotowo\u015bci na sytuacje zagro\u017cenia \u017cycia. Lokalizacje ratuj\u0105ce \u017cycie to: OSP Paprotnia \u2013 ul. Kampinoska 2 i Klasztor Niepokalan\u00f3w przy bramie papieskiej.<\/li>\n<li>W tym tygodniu z naszej wsp\u00f3lnoty parafialnej odeszli do wieczno\u015bci: \u015bp. Zofia Pi\u00f3rkowska l. 80<br \/>\nz Paprotni, \u015bp. Henryka Stalmach l. 77 z Teresina, \u015bp. Zygmunt St\u0119pniewski l. 91 z Teresina i \u015bp. Barbara Michalczyk l. 75 z Serok Parceli. <em>Wieczny odpoczynek racz im da\u0107 Panie\u2026 <\/em><\/li>\n<\/ol>\n","protected":false},"excerpt":{"rendered":"<p>W tym tygodniu w liturgii Ko\u015bcio\u0142a b\u0119dziemy obchodzi\u0107: We wtorek: Wspomnienie b\u0142. Rafa\u0142a Chyli\u0144skiego, prezbitera; W \u015brod\u0119: Wspomnienie \u015bw. Franciszka Ksawerego, prezbitera Tydzie\u0144 temu zbierali\u015bmy ofiary dla si\u00f3str klarysek. Zebrali\u015bmy [&hellip;]<\/p>\n","protected":false},"author":2,"featured_media":19213,"comment_status":"closed","ping_status":"open","sticky":false,"template":"","format":"standard","meta":{"footnotes":""},"categories":[1],"tags":[],"class_list":["post-19212","post","type-post","status-publish","format-standard","has-post-thumbnail","hentry","category-bez-kategorii"],"_links":{"self":[{"href":"https:\/\/parafia.niepokalanow.pl\/index.php?rest_route=\/wp\/v2\/posts\/19212","targetHints":{"allow":["GET"]}}],"collection":[{"href":"https:\/\/parafia.niepokalanow.pl\/index.php?rest_route=\/wp\/v2\/posts"}],"about":[{"href":"https:\/\/parafia.niepokalanow.pl\/index.php?rest_route=\/wp\/v2\/types\/post"}],"author":[{"embeddable":true,"href":"https:\/\/parafia.niepokalanow.pl\/index.php?rest_route=\/wp\/v2\/users\/2"}],"replies":[{"embeddable":true,"href":"https:\/\/parafia.niepokalanow.pl\/index.php?rest_route=%2Fwp%2Fv2%2Fcomments&post=19212"}],"version-history":[{"count":0,"href":"https:\/\/parafia.niepokalanow.pl\/index.php?rest_route=\/wp\/v2\/posts\/19212\/revisions"}],"wp:featuredmedia":[{"embeddable":true,"href":"https:\/\/parafia.niepokalanow.pl\/index.php?rest_route=\/wp\/v2\/media\/19213"}],"wp:attachment":[{"href":"https:\/\/parafia.niepokalanow.pl\/index.php?rest_route=%2Fwp%2Fv2%2Fmedia&parent=19212"}],"wp:term":[{"taxonomy":"category","embeddable":true,"href":"https:\/\/parafia.niepokalanow.pl\/index.php?rest_route=%2Fwp%2Fv2%2Fcategories&post=19212"},{"taxonomy":"post_tag","embeddable":true,"href":"https:\/\/parafia.niepokalanow.pl\/index.php?rest_route=%2Fwp%2Fv2%2Ftags&post=19212"}],"curies":[{"name":"wp","href":"https:\/\/api.w.org\/{rel}","templated":true}]}}