{"id":19163,"date":"2025-11-21T09:27:24","date_gmt":"2025-11-21T08:27:24","guid":{"rendered":"http:\/\/parafia.niepokalanow.pl\/?p=19163"},"modified":"2025-11-21T09:27:33","modified_gmt":"2025-11-21T08:27:33","slug":"uroczystosc-jezusa-chrystusa-krola-wszechswiata-23-11-2025-r","status":"publish","type":"post","link":"https:\/\/parafia.niepokalanow.pl\/?p=19163","title":{"rendered":"Uroczysto\u015b\u0107 Jezusa Chrystusa Kr\u00f3la Wszech\u015bwiata 23.11. 2025 r."},"content":{"rendered":"<ol>\n<li>W tym tygodniu w liturgii Ko\u015bcio\u0142a b\u0119dziemy obchodzi\u0107:<\/li>\n<\/ol>\n<ul>\n<li>W poniedzia\u0142ek: Wspomnienie \u015bwi\u0119tych m\u0119czennik\u00f3w Andrzeja Dung-Lac, prezbitera i Towarzyszy,<\/li>\n<li>W \u015brod\u0119: Wspomnienie \u015bw. Leonarda z Porto Maurizio, prezbitera<\/li>\n<li>W czwartek: Wspomnienie \u015bw. Franciszka Fasaniego, prezbitera;<\/li>\n<li>W sobot\u0119: \u015awi\u0119to Wszystkich \u015awi\u0119tych Zakonu Serafickiego;<\/li>\n<\/ul>\n<ol start=\"2\">\n<li>Dzi\u015b zbieramy ofiary do puszek ustawionych na balaskach dla si\u00f3str klarysek, kt\u00f3re za klauzur\u0105 wypraszaj\u0105 nam potrzebne \u0142aski. Niech nasza ofiarno\u015b\u0107 b\u0119dzie wdzi\u0119czno\u015bci\u0105 za ich modlitewne wsparcie.<\/li>\n<li>Dzi\u0119kujemy darczy\u0144com, kt\u00f3rzy z racji Roku Jubileuszowego ofiarowali dla naszej bazyliki kielich z paten\u0105. Niech pi\u0119kno liturgii przyczynia si\u0119 do naszego u\u015bwi\u0119cenia.<\/li>\n<li>W naszej parafii od jutra b\u0119d\u0105 roznoszone op\u0142atki na st\u00f3\u0142 wigilijny. Op\u0142atki s\u0105 r\u00f3wnie\u017c dost\u0119pne w zakrystii.<\/li>\n<li>Dzi\u015b rozpoczynamy kurs nauk przedma\u0142\u017ce\u0144skich. Spotkania b\u0119d\u0105 odbywa\u0142y si\u0119 w ka\u017cd\u0105 niedziel\u0119 o godz.15.00. Pierwsze spotkanie w Sali \u015bw. Bonawentury.<\/li>\n<li>W sobot\u0119 w Kaplicy \u015bw. Maksymiliana rozpocznie si\u0119 Nowenna wg. \u015bw. Faustyny, kt\u00f3ra potrwa do niedzieli 7 grudnia. W programie Msza \u015bw. o godz. 7.00, nast\u0119pnie wystawienie Naj\u015bwi\u0119tszego Sakramentu i adoracja do 21.00. W ci\u0105gu dnia pi\u0119\u0107 pe\u0142nych r\u00f3\u017ca\u0144c\u00f3w po 4 cz\u0119\u015bci ka\u017cdy. W przerwach godzina na odpoczynek, posi\u0142ek i cich\u0105 modlitw\u0119. Wi\u0119cej na stronie Niepokalan\u00f3w.pl.<\/li>\n<li>W sobot\u0119 o godz. 9.00 zapraszamy ch\u0119tnych m\u0119\u017cczyzn i m\u0142odzie\u017c do pomocy przy budowie \u017cywej szoki przy domu parafialnym, a o godz. 19.00 zapraszamy na spotkanie Rycerstwo Niepokalanej.<\/li>\n<li>Urz\u0105d Gminy Teresin zwraca si\u0119 z uprzejm\u0105 pro\u015bb\u0105 do wszystkich mieszka\u0144c\u00f3w o niepalenie odpad\u00f3w w piecach domowych oraz o odpowiedzialne korzystanie<br \/>\nz urz\u0105dze\u0144 grzewczych. Przypominamy, \u017ce spalanie \u015bmieci jest nielegalne i stanowi powa\u017cne zagro\u017cenie dla zdrowia oraz \u015brodowiska.<\/li>\n<li>W przysz\u0142\u0105 niedziel\u0119 zapraszamy na godz. 18.00 na Msz\u0119 \u015bwi\u0119t\u0105 i modlitw\u0119 o uzdrowienie przed Naj\u015bwi\u0119tszym Sakramentem.<\/li>\n<li>W tym tygodniu z naszej wsp\u00f3lnoty parafialnej odeszli do wieczno\u015bci: \u015bp. Stanis\u0142awa Koz\u0142owska l. 76 z Teresina, \u015bp. S\u0142awomir St\u0119pniewski l. 54 z Teresina, \u015bp. Barbara Piasta l. 72 Serok Parceli, \u015bp. Kazimierz W\u00f3jcik l. 69 z Teresina i \u015bp. Tadeusz Smotarski l. 82 z Serok Parceli. <em>Wieczny odpoczynek racz im da\u0107 Panie\u2026 <\/em><\/li>\n<\/ol>\n","protected":false},"excerpt":{"rendered":"<p>W tym tygodniu w liturgii Ko\u015bcio\u0142a b\u0119dziemy obchodzi\u0107: W poniedzia\u0142ek: Wspomnienie \u015bwi\u0119tych m\u0119czennik\u00f3w Andrzeja Dung-Lac, prezbitera i Towarzyszy, W \u015brod\u0119: Wspomnienie \u015bw. Leonarda z Porto Maurizio, prezbitera W czwartek: Wspomnienie [&hellip;]<\/p>\n","protected":false},"author":2,"featured_media":18166,"comment_status":"closed","ping_status":"open","sticky":false,"template":"","format":"standard","meta":{"footnotes":""},"categories":[1],"tags":[],"class_list":["post-19163","post","type-post","status-publish","format-standard","has-post-thumbnail","hentry","category-bez-kategorii"],"_links":{"self":[{"href":"https:\/\/parafia.niepokalanow.pl\/index.php?rest_route=\/wp\/v2\/posts\/19163","targetHints":{"allow":["GET"]}}],"collection":[{"href":"https:\/\/parafia.niepokalanow.pl\/index.php?rest_route=\/wp\/v2\/posts"}],"about":[{"href":"https:\/\/parafia.niepokalanow.pl\/index.php?rest_route=\/wp\/v2\/types\/post"}],"author":[{"embeddable":true,"href":"https:\/\/parafia.niepokalanow.pl\/index.php?rest_route=\/wp\/v2\/users\/2"}],"replies":[{"embeddable":true,"href":"https:\/\/parafia.niepokalanow.pl\/index.php?rest_route=%2Fwp%2Fv2%2Fcomments&post=19163"}],"version-history":[{"count":0,"href":"https:\/\/parafia.niepokalanow.pl\/index.php?rest_route=\/wp\/v2\/posts\/19163\/revisions"}],"wp:featuredmedia":[{"embeddable":true,"href":"https:\/\/parafia.niepokalanow.pl\/index.php?rest_route=\/wp\/v2\/media\/18166"}],"wp:attachment":[{"href":"https:\/\/parafia.niepokalanow.pl\/index.php?rest_route=%2Fwp%2Fv2%2Fmedia&parent=19163"}],"wp:term":[{"taxonomy":"category","embeddable":true,"href":"https:\/\/parafia.niepokalanow.pl\/index.php?rest_route=%2Fwp%2Fv2%2Fcategories&post=19163"},{"taxonomy":"post_tag","embeddable":true,"href":"https:\/\/parafia.niepokalanow.pl\/index.php?rest_route=%2Fwp%2Fv2%2Ftags&post=19163"}],"curies":[{"name":"wp","href":"https:\/\/api.w.org\/{rel}","templated":true}]}}