{"id":19160,"date":"2025-11-14T10:20:49","date_gmt":"2025-11-14T09:20:49","guid":{"rendered":"http:\/\/parafia.niepokalanow.pl\/?p=19160"},"modified":"2025-11-14T10:20:49","modified_gmt":"2025-11-14T09:20:49","slug":"xxxiii-niedziela-zwykla-16-11-2025","status":"publish","type":"post","link":"https:\/\/parafia.niepokalanow.pl\/?p=19160","title":{"rendered":"XXXIII Niedziela zwyk\u0142a 16.11.2025"},"content":{"rendered":"<ol>\n<li>W tym tygodniu w liturgii Ko\u015bcio\u0142a b\u0119dziemy obchodzi\u0107:<\/li>\n<\/ol>\n<ul>\n<li>W poniedzia\u0142ek: \u015awi\u0119to \u015bw. El\u017cbiety W\u0119gierskiej, Patronki FZ\u015a;<\/li>\n<li>We wtorek: Wspomnienie b\u0142. Karoliny K\u00f3zk\u00f3wny, dziewicy i m\u0119czennicy;<\/li>\n<li>W \u015brod\u0119: Wspomnienie b\u0142. Salomei, zakonnicy;<\/li>\n<li>W czwartek: Wspomnienie \u015bw. Rafa\u0142a Kalinowskiego, prezbitera;<\/li>\n<li>W pi\u0105tek: Wspomnienie Ofiarowania NMP;<\/li>\n<li>W sobot\u0119: Wspomnienie \u015bw. Cecylii, dziewicy i m\u0119czennicy;<\/li>\n<\/ul>\n<ol start=\"2\">\n<li>Tydzie\u0144 temu by\u0142a przeprowadzana zbi\u00f3rka na budow\u0119 hospicjum w \u017byrardowie. Zebrano 34 809 z\u0142. Wszystkim bardzo dzi\u0119kujemy za otwarto\u015b\u0107 serca.<\/li>\n<li>Z okazji 107 rocznicy odzyskania przez Polsk\u0119 niepodleg\u0142o\u015bci, zapraszamy na koncert pie\u015bni patriotycznych pt. \u201eMoja Ojczyzna &#8211; Polska\u201d w wykonaniu solist\u00f3w oraz Orkiestry D\u0119tej z \u0141\u0119czycy. Koncert odb\u0119dzie si\u0119\u0328\u00a0<strong>dzisiaj o godz. 16.00 w sali \u015bw. Bonawentury. <\/strong>Wst\u0119p wolny. Serdecznie zapraszamy.<\/li>\n<li>Za zmar\u0142ych polecanych w wypominkach modlimy si\u0119 w dni powszednie przez ca\u0142y miesi\u0105c listopad podczas nabo\u017ce\u0144stwa o godz. 17.30 oraz w ich intencji odprawiane s\u0105 Msze \u015bwi\u0119te o godz. 18.00. Zapraszamy do wsp\u00f3lnej modlitwy.<\/li>\n<li>Dnia 18 listopada przypada 31. rocznica \u015bmierci S\u0142ugi Bo\u017cego Br. Innocentego Marii W\u00f3jcika, wielkiego czciciela Niepokalanej i o. Maksymiliana. Zapraszamy o godz. 11.00 na uroczyst\u0105 Eucharysti\u0119 do bazyliki, po kt\u00f3rej udamy si\u0119 na cmentarz klasztorny na gr\u00f3b S\u0142ugi Bo\u017cego.<\/li>\n<li>Za tydzie\u0144 \u2013 ostatnia niedziela roku liturgicznego, a zarazem uroczysto\u015b\u0107 Jezusa Chrystusa, Kr\u00f3la Wszech\u015bwiata. Tego dnia na sumie o godz. 10.00 zostan\u0105 pob\u0142ogos\u0142awione op\u0142atki wigilijne, kt\u00f3re tradycj\u0105 lat ubieg\u0142ych b\u0119d\u0105 roznoszone rodzinom naszej parafii. Op\u0142atki b\u0119d\u0105 r\u00f3wnie\u017c dost\u0119pne w zakrystii.<\/li>\n<li>W sobot\u0119 o godz. 9.00 rozpoczynamy budow\u0119 \u017cywej szoki przy domu parafialnym. Zapraszamy ch\u0119tnych m\u0119\u017cczyzn i m\u0142odzie\u017c do pomocy.<\/li>\n<li>Za tydzie\u0144 rozpoczynamy w naszej parafii kurs nauki przedma\u0142\u017ce\u0144skich. Spotkania b\u0119d\u0105 odbywa\u0142y si\u0119 w ka\u017cd\u0105 niedziel\u0119 o godz.15.00. Pierwsze spotkanie w Sali \u015bw. Bonawentury.<\/li>\n<li>W tym tygodniu z naszej wsp\u00f3lnoty parafialnej odeszli do wieczno\u015bci: \u015bp. Janina \u017burawska l. 71 z Teresina i \u015bp. Bronis\u0142aw Dominiak l. 90 z Teresina i \u015bp. o. Stanis\u0142aw Pi\u0119tka l. 72 z klasztoru Niepokalanowa Lasku. <em>Wieczny odpoczynek racz im da\u0107 Panie\u2026 <\/em><\/li>\n<\/ol>\n","protected":false},"excerpt":{"rendered":"<p>W tym tygodniu w liturgii Ko\u015bcio\u0142a b\u0119dziemy obchodzi\u0107: W poniedzia\u0142ek: \u015awi\u0119to \u015bw. El\u017cbiety W\u0119gierskiej, Patronki FZ\u015a; We wtorek: Wspomnienie b\u0142. Karoliny K\u00f3zk\u00f3wny, dziewicy i m\u0119czennicy; W \u015brod\u0119: Wspomnienie b\u0142. Salomei, [&hellip;]<\/p>\n","protected":false},"author":2,"featured_media":18166,"comment_status":"closed","ping_status":"open","sticky":false,"template":"","format":"standard","meta":{"footnotes":""},"categories":[1],"tags":[],"class_list":["post-19160","post","type-post","status-publish","format-standard","has-post-thumbnail","hentry","category-bez-kategorii"],"_links":{"self":[{"href":"https:\/\/parafia.niepokalanow.pl\/index.php?rest_route=\/wp\/v2\/posts\/19160","targetHints":{"allow":["GET"]}}],"collection":[{"href":"https:\/\/parafia.niepokalanow.pl\/index.php?rest_route=\/wp\/v2\/posts"}],"about":[{"href":"https:\/\/parafia.niepokalanow.pl\/index.php?rest_route=\/wp\/v2\/types\/post"}],"author":[{"embeddable":true,"href":"https:\/\/parafia.niepokalanow.pl\/index.php?rest_route=\/wp\/v2\/users\/2"}],"replies":[{"embeddable":true,"href":"https:\/\/parafia.niepokalanow.pl\/index.php?rest_route=%2Fwp%2Fv2%2Fcomments&post=19160"}],"version-history":[{"count":0,"href":"https:\/\/parafia.niepokalanow.pl\/index.php?rest_route=\/wp\/v2\/posts\/19160\/revisions"}],"wp:featuredmedia":[{"embeddable":true,"href":"https:\/\/parafia.niepokalanow.pl\/index.php?rest_route=\/wp\/v2\/media\/18166"}],"wp:attachment":[{"href":"https:\/\/parafia.niepokalanow.pl\/index.php?rest_route=%2Fwp%2Fv2%2Fmedia&parent=19160"}],"wp:term":[{"taxonomy":"category","embeddable":true,"href":"https:\/\/parafia.niepokalanow.pl\/index.php?rest_route=%2Fwp%2Fv2%2Fcategories&post=19160"},{"taxonomy":"post_tag","embeddable":true,"href":"https:\/\/parafia.niepokalanow.pl\/index.php?rest_route=%2Fwp%2Fv2%2Ftags&post=19160"}],"curies":[{"name":"wp","href":"https:\/\/api.w.org\/{rel}","templated":true}]}}