{"id":19146,"date":"2025-11-07T09:08:14","date_gmt":"2025-11-07T08:08:14","guid":{"rendered":"http:\/\/parafia.niepokalanow.pl\/?p=19146"},"modified":"2025-11-07T09:08:23","modified_gmt":"2025-11-07T08:08:23","slug":"xxxii-niedziela-zwykla-9-11-2025","status":"publish","type":"post","link":"https:\/\/parafia.niepokalanow.pl\/?p=19146","title":{"rendered":"XXXII Niedziela zwyk\u0142a 9.11.2025"},"content":{"rendered":"<ol>\n<li>W tym tygodniu w liturgii Ko\u015bcio\u0142a b\u0119dziemy obchodzi\u0107:\n<ul>\n<li>10 listopada Wspomnienie \u015bw. Leona Wielkiego \u2013 papie\u017ca i doktora Ko\u015bcio\u0142a<\/li>\n<li>11 listopada Wspomnienie \u015bw. Marcina z Tours &#8211; biskupa<\/li>\n<li>12 listopada Wspomnienie \u015bw. Jozafata \u2013 biskupa i m\u0119czennika<\/li>\n<li>13 listopada Wspomnienie \u015bw. Benedykta, Jana, Mateusza, Izaaka i Krystyna -pierwszych Polskich m\u0119czennik\u00f3w<\/li>\n<li>14 listopada Wspomnienie \u015aw. Miko\u0142aja Tavelicia i tow. &#8211; m\u0119czennik\u00f3w<\/li>\n<\/ul>\n<\/li>\n<li>Za zmar\u0142ych polecanych w wypominkach modlimy si\u0119 w dni powszednie przez ca\u0142y miesi\u0105c listopad podczas nabo\u017ce\u0144stwa o godz. 17.30 oraz w ich intencji odprawiane s\u0105 Msze \u015bwi\u0119te o godz. 18.00. Zapraszamy do wsp\u00f3lnej modlitwy.<\/li>\n<li>Dzi\u015b po Mszy \u015bw. o godz. 10.00 spotkanie K\u00f3\u0142 \u017bywego R\u00f3\u017ca\u0144ca w domu parafialnym.<\/li>\n<li>11 listopada w naszej bazylice o godz. 11.00 zostanie odprawiona Msza \u015bw. za Ojczyzn\u0119, modli\u0107 si\u0119 b\u0119dziemy o Bo\u017ce b\u0142ogos\u0142awie\u0144stwo i dar pokoju.<\/li>\n<li>W sobot\u0119 15 listopada zapraszamy na godz. 9.00 do kaplicy \u015bw. Maksymiliana, gdzie b\u0119dzie sprawowana Msza \u015bw. w intencji naszej Ojczyzny, Radia Maryja i telewizji Trwam.<\/li>\n<li>W niedziel\u0119 16 listopada po Mszy \u015bw. o 11:30 odb\u0119dzie si\u0119 spotkanie dla rodzic\u00f3w dzieci przygotowuj\u0105cych si\u0119 do I Komunii \u015aw.<\/li>\n<li>Za dwa tygodnie rozpoczyna si\u0119 w naszej parafii kurs nauk przedma\u0142\u017ce\u0144skich. Spotkania odbywa\u0107 si\u0119 b\u0119d\u0105 w\u00a0niedziel\u0119 od godz. 15.00. Zapisy na pierwszym spotkaniu lub na adres email podany na stronie internetowej naszej parafii.<\/li>\n<li>Ko\u0142o Przyjaci\u00f3\u0142 Radia Maryja przy Parafii Niepokalan\u00f3w, zaprasza na uroczysto\u015bci 34 rocznicy Radia Maryja do Torunia w dniu 6 grudnia. Koszt wyjazdu 90 z\u0142. Szczeg\u00f3\u0142y na tablicy og\u0142osze\u0144 i przy bramie przed bazylik\u0105.<\/li>\n<li>Dzi\u015b przy drzwiach bazyliki zbierane s\u0105 podpisy pod petycj\u0105 skierowan\u0105 do Pana Prezydenta RP, Karola Nawrockiego z pro\u015bb\u0105 o u\u0142askawienie pani Weroniki Krawczyk, matki tr\u00f3jki dzieci, kt\u00f3ra po trzech latach sprawy s\u0105dowej, zosta\u0142a skazana prawomocnym wyrokiem na trzy miesi\u0105ce prac spo\u0142ecznych, pokrycie koszt\u00f3w procesu i przeproszenie ginekologa, kt\u00f3ry namawia\u0142 j\u0105 do aborcji. Wbrew radom lekarza, pani Weronika urodzi\u0142a dziecko. Gdy p\u00f3\u017aniej na forach internetowych odradza\u0142a innym kobietom korzystania z pomocy owego ginekologa, ten oskar\u017cy\u0142 kobiet\u0119 o znies\u0142awienie. Podpisanie petycji b\u0119dzie pomoc\u0105 pani Weronice i sprzeciwem wobec zaistnia\u0142ej sytuacji.<\/li>\n<li>W tym tygodniu z naszej wsp\u00f3lnoty parafialnej odeszli do wieczno\u015bci:. \u015ap. Roman Koz\u0142owski l. 68 z Teresina; \u015bp. Krzysztof Krupa l. 65 z Ludwikowa; \u015bp. Ma\u0142gorzata Borkowska l .44 z Granic; Magdalena Kierzkowska l. 73 z Teresina i O. Leszek Kowalik l.70 z naszego klasztoru. <em>Wieczny odpoczynek racz im da\u0107 Panie\u2026 <\/em><\/li>\n<\/ol>\n","protected":false},"excerpt":{"rendered":"<p>W tym tygodniu w liturgii Ko\u015bcio\u0142a b\u0119dziemy obchodzi\u0107: 10 listopada Wspomnienie \u015bw. Leona Wielkiego \u2013 papie\u017ca i doktora Ko\u015bcio\u0142a 11 listopada Wspomnienie \u015bw. Marcina z Tours &#8211; biskupa 12 listopada [&hellip;]<\/p>\n","protected":false},"author":2,"featured_media":18166,"comment_status":"closed","ping_status":"open","sticky":false,"template":"","format":"standard","meta":{"footnotes":""},"categories":[1],"tags":[],"class_list":["post-19146","post","type-post","status-publish","format-standard","has-post-thumbnail","hentry","category-bez-kategorii"],"_links":{"self":[{"href":"https:\/\/parafia.niepokalanow.pl\/index.php?rest_route=\/wp\/v2\/posts\/19146","targetHints":{"allow":["GET"]}}],"collection":[{"href":"https:\/\/parafia.niepokalanow.pl\/index.php?rest_route=\/wp\/v2\/posts"}],"about":[{"href":"https:\/\/parafia.niepokalanow.pl\/index.php?rest_route=\/wp\/v2\/types\/post"}],"author":[{"embeddable":true,"href":"https:\/\/parafia.niepokalanow.pl\/index.php?rest_route=\/wp\/v2\/users\/2"}],"replies":[{"embeddable":true,"href":"https:\/\/parafia.niepokalanow.pl\/index.php?rest_route=%2Fwp%2Fv2%2Fcomments&post=19146"}],"version-history":[{"count":0,"href":"https:\/\/parafia.niepokalanow.pl\/index.php?rest_route=\/wp\/v2\/posts\/19146\/revisions"}],"wp:featuredmedia":[{"embeddable":true,"href":"https:\/\/parafia.niepokalanow.pl\/index.php?rest_route=\/wp\/v2\/media\/18166"}],"wp:attachment":[{"href":"https:\/\/parafia.niepokalanow.pl\/index.php?rest_route=%2Fwp%2Fv2%2Fmedia&parent=19146"}],"wp:term":[{"taxonomy":"category","embeddable":true,"href":"https:\/\/parafia.niepokalanow.pl\/index.php?rest_route=%2Fwp%2Fv2%2Fcategories&post=19146"},{"taxonomy":"post_tag","embeddable":true,"href":"https:\/\/parafia.niepokalanow.pl\/index.php?rest_route=%2Fwp%2Fv2%2Ftags&post=19146"}],"curies":[{"name":"wp","href":"https:\/\/api.w.org\/{rel}","templated":true}]}}