{"id":19131,"date":"2025-10-24T13:59:49","date_gmt":"2025-10-24T11:59:49","guid":{"rendered":"http:\/\/parafia.niepokalanow.pl\/?p=19131"},"modified":"2025-10-24T13:59:49","modified_gmt":"2025-10-24T11:59:49","slug":"xxx-niedziela-zwykla-26-10-2025","status":"publish","type":"post","link":"https:\/\/parafia.niepokalanow.pl\/?p=19131","title":{"rendered":"XXX Niedziela zwyk\u0142a 26.10.2025"},"content":{"rendered":"<ol>\n<li>W tym tygodniu w liturgii Ko\u015bcio\u0142a b\u0119dziemy obchodzi\u0107:<\/li>\n<\/ol>\n<ul>\n<li>We wtorek: \u015bwi\u0119tych Aposto\u0142\u00f3w Szymona i Judy Tadeusza,<\/li>\n<li>W sobot\u0119: Uroczysto\u015b\u0107 Wszystkich \u015awi\u0119tych.<\/li>\n<\/ul>\n<ol start=\"2\">\n<li>W czwartek po r\u00f3\u017ca\u0144cu dla dzieci, czyli ok. godz. 17.40 zapraszamy dzieci na \u201eBal Wszystkich \u015awi\u0119tych\u201d do Domu Parafialnego. Zapewniamy dobr\u0105 zabaw\u0119, konkursy z nagrodami i wiele innych atrakcji. To spotkanie ma przybli\u017cy\u0107 dzieciom temat zbawienia, kt\u00f3re jest g\u0142\u00f3wnym motywem Uroczysto\u015bci Wszystkich \u015awi\u0119tych. Dzieci zach\u0119camy do przebrania si\u0119 za posta\u0107 wybranego \u015bwi\u0119tego. Jednocze\u015bnie przypominamy, \u017ce sprzeczny z wiar\u0105 katolick\u0105 jest udzia\u0142<br \/>\nw zabawach Halloween (czyt.: Helo\u0142in) promuj\u0105cych kultur\u0119 \u015bmierci.<\/li>\n<li>W pi\u0105tek, w przededniu uroczysto\u015bci Wszystkich \u015awi\u0119tych, nie b\u0119dzie r\u00f3\u017ca\u0144ca o godz. 17.00, za\u015b po Mszy \u015bwi\u0119tej wieczornej zapraszamy na R\u00f3\u017caniec ze \u015bwi\u0119tymi i nabo\u017ce\u0144stwo z relikwiami naszych Patron\u00f3w. Pragniemy w ten spos\u00f3b rozpali\u0107 w nas t\u0119sknot\u0119 za Niebem, \u015bwi\u0119to\u015bci\u0105 i\u00a0Bogiem.<\/li>\n<li>W pi\u0105tek 31 pa\u017adziernika w kaplicy \u015bw. Maksymiliana odb\u0119dzie si\u0119 czuwanie modlitewne przed pierwsz\u0105 sobot\u0105. Rozpocz\u0119cie o 19:00, w programie adoracja Naj\u015bwi\u0119tszego Sakramentu, r\u00f3\u017caniec i Msza \u015bw. o 21:10.<\/li>\n<li>W sobot\u0119 Spotkanie &#8222;Oddaj si\u0119 Maryi&#8221;. O 9.30 w sali \u015bw. Bonawentury, wprowadzenie duchowe i \u015bwiadectwa, nast\u0119pnie o 10:30 konferencja Andrzeja Wronki pt. \u015amier\u0107 i co dalej? O 11:30 w bazylice Msza \u015bw. z zawierzeniem. Po Mszy \u015bw. nabo\u017ce\u0144stwo wynagradzaj\u0105ce Niepokalanemu Sercu Maryi, po\u015bwi\u0119cenie sakramentali\u00f3w i mo\u017cliwo\u015b\u0107 przyst\u0105pienia do Rycerstwa Niepokalanej.<\/li>\n<li>W uroczysto\u015b\u0107 Wszystkich \u015awi\u0119tych porz\u0105dek Mszy \u015bw. niedzielny z wyj\u0105tkiem Mszy \u015bw.o godz. 13.00, kt\u00f3rej nie b\u0119dzie w bazylice, natomiast b\u0119dzie <u>sprawowana o godz. 13.00 na cmentarzu parafialnym<\/u>, a po niej procesja. Przypominamy wiernym, \u017ce w\u00a0uroczysto\u015b\u0107 Wszystkich \u015awi\u0119tych obowi\u0105zuje udzia\u0142 we Mszy \u015bw.<\/li>\n<li>W niedziel\u0119, 2 listopada Wspomnienie Wszystkich Wiernych Zmar\u0142ych, czyli Dzie\u0144 Zaduszny. W tym dniu na cmentarzu parafialnym zostanie odprawiona dodatkowa Msza \u015bw. o godz. 17.00, przed ni\u0105 b\u0119d\u0105 odczytane wypominki, a po niej procesja. Prosimy o zabranie ze sob\u0105 lampion\u00f3w i zniczy. Tego dnia nie b\u0119dzie nabo\u017ce\u0144stwa w bazylice o godz. 17.00.<\/li>\n<li>Za zmar\u0142ych polecanych w wypominkach modli\u0107 si\u0119 b\u0119dziemy w dni powszednie przez ca\u0142y miesi\u0105c listopad podczas nabo\u017ce\u0144stwa o godz. 17.30 oraz w ich intencji b\u0119dziemy odprawia\u0107 Msze \u015bwi\u0119te o godz. 18.00. Tradycj\u0105 lat ubieg\u0142ych wypominki b\u0119d\u0105 czytane w\u00a0nast\u0119puj\u0105cym porz\u0105dku: w\u00a0poniedzia\u0142ek i wtorek z Teresina, w \u015brod\u0119 z Paprotni, w\u00a0czwartek z\u00a0Topo\u0142owej, Serok, Ludwikowa i Granic, w pi\u0105tek z Budek Piaseckich, Starej i\u00a0Nowej Piasecznicy, Kask oraz wypominki zamiejscowe.<\/li>\n<li>Przypominamy, \u017ce w dniach od 1 do 8 listopada mo\u017cna zyska\u0107 odpust zupe\u0142ny nawiedzaj\u0105c cmentarz, odmawiaj\u0105c modlitw\u0119 i b\u0119d\u0105c w stanie \u0142aski u\u015bwi\u0119caj\u0105cej.<\/li>\n<li>Informujemy, \u017ce na furcie klasztornej jest ju\u017c kalendarz z intencjami na rok 2026.<\/li>\n<li>Zapraszamy do zapisywania si\u0119 na Kurs Nowe \u017bycie, kt\u00f3ry odb\u0119dzie si\u0119 w dniach 14-16 listopada w Domu Parafialnym. Szczeg\u00f3\u0142y na stronie internetowej odnowaniepokalanow.pl.<\/li>\n<\/ol>\n","protected":false},"excerpt":{"rendered":"<p>W tym tygodniu w liturgii Ko\u015bcio\u0142a b\u0119dziemy obchodzi\u0107: We wtorek: \u015bwi\u0119tych Aposto\u0142\u00f3w Szymona i Judy Tadeusza, W sobot\u0119: Uroczysto\u015b\u0107 Wszystkich \u015awi\u0119tych. W czwartek po r\u00f3\u017ca\u0144cu dla dzieci, czyli ok. godz. [&hellip;]<\/p>\n","protected":false},"author":2,"featured_media":18166,"comment_status":"closed","ping_status":"open","sticky":false,"template":"","format":"standard","meta":{"footnotes":""},"categories":[1],"tags":[],"class_list":["post-19131","post","type-post","status-publish","format-standard","has-post-thumbnail","hentry","category-bez-kategorii"],"_links":{"self":[{"href":"https:\/\/parafia.niepokalanow.pl\/index.php?rest_route=\/wp\/v2\/posts\/19131","targetHints":{"allow":["GET"]}}],"collection":[{"href":"https:\/\/parafia.niepokalanow.pl\/index.php?rest_route=\/wp\/v2\/posts"}],"about":[{"href":"https:\/\/parafia.niepokalanow.pl\/index.php?rest_route=\/wp\/v2\/types\/post"}],"author":[{"embeddable":true,"href":"https:\/\/parafia.niepokalanow.pl\/index.php?rest_route=\/wp\/v2\/users\/2"}],"replies":[{"embeddable":true,"href":"https:\/\/parafia.niepokalanow.pl\/index.php?rest_route=%2Fwp%2Fv2%2Fcomments&post=19131"}],"version-history":[{"count":0,"href":"https:\/\/parafia.niepokalanow.pl\/index.php?rest_route=\/wp\/v2\/posts\/19131\/revisions"}],"wp:featuredmedia":[{"embeddable":true,"href":"https:\/\/parafia.niepokalanow.pl\/index.php?rest_route=\/wp\/v2\/media\/18166"}],"wp:attachment":[{"href":"https:\/\/parafia.niepokalanow.pl\/index.php?rest_route=%2Fwp%2Fv2%2Fmedia&parent=19131"}],"wp:term":[{"taxonomy":"category","embeddable":true,"href":"https:\/\/parafia.niepokalanow.pl\/index.php?rest_route=%2Fwp%2Fv2%2Fcategories&post=19131"},{"taxonomy":"post_tag","embeddable":true,"href":"https:\/\/parafia.niepokalanow.pl\/index.php?rest_route=%2Fwp%2Fv2%2Ftags&post=19131"}],"curies":[{"name":"wp","href":"https:\/\/api.w.org\/{rel}","templated":true}]}}