{"id":19117,"date":"2025-10-17T09:52:48","date_gmt":"2025-10-17T07:52:48","guid":{"rendered":"http:\/\/parafia.niepokalanow.pl\/?p=19117"},"modified":"2025-10-17T09:54:46","modified_gmt":"2025-10-17T07:54:46","slug":"xxix-niedziela-zwykla-19-10-2025","status":"publish","type":"post","link":"https:\/\/parafia.niepokalanow.pl\/?p=19117","title":{"rendered":"XXIX Niedziela zwyk\u0142a 19.10.2025"},"content":{"rendered":"<ol>\n<li>W tym tygodniu w liturgii Ko\u015bcio\u0142a b\u0119dziemy obchodzi\u0107:<\/li>\n<\/ol>\n<ul>\n<li>W poniedzia\u0142ek: Wspomnienie \u015bw. Jana Kantego, prezbitera,<\/li>\n<li>W \u015brod\u0119: <a href=\"http:\/\/www.brewiarz.pl\/x_14\/2210p\/index.php3?l=i\">Wspomnienie \u015bw. Jana Paw\u0142a II, papie\u017ca<\/a>;<\/li>\n<li>W czwartek: Wspomnienie \u015bw. Jana Kapistrana, prezbitera.<\/li>\n<\/ul>\n<ol start=\"4\">\n<li>Tydzie\u0144 temu zbierali\u015bmy ofiary na stypendia dla ubogiej m\u0142odzie\u017cy z teren\u00f3w wiejskich. Zebrali\u015bmy 14\u00a0308 z\u0142. Wszystkim bardzo dzi\u0119kujemy za otwarto\u015b\u0107 serca.<\/li>\n<li>Dzisiaj obchodzimy Narodowy Dzie\u0144 Pami\u0119ci Duchownych Niez\u0142omnych. Osob\u0105, kt\u00f3r\u0105 b\u0119dziemy wspominali b\u0119dzie ks. Franciszek Blachnicki. O godzinie 11.30 w domu rekolekcyjnym \u015bw. Teresy zapraszamy na spotkanie z panem Andrzejem Urba\u0144skim, kt\u00f3ry zaprezentuje reporta\u017c \u201eWyzwolony Prorok naszych czas\u00f3w\u201d. Na Mszy \u015bw. o godz. 13.00 b\u0119dziemy modlili si\u0119 w intencji Duchowych Niez\u0142omnych, po czym o godz. 14.30 zapraszamy do sali \u015bw. Bonawentury na film pani Anity Gargas \u201eOperacja Baxis\u201d i prelekcj\u0119 pana genera\u0142a Andrzeja Kowalskiego. W przedsionku bazyliki mo\u017cna naby\u0107 ksi\u0105\u017ck\u0119 opisuj\u0105c\u0105 kilkumiesi\u0119czny pobyt ks. Blachnickiego w Niepokalanowie.<\/li>\n<li>Zapraszamy Rycerzy Niepokalanej na spotkanie formacyjne, kt\u00f3re odb\u0119dzie si\u0119<br \/>\nw sobot\u0119 w Domu Parafialnym o g. 19.00.<\/li>\n<li>Za tydzie\u0144 podczas Mszy \u015bw. o godz. 18.00 i na nabo\u017ce\u0144stwie po Mszy \u015bwi\u0119tej modli\u0107 si\u0119 b\u0119dziemy o \u0142ask\u0119 uzdro\u00adwienia duszy i cia\u0142a. Zapraszamy na\u00a0wsp\u00f3ln\u0105 modlitw\u0119.<\/li>\n<li>Zbli\u017ca si\u0119 miesi\u0105c listopad, w kt\u00f3rym pami\u0119tamy w modlitwie o naszych zmar\u0142ych. Kartki z imionami zmar\u0142ych przyjmujemy w\u00a0zakrystii, przy furcie klasztornej<br \/>\ni w kancelarii. Prosimy o wyra\u017ane, czytelne wypisywanie imion zmar\u0142ych oraz podawanie miejscowo\u015bci zamieszkania rodziny, kt\u00f3ra poleca ich modlitwie Ko\u015bcio\u0142a.<\/li>\n<li>Ko\u0142o Przyjaci\u00f3\u0142 Radia Maryja, zaprasza na pielgrzymk\u0119 do Torunia 6 grudnia na uroczysto\u015bci z okazji 34 rocznicy powstania Radia Maryja. Koszt 90 z\u0142. Szczeg\u00f3\u0142y<br \/>\ni telefony do kontaktu na tablicy przy bazylice i przy g\u0142\u00f3wnej bramie.<\/li>\n<li>W tym tygodniu z naszej wsp\u00f3lnoty parafialnej odszed\u0142 do wieczno\u015bci: \u015bp. Jerzy Iwanicki l. 75 z Teresina. <em>Wieczny odpoczynek racz mu da\u0107 Panie\u2026<\/em><\/li>\n<\/ol>\n","protected":false},"excerpt":{"rendered":"<p>W tym tygodniu w liturgii Ko\u015bcio\u0142a b\u0119dziemy obchodzi\u0107: W poniedzia\u0142ek: Wspomnienie \u015bw. Jana Kantego, prezbitera, W \u015brod\u0119: Wspomnienie \u015bw. Jana Paw\u0142a II, papie\u017ca; W czwartek: Wspomnienie \u015bw. Jana Kapistrana, prezbitera. [&hellip;]<\/p>\n","protected":false},"author":2,"featured_media":18166,"comment_status":"closed","ping_status":"open","sticky":false,"template":"","format":"standard","meta":{"footnotes":""},"categories":[1],"tags":[],"class_list":["post-19117","post","type-post","status-publish","format-standard","has-post-thumbnail","hentry","category-bez-kategorii"],"_links":{"self":[{"href":"https:\/\/parafia.niepokalanow.pl\/index.php?rest_route=\/wp\/v2\/posts\/19117","targetHints":{"allow":["GET"]}}],"collection":[{"href":"https:\/\/parafia.niepokalanow.pl\/index.php?rest_route=\/wp\/v2\/posts"}],"about":[{"href":"https:\/\/parafia.niepokalanow.pl\/index.php?rest_route=\/wp\/v2\/types\/post"}],"author":[{"embeddable":true,"href":"https:\/\/parafia.niepokalanow.pl\/index.php?rest_route=\/wp\/v2\/users\/2"}],"replies":[{"embeddable":true,"href":"https:\/\/parafia.niepokalanow.pl\/index.php?rest_route=%2Fwp%2Fv2%2Fcomments&post=19117"}],"version-history":[{"count":0,"href":"https:\/\/parafia.niepokalanow.pl\/index.php?rest_route=\/wp\/v2\/posts\/19117\/revisions"}],"wp:featuredmedia":[{"embeddable":true,"href":"https:\/\/parafia.niepokalanow.pl\/index.php?rest_route=\/wp\/v2\/media\/18166"}],"wp:attachment":[{"href":"https:\/\/parafia.niepokalanow.pl\/index.php?rest_route=%2Fwp%2Fv2%2Fmedia&parent=19117"}],"wp:term":[{"taxonomy":"category","embeddable":true,"href":"https:\/\/parafia.niepokalanow.pl\/index.php?rest_route=%2Fwp%2Fv2%2Fcategories&post=19117"},{"taxonomy":"post_tag","embeddable":true,"href":"https:\/\/parafia.niepokalanow.pl\/index.php?rest_route=%2Fwp%2Fv2%2Ftags&post=19117"}],"curies":[{"name":"wp","href":"https:\/\/api.w.org\/{rel}","templated":true}]}}