{"id":19099,"date":"2025-10-03T11:40:24","date_gmt":"2025-10-03T09:40:24","guid":{"rendered":"http:\/\/parafia.niepokalanow.pl\/?p=19099"},"modified":"2025-10-03T11:40:24","modified_gmt":"2025-10-03T09:40:24","slug":"xxvii-niedziela-zwykla-05-10-2025","status":"publish","type":"post","link":"https:\/\/parafia.niepokalanow.pl\/?p=19099","title":{"rendered":"XXVII Niedziela zwyk\u0142a 05.10.2025"},"content":{"rendered":"<ol>\n<li>W tym tygodniu w liturgii Ko\u015bcio\u0142a b\u0119dziemy obchodzi\u0107:<\/li>\n<\/ol>\n<ul>\n<li>We wtorek: Wspomnienie Naj\u015bwi\u0119tszej Maryi Panny R\u00f3\u017ca\u0144cowej;<\/li>\n<\/ul>\n<ol start=\"2\">\n<li>Dzi\u015b po Mszy \u015bw. o godz. 10.00 spotkanie wsp\u00f3lnoty \u017bywego R\u00f3\u017ca\u0144ca w Domu Parafialnym. Z racji I niedzieli miesi\u0105ca nabo\u017ce\u0144stwo r\u00f3\u017ca\u0144cowe o godz. 17.00 b\u0119dzie po\u0142\u0105czone z procesj\u0105 eucharystyczn\u0105. Zapraszamy do udzia\u0142u asyst\u0119 liturgiczn\u0105, ministrant\u00f3w, biel i dziewczynki sypi\u0105ce kwiaty.<\/li>\n<\/ol>\n<p>&nbsp;<\/p>\n<ol start=\"3\">\n<li>Nabo\u017ce\u0144stwa r\u00f3\u017ca\u0144cowe s\u0105 odprawiane w dni powszednie dla dzieci i m\u0142odzie\u017cy o godz. 17.00, za\u015b dla doros\u0142ych po Mszy \u015bw. wieczornej ok. godz. 18.30. W soboty nabo\u017ce\u0144stwo w kaplicy \u015bw. Maksymiliana o godz. 17.30.<\/li>\n<\/ol>\n<p>&nbsp;<\/p>\n<ol start=\"4\">\n<li>Za tydzie\u0144 obchodzimy XXV Dzie\u0144 Papieski pod has\u0142em: ,,\u015aw. Jan Pawe\u0142 II. Prorok Nadziei\u201d. Przez ca\u0142\u0105 niedziel\u0119 b\u0119d\u0105 zbierane fundusze na stypendia dla ubogiej m\u0142odzie\u017cy z teren\u00f3w wiejskich.<\/li>\n<\/ol>\n<p>&nbsp;<\/p>\n<ol start=\"5\">\n<li>Pragniemy poinformowa\u0107, \u017ce przygotowanie do bierzmowania dla doros\u0142ych rozpocznie si\u0119 w najbli\u017csz\u0105 \u015brod\u0119 o godz. 19.00 w domu parafialnym.<\/li>\n<\/ol>\n<p>&nbsp;<\/p>\n<p>&nbsp;<\/p>\n<ol start=\"6\">\n<li>Zbli\u017ca si\u0119 listopad, w kt\u00f3rym pami\u0119tamy w modlitwie o naszych zmar\u0142ych. B\u0119dziemy poleca\u0107 ich Mi\u0142osierdziu Bo\u017cemu podczas nabo\u017ce\u0144stwa wspominkowego przez ca\u0142y miesi\u0105c w dni powszednie. Kartki z imionami zmar\u0142ych przyjmujemy w zakrystii, przy furcie klasztornej i w kancelarii. Prosimy o wyra\u017ane, czytelne wypisywanie imion zmar\u0142ych oraz podawanie miejscowo\u015bci zamieszkania rodziny, kt\u00f3ra poleca ich modlitwie Ko\u015bcio\u0142a.<\/li>\n<\/ol>\n","protected":false},"excerpt":{"rendered":"<p>W tym tygodniu w liturgii Ko\u015bcio\u0142a b\u0119dziemy obchodzi\u0107: We wtorek: Wspomnienie Naj\u015bwi\u0119tszej Maryi Panny R\u00f3\u017ca\u0144cowej; Dzi\u015b po Mszy \u015bw. o godz. 10.00 spotkanie wsp\u00f3lnoty \u017bywego R\u00f3\u017ca\u0144ca w Domu Parafialnym. Z [&hellip;]<\/p>\n","protected":false},"author":2,"featured_media":18166,"comment_status":"closed","ping_status":"open","sticky":false,"template":"","format":"standard","meta":{"footnotes":""},"categories":[1],"tags":[],"class_list":["post-19099","post","type-post","status-publish","format-standard","has-post-thumbnail","hentry","category-bez-kategorii"],"_links":{"self":[{"href":"https:\/\/parafia.niepokalanow.pl\/index.php?rest_route=\/wp\/v2\/posts\/19099","targetHints":{"allow":["GET"]}}],"collection":[{"href":"https:\/\/parafia.niepokalanow.pl\/index.php?rest_route=\/wp\/v2\/posts"}],"about":[{"href":"https:\/\/parafia.niepokalanow.pl\/index.php?rest_route=\/wp\/v2\/types\/post"}],"author":[{"embeddable":true,"href":"https:\/\/parafia.niepokalanow.pl\/index.php?rest_route=\/wp\/v2\/users\/2"}],"replies":[{"embeddable":true,"href":"https:\/\/parafia.niepokalanow.pl\/index.php?rest_route=%2Fwp%2Fv2%2Fcomments&post=19099"}],"version-history":[{"count":0,"href":"https:\/\/parafia.niepokalanow.pl\/index.php?rest_route=\/wp\/v2\/posts\/19099\/revisions"}],"wp:featuredmedia":[{"embeddable":true,"href":"https:\/\/parafia.niepokalanow.pl\/index.php?rest_route=\/wp\/v2\/media\/18166"}],"wp:attachment":[{"href":"https:\/\/parafia.niepokalanow.pl\/index.php?rest_route=%2Fwp%2Fv2%2Fmedia&parent=19099"}],"wp:term":[{"taxonomy":"category","embeddable":true,"href":"https:\/\/parafia.niepokalanow.pl\/index.php?rest_route=%2Fwp%2Fv2%2Fcategories&post=19099"},{"taxonomy":"post_tag","embeddable":true,"href":"https:\/\/parafia.niepokalanow.pl\/index.php?rest_route=%2Fwp%2Fv2%2Ftags&post=19099"}],"curies":[{"name":"wp","href":"https:\/\/api.w.org\/{rel}","templated":true}]}}