{"id":19087,"date":"2025-09-26T21:44:22","date_gmt":"2025-09-26T19:44:22","guid":{"rendered":"http:\/\/parafia.niepokalanow.pl\/?p=19087"},"modified":"2025-09-26T21:46:37","modified_gmt":"2025-09-26T19:46:37","slug":"xxvi-niedziela-zwykla-28-09-2025-r","status":"publish","type":"post","link":"https:\/\/parafia.niepokalanow.pl\/?p=19087","title":{"rendered":"XXVI Niedziela zwyk\u0142a 28.09.2025 r."},"content":{"rendered":"<ol>\n<li>W tym tygodniu w liturgii Ko\u015bcio\u0142a b\u0119dziemy obchodzi\u0107:<\/li>\n<\/ol>\n<ul>\n<li>W poniedzia\u0142ek: \u015awi\u0119to \u015bwi\u0119tych Archanio\u0142\u00f3w Micha\u0142a, Gabriela i Rafa\u0142a;<\/li>\n<li>We wtorek: Wspomnienie \u015bw. Hieronima;<\/li>\n<li>W \u015brod\u0119: Wspomnienie \u015bw. Teresy od Dzieci\u0105tka Jezus, dziewicy i doktora Ko\u015bcio\u0142a;<\/li>\n<li>W czwartek: Wspomnienie \u015bwi\u0119tych Anio\u0142\u00f3w Str\u00f3\u017c\u00f3w;<\/li>\n<li>W sobot\u0119: Uroczysto\u015b\u0107 \u015bw. Ojca Franciszka, diakona, Za\u0142o\u017cyciela trzech Zakon\u00f3w;<\/li>\n<\/ul>\n<ol start=\"2\">\n<li>Dzi\u015b o godz. 15.00, zapraszamy parafian do modlitwy Koronk\u0105 do Bo\u017cego Mi\u0142osierdzia na ulicach miast \u015bwiata &#8211; znan\u0105 pod has\u0142em \u201eIskra Mi\u0142osierdzia\u201d. W naszej parafii spotykamy si\u0119 przy Figurze Matki Bo\u017cej na workach naprzeciwko poczty. Zach\u0119camy wszystkich do w\u0142\u0105czenia si\u0119 w t\u0119 pi\u0119kn\u0105 inicjatyw\u0119, by razem dawa\u0107 \u015bwiadectwo wiary i prosi\u0107 o Bo\u017ce Mi\u0142osierdzie dla naszych rodzin, parafii, Ojczyzny i ca\u0142ego \u015bwiata.<\/li>\n<li>Zapraszamy na charytatywny piknik historyczny dla Ma\u0142gorzaty Borkowskiej, kt\u00f3ry odbywa si\u0119 w godz. od 12.00 do18.00 na placu rekreacyjnym przy al. XX-lecia.<\/li>\n<li>W \u015brod\u0119 rozpoczynamy miesi\u0105c modlitwy r\u00f3\u017ca\u0144cowej. Nabo\u017ce\u0144stwa b\u0119d\u0105 odprawiane<br \/>\nw dni powszednie dla dzieci i m\u0142odzie\u017cy o godz. 17.00, za\u015b dla doros\u0142ych po Mszy \u015bw. wieczornej ok. godz. 18.30.<\/li>\n<li>W \u015brod\u0119 rozpoczynamy Triduum przed uroczysto\u015bci\u0105 \u015bw. Franciszka z Asy\u017cu. Rozwa\u017canie i modlitwy b\u0119d\u0105 na Mszy \u015bw. wieczornej o godz. 18.00. W pi\u0105tek, 3 pa\u017adziernika, po Mszy \u015bw. wieczornej, zostanie odprawione nabo\u017ce\u0144stwo Transitus \u2013 o b\u0142ogos\u0142awionej \u015bmierci \u015bw. Franciszka. Modlitwa r\u00f3\u017ca\u0144cowa w tym dniu b\u0119dzie tylko o godz. 17.00.<\/li>\n<\/ol>\n<p>Tego dnia przypada r\u00f3wnie\u017c kolejna rocznica konsekracji naszej bazyliki. B\u0119dziemy dzi\u0119kowa\u0107 Bogu za dar naszej \u015bwi\u0105tyni oraz za wszystko, co uczyni\u0142 dla nas w tym \u015bwi\u0119tym miejscu przez korzystanie z\u00a0sakrament\u00f3w i wsp\u00f3ln\u0105 modlitw\u0119.<\/p>\n<ol start=\"6\">\n<li>W I pi\u0105tek miesi\u0105ca spowied\u017a dla dzieci od godz. 16.30, a o 17.00 r\u00f3\u017caniec i Komunia \u015bw. Tego dnia udamy si\u0119 z pos\u0142ug\u0105 do chorych naszej parafii. R\u00f3wnie\u017c w pi\u0105tek, w kaplicy \u015bw. Maksymiliana odb\u0119dzie si\u0119 czuwanie modlitewne przed pierwsz\u0105 sobot\u0105; pocz\u0105tek o 20.00.<\/li>\n<li>W sobot\u0119 spotkanie &#8222;Oddaj si\u0119 Maryi&#8221;. O 9:30 w sali \u015bw. Bonawentury: konferencja<br \/>\ni \u015bwiadectwa, o 11.00 w bazylice Msza \u015bw. z zawierzeniem i nabo\u017ce\u0144stwo wynagradzaj\u0105ce Niepokalanemu Sercu Maryi.\u00a0Mszy \u015bw. b\u0119dzie przewodniczy\u0142 O. Prowincja\u0142 Piotr \u017burkiewicz. W tym dniu kilku naszych braci zakonnych b\u0119dzie obchodzi\u0142o 25-lecie \u015blub\u00f3w zakonnych. O 14.00 konferencj\u0119: <em>Maryjne objawienie w Medjugorie<\/em> wyg\u0142osi ks. Maciej Arkuszy\u0144ski &#8211; kapelan szpitala w Warszawie<em>. <\/em>Zako\u0144czenie Koronk\u0105 do Bo\u017cego Mi\u0142osierdzia.<\/li>\n<li>Dru\u017cyny Skaut\u00f3w dzia\u0142aj\u0105ce przy naszej parafii zapraszaj\u0105 dziewcz\u0119ta i ch\u0142opc\u00f3w<br \/>\nw wieku12-17 lat, aby zazna\u0107 harcerskiej przygody. Dru\u017cyna \u017ce\u0144ska zaprasza na zbi\u00f3rk\u0119 pokazow\u0105 05 pa\u017adziernika po Mszy \u015bw. o godz. 11.30. Kontakt na plakacie przy wyj\u015bciu<br \/>\nz ko\u015bcio\u0142a.<\/li>\n<li>W minionym tygodniu odeszli do wieczno\u015bci: \u015bp. Jerzy Wasilewski l. 80 z Teresina i \u015bp. Krzysztof Sowi\u0144ski l. 65 z Teresina. <em>Wieczny odpoczynek racz im da\u0107 Panie\u2026<\/em><\/li>\n<\/ol>\n","protected":false},"excerpt":{"rendered":"<p>W tym tygodniu w liturgii Ko\u015bcio\u0142a b\u0119dziemy obchodzi\u0107: W poniedzia\u0142ek: \u015awi\u0119to \u015bwi\u0119tych Archanio\u0142\u00f3w Micha\u0142a, Gabriela i Rafa\u0142a; We wtorek: Wspomnienie \u015bw. Hieronima; W \u015brod\u0119: Wspomnienie \u015bw. Teresy od Dzieci\u0105tka Jezus, [&hellip;]<\/p>\n","protected":false},"author":2,"featured_media":18166,"comment_status":"closed","ping_status":"open","sticky":false,"template":"","format":"standard","meta":{"footnotes":""},"categories":[1],"tags":[],"class_list":["post-19087","post","type-post","status-publish","format-standard","has-post-thumbnail","hentry","category-bez-kategorii"],"_links":{"self":[{"href":"https:\/\/parafia.niepokalanow.pl\/index.php?rest_route=\/wp\/v2\/posts\/19087","targetHints":{"allow":["GET"]}}],"collection":[{"href":"https:\/\/parafia.niepokalanow.pl\/index.php?rest_route=\/wp\/v2\/posts"}],"about":[{"href":"https:\/\/parafia.niepokalanow.pl\/index.php?rest_route=\/wp\/v2\/types\/post"}],"author":[{"embeddable":true,"href":"https:\/\/parafia.niepokalanow.pl\/index.php?rest_route=\/wp\/v2\/users\/2"}],"replies":[{"embeddable":true,"href":"https:\/\/parafia.niepokalanow.pl\/index.php?rest_route=%2Fwp%2Fv2%2Fcomments&post=19087"}],"version-history":[{"count":0,"href":"https:\/\/parafia.niepokalanow.pl\/index.php?rest_route=\/wp\/v2\/posts\/19087\/revisions"}],"wp:featuredmedia":[{"embeddable":true,"href":"https:\/\/parafia.niepokalanow.pl\/index.php?rest_route=\/wp\/v2\/media\/18166"}],"wp:attachment":[{"href":"https:\/\/parafia.niepokalanow.pl\/index.php?rest_route=%2Fwp%2Fv2%2Fmedia&parent=19087"}],"wp:term":[{"taxonomy":"category","embeddable":true,"href":"https:\/\/parafia.niepokalanow.pl\/index.php?rest_route=%2Fwp%2Fv2%2Fcategories&post=19087"},{"taxonomy":"post_tag","embeddable":true,"href":"https:\/\/parafia.niepokalanow.pl\/index.php?rest_route=%2Fwp%2Fv2%2Ftags&post=19087"}],"curies":[{"name":"wp","href":"https:\/\/api.w.org\/{rel}","templated":true}]}}