{"id":19060,"date":"2025-09-12T20:16:49","date_gmt":"2025-09-12T18:16:49","guid":{"rendered":"http:\/\/parafia.niepokalanow.pl\/?p=19060"},"modified":"2025-09-12T23:42:01","modified_gmt":"2025-09-12T21:42:01","slug":"ogloszenia-duszpasterskie-24-niedziela-zwykla-14-wrzesnia-2025","status":"publish","type":"post","link":"https:\/\/parafia.niepokalanow.pl\/?p=19060","title":{"rendered":"Og\u0142oszenia duszpasterskie \u015awi\u0119to Podwy\u017cszenia Krzy\u017ca \u015awi\u0119tego 14 wrze\u015bnia 2025"},"content":{"rendered":"<p>W tym tygodniu w liturgii Ko\u015bcio\u0142a b\u0119dziemy obchodzi\u0107:<br \/>\n\uf0b7 W poniedzia\u0142ek: Wspomnienie NMP Bolesnej<br \/>\n\uf0b7 We wtorek: Wspomnienie \u015bwi\u0119tych m\u0119czennik\u00f3w: Korneliusza, papie\u017ca<br \/>\ni Cypriana, biskupa;<br \/>\n\uf0b7 We \u015brod\u0119: \u015awi\u0119to Stygmat\u00f3w \u015bw. Franciszka z Asy\u017cu<br \/>\n\uf0b7 W czwartek: \u015awi\u0119to \u015bw. Stanis\u0142awa Kostki, zakonnika, patrona Polski;<br \/>\n\uf0b7 W pi\u0105tek: \u015awi\u0119to \u015bw. J\u00f3zefa z Kupertynu, prezbitera;<br \/>\n\uf0b7 W sobot\u0119: Wspomnienie \u015bwi\u0119tych m\u0119czennik\u00f3w Andrzeja Kim Taegon,<br \/>\nprezbitera, Paw\u0142a Chong Hasang i Towarzyszy.<\/p>\n<p>2. W poniedzia\u0142ek, 15 wrze\u015bnia wznawia dzia\u0142alno\u015b\u0107 nasza \u015bwietlica parafialna.<br \/>\nZapraszamy dzieci od 6. roku \u017cycia codziennie od poniedzia\u0142ku do pi\u0105tku w<br \/>\ngodz. 15.00-17.00.<br \/>\n3. Spotkanie dla rodzic\u00f3w dzieci, kt\u00f3re w przysz\u0142ym roku przyst\u0105pi\u0105 do pierwszej<br \/>\nSpowiedzi i Komunii \u015bw., odb\u0119dzie si\u0119 w przysz\u0142\u0105 niedziel\u0119 21 wrze\u015bnia w domu<br \/>\nparafialnym po Mszy o godz. 11:30 w Sali na g\u00f3rze. Podczas tego spotkania<br \/>\nrodzice sk\u0142ada\u0107 b\u0119d\u0105 pisemne deklaracje przyst\u0105pienia dzieci do I Komunii.<br \/>\n4. 20 wrze\u015bnia, w sobot\u0119 zapraszamy na piesz\u0105 pielgrzymk\u0119 rodzin z Niepokalanowa<br \/>\ndo Miedniewic, wyj\u015bcie o godz. 7:00 sprzed Bazyliki, powr\u00f3t do Niepokalanowa<br \/>\nautokarem.<br \/>\n5. 20 wrze\u015bnia w sobot\u0119 w domu parafialnym odb\u0119d\u0105 si\u0119 warsztaty z dobrej<br \/>\nkomunikacji dla par, ma\u0142\u017ce\u0144stw i rodzin. Szczeg\u00f3\u0142y dost\u0119pne na plakacie w<br \/>\ngablocie oraz stronie parafii.<br \/>\n6. Przed bazylik\u0105 znajduje si\u0119 stoisko z dewocjonaliami przywiezionymi<br \/>\nbezpo\u015brednio z Ziemi \u015awi\u0119tej przez mieszka\u0144c\u00f3w okolic Betlejem, kt\u00f3rzy<br \/>\nznale\u017ali si\u0119 w dramatycznej sytuacji materialnej w wyniku eskalacji konfliktu<br \/>\nna Bliskim Wschodzie. B\u0119dzie mo\u017cna naby\u0107 m.in. r\u0119cznie wykonane figurki,<br \/>\nr\u00f3\u017ca\u0144ce z drewna oliwnego, a tak\u017ce bransoletki zrobione przez dzieci z Domu<br \/>\nPokoju prowadzonego przez siostry el\u017cbietanki. To nie tylko pami\u0105tki z Ziemi<br \/>\n\u015awi\u0119tej \u2013 to przede wszystkim realna pomoc dla chrze\u015bcija\u0144skich rodzin z<br \/>\nBetlejem.<\/p>\n<p>7. W minionym tygodniu odesz\u0142a do wieczno\u015bci: \u015bp. Barbara Dmoch l.76 z Kask.<br \/>\nWieczny odpoczynek racz jej da\u0107 Panie<\/p>\n","protected":false},"excerpt":{"rendered":"<p>W tym tygodniu w liturgii Ko\u015bcio\u0142a b\u0119dziemy obchodzi\u0107: \uf0b7 W poniedzia\u0142ek: Wspomnienie NMP Bolesnej \uf0b7 We wtorek: Wspomnienie \u015bwi\u0119tych m\u0119czennik\u00f3w: Korneliusza, papie\u017ca i Cypriana, biskupa; \uf0b7 We \u015brod\u0119: \u015awi\u0119to Stygmat\u00f3w [&hellip;]<\/p>\n","protected":false},"author":2,"featured_media":18166,"comment_status":"closed","ping_status":"open","sticky":false,"template":"","format":"standard","meta":{"footnotes":""},"categories":[1],"tags":[],"class_list":["post-19060","post","type-post","status-publish","format-standard","has-post-thumbnail","hentry","category-bez-kategorii"],"_links":{"self":[{"href":"https:\/\/parafia.niepokalanow.pl\/index.php?rest_route=\/wp\/v2\/posts\/19060","targetHints":{"allow":["GET"]}}],"collection":[{"href":"https:\/\/parafia.niepokalanow.pl\/index.php?rest_route=\/wp\/v2\/posts"}],"about":[{"href":"https:\/\/parafia.niepokalanow.pl\/index.php?rest_route=\/wp\/v2\/types\/post"}],"author":[{"embeddable":true,"href":"https:\/\/parafia.niepokalanow.pl\/index.php?rest_route=\/wp\/v2\/users\/2"}],"replies":[{"embeddable":true,"href":"https:\/\/parafia.niepokalanow.pl\/index.php?rest_route=%2Fwp%2Fv2%2Fcomments&post=19060"}],"version-history":[{"count":0,"href":"https:\/\/parafia.niepokalanow.pl\/index.php?rest_route=\/wp\/v2\/posts\/19060\/revisions"}],"wp:featuredmedia":[{"embeddable":true,"href":"https:\/\/parafia.niepokalanow.pl\/index.php?rest_route=\/wp\/v2\/media\/18166"}],"wp:attachment":[{"href":"https:\/\/parafia.niepokalanow.pl\/index.php?rest_route=%2Fwp%2Fv2%2Fmedia&parent=19060"}],"wp:term":[{"taxonomy":"category","embeddable":true,"href":"https:\/\/parafia.niepokalanow.pl\/index.php?rest_route=%2Fwp%2Fv2%2Fcategories&post=19060"},{"taxonomy":"post_tag","embeddable":true,"href":"https:\/\/parafia.niepokalanow.pl\/index.php?rest_route=%2Fwp%2Fv2%2Ftags&post=19060"}],"curies":[{"name":"wp","href":"https:\/\/api.w.org\/{rel}","templated":true}]}}