{"id":19052,"date":"2025-09-07T21:40:05","date_gmt":"2025-09-07T19:40:05","guid":{"rendered":"http:\/\/parafia.niepokalanow.pl\/?p=19052"},"modified":"2025-09-07T21:40:46","modified_gmt":"2025-09-07T19:40:46","slug":"ogloszenia-duszpasterskie-xxiii-niedziela-zwykla-07-wrzesnia-2025","status":"publish","type":"post","link":"https:\/\/parafia.niepokalanow.pl\/?p=19052","title":{"rendered":"Og\u0142oszenia duszpasterskie XXIII Niedziela zwyk\u0142a 07 wrze\u015bnia 2025"},"content":{"rendered":"<p>W tym tygodniu w liturgii Ko\u015bcio\u0142a b\u0119dziemy obchodzi\u0107:<br \/>\n\uf0b7 W poniedzia\u0142ek: \u015awi\u0119to Narodzenia NMP<br \/>\n\uf0b7 We wtorek: wspomnienie b\u0142. Anieli Salawy<br \/>\n\uf0b7 W sobot\u0119: Wspomnienie \u015bw. Jana Chryzostoma<br \/>\n2. 13 wrze\u015bnia odb\u0119dzie si\u0119 IX Og\u00f3lnopolskie Spotkanie Dzieci w Niepokalanowie.<br \/>\nZapraszamy dzieci wraz z rodzicami i opiekunami na to wyj\u0105tkowe wydarzenie. W<br \/>\nprogramie Msza \u015awi\u0119ta w bazylice a po niej ciep\u0142y posi\u0142ek, gry, zabawy, konkursy,<br \/>\nmo\u017cliwo\u015b\u0107 zwiedzenia Niepokalanowa. W ramach Spotkania odb\u0119dzie si\u0119 r\u00f3wnie\u017c<br \/>\nkoncert Arki Noego. Szczeg\u00f3\u0142y odno\u015bnie planu i sposobu zapis\u00f3w na plakatach<br \/>\nwy\u0142o\u017conych z ty\u0142u bazyliki i w gablocie.<br \/>\nZapraszamy ch\u0119tnych pan\u00f3w do pomocy w przygotowaniach 11 wrze\u015bnia (czwartek) i<br \/>\n12 wrze\u015bnia (pi\u0105tek). Kontakt pod numerem telefonu: 780 116\u00a0330.<br \/>\n3. W sobot\u0119 za tydzie\u0144 odb\u0119dzie si\u0119 Nocna Pielgrzymka Pokutna oraz czuwanie<br \/>\nmodlitewne w Kaplicy \u015bw. Maksymiliana. Wyjazd pielgrzym\u00f3w do Miedniewic o 20.00 autokarami<br \/>\nsprzed domu parafialnego, zapisy u p. Ani, telefon w gablocie. Pocz\u0105tek czuwanie o<br \/>\n20.30. Na zako\u0144czenie wsp\u00f3lna Msza \u015bw. w niedziel\u0119 o 6:00.<br \/>\nNatomiast 20 wrze\u015bnia wyruszy jak co roku pielgrzymka Rodzin z<br \/>\nNiepokalanowa do Miedniewic, wyj\u015bcie o godz. 7:00 spod Bazyliki, powr\u00f3t z<br \/>\nMiedniewic autokarem.<br \/>\n4. Wsp\u00f3lnota miejscowa Franciszka\u0144skiego Zakonu \u015awieckich w Niepokalanowie<br \/>\nzaprasza 14 wrze\u015bnia na comiesi\u0119czne spotkanie, kt\u00f3re rozpocznie si\u0119 od Jutrzni o<br \/>\ngodzinie 9:30 w sanktuarium \u015aw. Maksymiliana. Nast\u0119pnie o godz. 10:00 zostanie<br \/>\nodprawiona Msza \u015awi\u0119ta, po kt\u00f3rej nast\u0105pi Adoracja Naj\u015bwi\u0119tszego Sakramentu.<br \/>\n5. Ko\u0142o przyjaci\u00f3\u0142 Radia Maryja zaprasza wyj\u0105tkowo za tydzie\u0144 w sobot\u0119 o godz. 9:00<br \/>\nna Msze \u015bw. w intencji Radia Maryja, Tv Trwam i naszej Ojczyzny. Od pa\u017adziernika<br \/>\nte Msze \u015bw. b\u0119d\u0105 sprawowane w ka\u017cd\u0105 3 sobot\u0119 miesi\u0105ca.<br \/>\n6. W gablocie, przy wyj\u015bciu z bazyliki umie\u015bcili\u015bmy plakat, kt\u00f3ry informuje o tym, \u017ce w<br \/>\nlipcu tego roku, w Kaw\u0119czynie dosz\u0142o do wybuchu gazu w jednym z tamtejszych<br \/>\nmieszka\u0144. Ucierpia\u0142a starsza osoba. Rodzina zorganizowa\u0142a zbi\u00f3rk\u0119 na remont<br \/>\nmieszkania. Osoby kt\u00f3re chcia\u0142yby pom\u00f3c odsy\u0142amy do wspomnianego plakatu w<br \/>\ngablocie.\u00a0<br \/>\n7. OG\u0141OSZENIE O RYCERZU NIEPOKALANEJ<br \/>\n8. PRZECZYTA\u0106 LIST \u2013<br \/>\n9. W minionym tygodniu odszed\u0142 do wieczno\u015bci: \u015bp. Sylwester Stalmach l. 58 z<br \/>\nTeresina. Wieczny odpoczynek racz mu da\u0107 Panie\u2026<\/p>\n<p>(NALE\u017bY ODCZYTA\u0106 7 WRZE\u015aNIA W RAMACH OG\u0141OSZE\u0143)<br \/>\nList biskup\u00f3w. Zaproszenie na obchody jubileuszu 500. rocznicy obecno\u015bci<br \/>\nKrzy\u017ca Baryczk\u00f3w<br \/>\nDrodzy Bracia i Siostry,<br \/>\nGdyby kto\u015b poszukiwa\u0142 w naszej stolicy, po\u015br\u00f3d wielu sanktuari\u00f3w i relikwii<br \/>\n\u015bwi\u0119tych, jednego miejsca szczeg\u00f3lnie \u015bwi\u0119tego, w kt\u00f3rym najbardziej skupia\u0142aby si\u0119<br \/>\nmodlitwa wiek\u00f3w, w kt\u00f3rym ogniskowa\u0142aby si\u0119 historia i wiara tego miasta i jego<br \/>\nmieszka\u0144c\u00f3w, ten odnajdzie je u st\u00f3p Cudownego Pana Jezusa w \u015bwi\u0119toja\u0144skiej<br \/>\nkatedrze. Kto zna cho\u0107 troch\u0119 histori\u0119 stolicy, ten wie, \u017ce przetrwanie Krucyfiksu<br \/>\nBaryczkowskiego jest boskim i ludzkim cudem.<br \/>\nJak wiecie, w obecnym Roku Jubileuszowym, w obu warszawskich diecezjach,<br \/>\nobchodzimy pi\u0119\u0107setlecie sprowadzenia Cudownego Krucyfiksu z Norymbergi do<br \/>\nstaromiejskiej fary. Ka\u017cdego W najbli\u017csz\u0105 niedziel\u0119, 14 wrze\u015bnia, przypada \u015bwi\u0119to<br \/>\nPodwy\u017cszenia Krzy\u017ca \u015awi\u0119tego. Chcemy ten dzie\u0144 prze\u017cy\u0107 w klimacie dzi\u0119kczynienia i<br \/>\nmodlitwy. O godzinie 11.00 w \u015bwi\u0119toja\u0144skiej archikatedrze b\u0119dzie sprawowana<br \/>\nuroczysta msza \u015bwi\u0119ta. B\u0119dzie jej przewodniczy\u0142 ks. arcybiskup Stanis\u0142aw G\u0105decki,<br \/>\nmetropolita senior pozna\u0144ski. Kwadrans przed msz\u0105 \u015bwi\u0119t\u0105, czyli o 10.45, odb\u0119dzie<br \/>\nsi\u0119 prezentacja obrazu \u201eKrzy\u017c Baryczkowski\u201d wykonanego przez znanego artyst\u0119<br \/>\nIgnacego Czwartosa specjalnie na t\u0119 okazj\u0119. Po Eucharystii ks. prof. Waldemar<br \/>\nChrostowski wyg\u0142osi katechez\u0119 o Krzy\u017cu.\u00a0\u00a0<br \/>\nMy, ordynariusze obu warszawskich diecezji, zapraszamy Was wszystkich, drodzy<br \/>\nBracia i Siostry, z obu stron Wis\u0142y, w niedziel\u0119 do \u015bwi\u0119toja\u0144skiej katedry.<\/p>\n<p>+ Adrian Galbas SAC\u00a0\u00a0\u00a0<br \/>\nArcybiskup Metropolita Warszawski<br \/>\n+ Romuald Kami\u0144ski<br \/>\nBiskup Warszawsko-Praski<\/p>\n","protected":false},"excerpt":{"rendered":"<p>W tym tygodniu w liturgii Ko\u015bcio\u0142a b\u0119dziemy obchodzi\u0107: \uf0b7 W poniedzia\u0142ek: \u015awi\u0119to Narodzenia NMP \uf0b7 We wtorek: wspomnienie b\u0142. Anieli Salawy \uf0b7 W sobot\u0119: Wspomnienie \u015bw. Jana Chryzostoma 2. 13 [&hellip;]<\/p>\n","protected":false},"author":2,"featured_media":18166,"comment_status":"closed","ping_status":"open","sticky":false,"template":"","format":"standard","meta":{"footnotes":""},"categories":[1],"tags":[],"class_list":["post-19052","post","type-post","status-publish","format-standard","has-post-thumbnail","hentry","category-bez-kategorii"],"_links":{"self":[{"href":"https:\/\/parafia.niepokalanow.pl\/index.php?rest_route=\/wp\/v2\/posts\/19052","targetHints":{"allow":["GET"]}}],"collection":[{"href":"https:\/\/parafia.niepokalanow.pl\/index.php?rest_route=\/wp\/v2\/posts"}],"about":[{"href":"https:\/\/parafia.niepokalanow.pl\/index.php?rest_route=\/wp\/v2\/types\/post"}],"author":[{"embeddable":true,"href":"https:\/\/parafia.niepokalanow.pl\/index.php?rest_route=\/wp\/v2\/users\/2"}],"replies":[{"embeddable":true,"href":"https:\/\/parafia.niepokalanow.pl\/index.php?rest_route=%2Fwp%2Fv2%2Fcomments&post=19052"}],"version-history":[{"count":0,"href":"https:\/\/parafia.niepokalanow.pl\/index.php?rest_route=\/wp\/v2\/posts\/19052\/revisions"}],"wp:featuredmedia":[{"embeddable":true,"href":"https:\/\/parafia.niepokalanow.pl\/index.php?rest_route=\/wp\/v2\/media\/18166"}],"wp:attachment":[{"href":"https:\/\/parafia.niepokalanow.pl\/index.php?rest_route=%2Fwp%2Fv2%2Fmedia&parent=19052"}],"wp:term":[{"taxonomy":"category","embeddable":true,"href":"https:\/\/parafia.niepokalanow.pl\/index.php?rest_route=%2Fwp%2Fv2%2Fcategories&post=19052"},{"taxonomy":"post_tag","embeddable":true,"href":"https:\/\/parafia.niepokalanow.pl\/index.php?rest_route=%2Fwp%2Fv2%2Ftags&post=19052"}],"curies":[{"name":"wp","href":"https:\/\/api.w.org\/{rel}","templated":true}]}}