{"id":19041,"date":"2025-08-29T18:46:44","date_gmt":"2025-08-29T16:46:44","guid":{"rendered":"http:\/\/parafia.niepokalanow.pl\/?p=19041"},"modified":"2025-08-29T18:46:44","modified_gmt":"2025-08-29T16:46:44","slug":"ogloszenia-duszpasterskie-xxii-niedziela-zwykla-31-08-2025","status":"publish","type":"post","link":"https:\/\/parafia.niepokalanow.pl\/?p=19041","title":{"rendered":"Og\u0142oszenia duszpasterskie XXII Niedziela zwyk\u0142a 31.08.2025"},"content":{"rendered":"<ol>\n<li>W tym tygodniu w liturgii Ko\u015bcio\u0142a b\u0119dziemy obchodzi\u0107:<\/li>\n<\/ol>\n<ul>\n<li>W \u015brod\u0119: Wspomnienie \u015bw. Grzegorza Wielkiego, papie\u017ca i doktora Ko\u015bcio\u0142a;<\/li>\n<\/ul>\n<ol start=\"2\">\n<li>W naszej parafii witamy serdecznie o. Rafa\u0142a Jendrasa, kt\u00f3ry pos\u0142ugiwa\u0107 b\u0119dzie jako katecheta i duszpasterz. \u017byczymy Mu wielu Bo\u017cych \u0142ask i opieki Maryi.<\/li>\n<li>Dwa tygodnie temu bracia klerycy rozprowadzali gazetk\u0119 \u201eNasze \u017bycie\u201d zbieraj\u0105c ofiary na rzecz Seminarium. Zebrali 8.777,12 z\u0142. Dzi\u0119kujemy za wsparcie naszego franciszka\u0144skiego Seminarium.<\/li>\n<li>Jutro prze\u017cywa\u0107 b\u0119dziemy 7. rocznic\u0119 inauguracji \u015awiatowego Centrum Modlitwy o Pok\u00f3j &#8211; Kaplicy Wieczystej Adoracji oraz 86. rocz. wybuchu II wojny \u015bwiatowej. Niech Maryja \u2013 Kr\u00f3lowa Pokoju wyprasza \u0142aski u swego Syna, a nasza kaplica niech b\u0119dzie dalej miejscem \u0142ask dla naszej parafii, klasztoru i wszystkich przybywaj\u0105cych tu na modlitw\u0119.<\/li>\n<li>Tak\u017ce jutro 1 wrze\u015bnia rozpoczynamy nowy rok szkolny i katechetyczny. Z tej okazji zapraszamy Dyrekcje szk\u00f3\u0142 w Teresinie i Paprotni, nauczycieli, wychowawc\u00f3w, dzieci<br \/>\ni m\u0142odzie\u017c oraz ich rodzic\u00f3w na Msz\u0119 \u015bw. o godz. 8.00, podczas kt\u00f3rej b\u0119dziemy prosi\u0107<br \/>\no potrzebne \u0142aski dla nich w nowym roku szkolnym. Msza \u015bw. na rozpocz\u0119cie roku szkolnego w Budkach Piaseckich b\u0119dzie sprawowana r\u00f3wnie\u017c o godz. 8.00 w tamtejszej kaplicy.<\/li>\n<li>W <strong>I czwartek<\/strong> miesi\u0105ca zapraszamy na Msz\u0119 \u015bw. o g. 18.00 i nabo\u017ce\u0144stwo godziny \u015bwi\u0119tej w intencji nowych i \u015bwi\u0119tych powo\u0142a\u0144 do s\u0142u\u017cby Bo\u017cej w Ko\u015bciele. W <strong>I pi\u0105tek<\/strong> spowied\u017a dla dzieci o godz. 16.30 a o 17.00 Msza \u015bw. Tego dnia udamy si\u0119 z pos\u0142ug\u0105 do chorych naszej parafii.<\/li>\n<li>Zapraszamy na spotkania grup parafialnych w nowym roku duszpasterskim: dziewczynki<br \/>\ni ch\u0142opc\u00f3w na pr\u00f3b\u0119 scholii w pi\u0105tek 5 wrze\u015bnia ok. godz. 17.45; kandydat\u00f3w i ministrant\u00f3w oraz lektor\u00f3w w sobot\u0119 6 wrze\u015bnia o godz. 10.00. M\u0142odzie\u017cowa wsp\u00f3lnota &#8222;Jeruzalem&#8221;, tak\u017ce<br \/>\nw sobot\u0119 6 wrze\u015bnia o godz. 18:30. Dziewczynki w wieku 8-12 lat zapraszamy do grupy skautek, pierwsze spotkanie 8 wrze\u015bnia o 17:00. Doros\u0142ych zapraszamy na spotkania Odnowy w Duchu \u015awi\u0119tym w ka\u017cdy wtorek o godz. 19:00. Wszystkie wsp\u00f3lnoty spotykaj\u0105 si\u0119 w domu parafialnym.<\/li>\n<li>W pi\u0105tek, w kaplicy \u015bw. Maksymiliana odb\u0119dzie si\u0119 czuwanie modlitewne przed Pierwsz\u0105 Sobot\u0105. Pocz\u0105tek o 19.00, zako\u0144czone Msz\u0105 \u015bw. o 21.10. W sobot\u0119 odb\u0119dzie si\u0119 spotkanie &#8222;Oddaj si\u0119 Maryi&#8221;. O 9:30 w sali \u015bw. Bonawentury: konferencja o zawierzeniu i \u015bwiadectwa, o 11.00 Msza \u015bw. z zawierzeniem i nabo\u017ce\u0144stwo wynagradzaj\u0105ce Niepokalanemu Sercu Maryi. Go\u015bciem spotkania b\u0119dzie ks. Arkadiusz Orze\u0142 z Pisza, kt\u00f3ry na Mszy \u015bw. wyg\u0142osi kazanie, a o 14.00 konferencj\u0119 <em>Maryja or\u0119downiczka dusz czy\u015b\u0107cowych<\/em>. Zako\u0144czenie Koronk\u0105 do Bo\u017cego Mi\u0142osierdzia.<\/li>\n<li>Rycerstwo Niepokalanej w dniu 13 wrze\u015bnia (sobota) organizuje pielgrzymk\u0119 do sanktuarium \u015awi\u0119tego Krzy\u017ca. Zapisy i informacje w O\u015brodku MI w dni powszednie w godz. 8.00 do 15.00. Szczeg\u00f3\u0142owy program w gablocie.<\/li>\n<li>W przysz\u0142\u0105 niedziel\u0119, po Mszy \u015bwi\u0119tej o godz. 10.00 w Domu Parafialnym. odb\u0119dzie si\u0119\u00a0spotkanie wsp\u00f3lnoty \u017bywego R\u00f3\u017ca\u0144ca<\/li>\n<\/ol>\n","protected":false},"excerpt":{"rendered":"<p>W tym tygodniu w liturgii Ko\u015bcio\u0142a b\u0119dziemy obchodzi\u0107: W \u015brod\u0119: Wspomnienie \u015bw. Grzegorza Wielkiego, papie\u017ca i doktora Ko\u015bcio\u0142a; W naszej parafii witamy serdecznie o. Rafa\u0142a Jendrasa, kt\u00f3ry pos\u0142ugiwa\u0107 b\u0119dzie jako [&hellip;]<\/p>\n","protected":false},"author":2,"featured_media":18166,"comment_status":"closed","ping_status":"open","sticky":false,"template":"","format":"standard","meta":{"footnotes":""},"categories":[1],"tags":[],"class_list":["post-19041","post","type-post","status-publish","format-standard","has-post-thumbnail","hentry","category-bez-kategorii"],"_links":{"self":[{"href":"https:\/\/parafia.niepokalanow.pl\/index.php?rest_route=\/wp\/v2\/posts\/19041","targetHints":{"allow":["GET"]}}],"collection":[{"href":"https:\/\/parafia.niepokalanow.pl\/index.php?rest_route=\/wp\/v2\/posts"}],"about":[{"href":"https:\/\/parafia.niepokalanow.pl\/index.php?rest_route=\/wp\/v2\/types\/post"}],"author":[{"embeddable":true,"href":"https:\/\/parafia.niepokalanow.pl\/index.php?rest_route=\/wp\/v2\/users\/2"}],"replies":[{"embeddable":true,"href":"https:\/\/parafia.niepokalanow.pl\/index.php?rest_route=%2Fwp%2Fv2%2Fcomments&post=19041"}],"version-history":[{"count":0,"href":"https:\/\/parafia.niepokalanow.pl\/index.php?rest_route=\/wp\/v2\/posts\/19041\/revisions"}],"wp:featuredmedia":[{"embeddable":true,"href":"https:\/\/parafia.niepokalanow.pl\/index.php?rest_route=\/wp\/v2\/media\/18166"}],"wp:attachment":[{"href":"https:\/\/parafia.niepokalanow.pl\/index.php?rest_route=%2Fwp%2Fv2%2Fmedia&parent=19041"}],"wp:term":[{"taxonomy":"category","embeddable":true,"href":"https:\/\/parafia.niepokalanow.pl\/index.php?rest_route=%2Fwp%2Fv2%2Fcategories&post=19041"},{"taxonomy":"post_tag","embeddable":true,"href":"https:\/\/parafia.niepokalanow.pl\/index.php?rest_route=%2Fwp%2Fv2%2Ftags&post=19041"}],"curies":[{"name":"wp","href":"https:\/\/api.w.org\/{rel}","templated":true}]}}