{"id":19030,"date":"2025-08-22T09:31:54","date_gmt":"2025-08-22T07:31:54","guid":{"rendered":"http:\/\/parafia.niepokalanow.pl\/?p=19030"},"modified":"2025-08-22T09:34:16","modified_gmt":"2025-08-22T07:34:16","slug":"xxi-niedziela-zwykla-24-08-2025","status":"publish","type":"post","link":"https:\/\/parafia.niepokalanow.pl\/?p=19030","title":{"rendered":"XXI Niedziela zwyk\u0142a 24.08.2025"},"content":{"rendered":"<p>1. W tym tygodniu w liturgii Ko\u015bcio\u0142a b\u0119dziemy obchodzi\u0107:<br \/>\n\u2022 W poniedzia\u0142ek: Wspomnienie \u015bw. Ludwika, kr\u00f3la, patrona III Zakonu;<br \/>\n\u2022 We wtorek: Uroczysto\u015b\u0107 Naj\u015bwi\u0119tszej Maryi Panny Cz\u0119stochowskiej;<br \/>\n\u2022 W \u015brod\u0119: Wspomnienie \u015bw. Moniki;<br \/>\n\u2022 W czwartek: Wspomnienie \u015bw. Augustyna, biskupa i doktora Ko\u015bcio\u0142a;<br \/>\n\u2022 W pi\u0105tek: Wspomnienie M\u0119cze\u0144stwa \u015bw. Jana Chrzciciela;<\/p>\n<p>2. Za tydzie\u0144 w naszej parafii b\u0119dziemy prze\u017cywa\u0107 niedziel\u0119 misyjn\u0105. Przez ca\u0142y dzie\u0144 kazania b\u0119dzie g\u0142osi\u0142 o. Miros\u0142aw Buczko, sekretarz prowincjalny ds. animacji misyjnej. Po Mszach \u015bwi\u0119tych b\u0119dzie zbiera\u0142 do puszki ofiary na rzecz misji prowadzonych przez naszych wsp\u00f3\u0142braci.<\/p>\n<p>3. W najbli\u017csz\u0105 niedziel\u0119 o godz. 13.00 zapraszamy na Msz\u0119 \u015bw. dzi\u0119kczynn\u0105 za tegoroczne plony. Niech nasza obecno\u015b\u0107 b\u0119dzie wyrazem wdzi\u0119czno\u015bci dobremu Bogu za \u0142aski, jakich nam udzieli\u0142 podczas tegorocznych \u017cniw.<\/p>\n<p>4. W tym tygodniu z naszej wsp\u00f3lnoty parafialnej odeszli do wieczno\u015bci: \u015bp. Anna Rachci\u0144ska l. 73 z Teresina, \u015bp. Boles\u0142awa Bujanowska l. 97 z Teresina Gaju i \u015bp. Gra\u017cyna Zimochocka l. 68 z Teresina. Wieczny odpoczynek racz im da\u0107 Panie\u2026<\/p>\n","protected":false},"excerpt":{"rendered":"<p>1. W tym tygodniu w liturgii Ko\u015bcio\u0142a b\u0119dziemy obchodzi\u0107: \u2022 W poniedzia\u0142ek: Wspomnienie \u015bw. Ludwika, kr\u00f3la, patrona III Zakonu; \u2022 We wtorek: Uroczysto\u015b\u0107 Naj\u015bwi\u0119tszej Maryi Panny Cz\u0119stochowskiej; \u2022 W \u015brod\u0119: [&hellip;]<\/p>\n","protected":false},"author":2,"featured_media":18166,"comment_status":"closed","ping_status":"open","sticky":false,"template":"","format":"standard","meta":{"footnotes":""},"categories":[1],"tags":[],"class_list":["post-19030","post","type-post","status-publish","format-standard","has-post-thumbnail","hentry","category-bez-kategorii"],"_links":{"self":[{"href":"https:\/\/parafia.niepokalanow.pl\/index.php?rest_route=\/wp\/v2\/posts\/19030","targetHints":{"allow":["GET"]}}],"collection":[{"href":"https:\/\/parafia.niepokalanow.pl\/index.php?rest_route=\/wp\/v2\/posts"}],"about":[{"href":"https:\/\/parafia.niepokalanow.pl\/index.php?rest_route=\/wp\/v2\/types\/post"}],"author":[{"embeddable":true,"href":"https:\/\/parafia.niepokalanow.pl\/index.php?rest_route=\/wp\/v2\/users\/2"}],"replies":[{"embeddable":true,"href":"https:\/\/parafia.niepokalanow.pl\/index.php?rest_route=%2Fwp%2Fv2%2Fcomments&post=19030"}],"version-history":[{"count":0,"href":"https:\/\/parafia.niepokalanow.pl\/index.php?rest_route=\/wp\/v2\/posts\/19030\/revisions"}],"wp:featuredmedia":[{"embeddable":true,"href":"https:\/\/parafia.niepokalanow.pl\/index.php?rest_route=\/wp\/v2\/media\/18166"}],"wp:attachment":[{"href":"https:\/\/parafia.niepokalanow.pl\/index.php?rest_route=%2Fwp%2Fv2%2Fmedia&parent=19030"}],"wp:term":[{"taxonomy":"category","embeddable":true,"href":"https:\/\/parafia.niepokalanow.pl\/index.php?rest_route=%2Fwp%2Fv2%2Fcategories&post=19030"},{"taxonomy":"post_tag","embeddable":true,"href":"https:\/\/parafia.niepokalanow.pl\/index.php?rest_route=%2Fwp%2Fv2%2Ftags&post=19030"}],"curies":[{"name":"wp","href":"https:\/\/api.w.org\/{rel}","templated":true}]}}