{"id":19024,"date":"2025-08-16T10:40:35","date_gmt":"2025-08-16T08:40:35","guid":{"rendered":"http:\/\/parafia.niepokalanow.pl\/?p=19024"},"modified":"2025-08-16T10:40:53","modified_gmt":"2025-08-16T08:40:53","slug":"xx-niedziela-zwykla-17-08-2025","status":"publish","type":"post","link":"https:\/\/parafia.niepokalanow.pl\/?p=19024","title":{"rendered":"XX Niedziela zwyk\u0142a 17.08.2025"},"content":{"rendered":"<ol>\n<li>W tym tygodniu w liturgii Ko\u015bcio\u0142a b\u0119dziemy obchodzi\u0107:<\/li>\n<\/ol>\n<ul>\n<li>20 sierpnia w \u015brod\u0119: Wspomnienie \u015bw. Bernarda, opata;<\/li>\n<li>21 sierpnia w czwartek: Wspomnienie \u015bw. Piusa X, papie\u017ca;<\/li>\n<li>22 sierpnia w pi\u0105tek Wspomnienie Naj\u015bwi\u0119tszej Maryi Panny Kr\u00f3lowej;<\/li>\n<\/ul>\n<ol start=\"4\">\n<li>Zapraszamy dzi\u015b o godz. 17.00 na nabo\u017ce\u0144stwo r\u00f3\u017ca\u0144cowe przed Naj\u015bwi\u0119tszym Sakramentem.<\/li>\n<li>Bracia klerycy rozprowadzaj\u0105 dzi\u015b pismo seminaryjne \u201eNasze \u017bycie\u201d zach\u0119camy do lektury i wsparcia naszego seminarium franciszka\u0144skiego.<\/li>\n<li>W tym tygodniu z naszej wsp\u00f3lnoty parafialnej odeszli do wieczno\u015bci: \u015bp. Krzysztof Nowacki l. 68 z Teresina, \u015bp. Janusz Kami\u0144ski l. 81 z Serok Parceli oraz nasz wsp\u00f3\u0142brat o. bp B\u0142a\u017cej Kruszy\u0142owicz, kt\u00f3rego pogrzeb odb\u0119dzie si\u0119 w \u015brod\u0119 w naszej bazylice o godz. 12.00. <em>Wieczny odpoczynek racz im da\u0107 Panie\u2026<\/em><\/li>\n<\/ol>\n","protected":false},"excerpt":{"rendered":"<p>W tym tygodniu w liturgii Ko\u015bcio\u0142a b\u0119dziemy obchodzi\u0107: 20 sierpnia w \u015brod\u0119: Wspomnienie \u015bw. Bernarda, opata; 21 sierpnia w czwartek: Wspomnienie \u015bw. Piusa X, papie\u017ca; 22 sierpnia w pi\u0105tek Wspomnienie [&hellip;]<\/p>\n","protected":false},"author":2,"featured_media":18667,"comment_status":"closed","ping_status":"open","sticky":false,"template":"","format":"standard","meta":{"footnotes":""},"categories":[1],"tags":[],"class_list":["post-19024","post","type-post","status-publish","format-standard","has-post-thumbnail","hentry","category-bez-kategorii"],"_links":{"self":[{"href":"https:\/\/parafia.niepokalanow.pl\/index.php?rest_route=\/wp\/v2\/posts\/19024","targetHints":{"allow":["GET"]}}],"collection":[{"href":"https:\/\/parafia.niepokalanow.pl\/index.php?rest_route=\/wp\/v2\/posts"}],"about":[{"href":"https:\/\/parafia.niepokalanow.pl\/index.php?rest_route=\/wp\/v2\/types\/post"}],"author":[{"embeddable":true,"href":"https:\/\/parafia.niepokalanow.pl\/index.php?rest_route=\/wp\/v2\/users\/2"}],"replies":[{"embeddable":true,"href":"https:\/\/parafia.niepokalanow.pl\/index.php?rest_route=%2Fwp%2Fv2%2Fcomments&post=19024"}],"version-history":[{"count":0,"href":"https:\/\/parafia.niepokalanow.pl\/index.php?rest_route=\/wp\/v2\/posts\/19024\/revisions"}],"wp:featuredmedia":[{"embeddable":true,"href":"https:\/\/parafia.niepokalanow.pl\/index.php?rest_route=\/wp\/v2\/media\/18667"}],"wp:attachment":[{"href":"https:\/\/parafia.niepokalanow.pl\/index.php?rest_route=%2Fwp%2Fv2%2Fmedia&parent=19024"}],"wp:term":[{"taxonomy":"category","embeddable":true,"href":"https:\/\/parafia.niepokalanow.pl\/index.php?rest_route=%2Fwp%2Fv2%2Fcategories&post=19024"},{"taxonomy":"post_tag","embeddable":true,"href":"https:\/\/parafia.niepokalanow.pl\/index.php?rest_route=%2Fwp%2Fv2%2Ftags&post=19024"}],"curies":[{"name":"wp","href":"https:\/\/api.w.org\/{rel}","templated":true}]}}