{"id":18837,"date":"2025-07-18T09:18:13","date_gmt":"2025-07-18T07:18:13","guid":{"rendered":"http:\/\/parafia.niepokalanow.pl\/?p=18837"},"modified":"2025-07-25T10:00:22","modified_gmt":"2025-07-25T08:00:22","slug":"ogloszenia-duszpasterskie-xvi-niedziela-zwykla-20-07-2025","status":"publish","type":"post","link":"https:\/\/parafia.niepokalanow.pl\/?p=18837","title":{"rendered":"Og\u0142oszenia duszpasterskie XVI Niedziela zwyk\u0142a 20.07.2025"},"content":{"rendered":"<h1>OG\u0141OSZENIA<\/h1>\n<h1>DUSZPASTERSKIE<\/h1>\n<p>&nbsp;<\/p>\n<p><strong>XVI Niedziela zwyk\u0142a<\/strong><\/p>\n<p><strong>\u00a0 20 lipca 2025 r.<\/strong><\/p>\n<ol>\n<li>W tym tygodniu w liturgii Ko\u015bcio\u0142a b\u0119dziemy obchodzi\u0107:<\/li>\n<\/ol>\n<ul>\n<li>W poniedzia\u0142ek: Wspomnienie \u015bw. Wawrzy\u0144ca z Brindisi, prezbitera i doktora Ko\u015bcio\u0142a;<\/li>\n<li>W wtorek: \u015awi\u0119to \u015bw. Marii Magdaleny;<\/li>\n<li>W \u015brod\u0119: \u015awi\u0119to \u015bw. Brygidy, zakonnicy, patronki Europy;<\/li>\n<li>W czwartek: Wspomnienie \u015bw. Kingi, dziewicy;<\/li>\n<li>W pi\u0105tek: \u015awi\u0119to \u015bw. Jakuba, aposto\u0142a;<\/li>\n<li>W sobot\u0119: Wspomnienie \u015bw. Joachima i Anny, rodzic\u00f3w Naj\u015bwi\u0119tszej Maryi Panny.<\/li>\n<\/ul>\n<ol start=\"2\">\n<li>Tydzie\u0144 temu odby\u0142a si\u0119 zbi\u00f3rka na Og\u00f3lnopolskie Spotkanie Dzieci w Niepokalanowie. Zebrano 14\u00a0767 z\u0142. Bardzo dzi\u0119kujemy za hojno\u015b\u0107 serca.<\/li>\n<li>W pi\u0105tek przypada liturgiczne \u015bwi\u0119to \u015bw. Jakuba Aposto\u0142a, a w tradycji Ko\u015bcio\u0142a tak\u017ce \u015bw. Krzysztofa, patrona kierowc\u00f3w i podr\u00f3\u017cuj\u0105cych. Z tej racji po Mszy \u015bw. o godz. 11.00 i 18.00 nast\u0105pi po\u015bwi\u0119cenie pojazd\u00f3w na parkingu przy bazylice.<\/li>\n<li>W najbli\u017csz\u0105 sobot\u0119, 26 lipca, zapraszamy na Og\u00f3lnopolski Dzie\u0144 Modlitwy Rycerstwa Niepokalanej dla uczczenia aktu mi\u0142o\u015bci \u015bw. Maksymiliana, kt\u00f3ry odda\u0142 \u017cycie za Franciszka Gajowniczka. Modlitwy i czuwanie rozpoczn\u0105 si\u0119 o godz. 9.00, o godz. 11.00 Eucharystia pod przewodnictwem J. E. Ks. Bpa Rafa\u0142a Markowskiego z Warszawy. Po przerwie spotkanie z prof. Bogdanem Chazanem i Stowarzyszeniem Obro\u0144c\u00f3w \u017bycia Pro-Life z Krakowa oraz koncert pie\u015bni religijnych.<\/li>\n<li>W minionym tygodniu odeszli do wieczno\u015bci: \u015bp. Zofia Kozio\u0142 l. 88 z Teresina, \u015bp. Genowefa Skrok l. 97 z Granic, \u015bp. Maria Klata l. 81 z Teresina. <em>Wieczny odpoczynek racz im da\u0107 Panie\u2026<\/em><\/li>\n<\/ol>\n<p>&nbsp;<\/p>\n","protected":false},"excerpt":{"rendered":"<p>OG\u0141OSZENIA DUSZPASTERSKIE &nbsp; XVI Niedziela zwyk\u0142a \u00a0 20 lipca 2025 r. W tym tygodniu w liturgii Ko\u015bcio\u0142a b\u0119dziemy obchodzi\u0107: W poniedzia\u0142ek: Wspomnienie \u015bw. Wawrzy\u0144ca z Brindisi, prezbitera i doktora Ko\u015bcio\u0142a; [&hellip;]<\/p>\n","protected":false},"author":2,"featured_media":18166,"comment_status":"closed","ping_status":"open","sticky":false,"template":"","format":"standard","meta":{"footnotes":""},"categories":[1],"tags":[],"class_list":["post-18837","post","type-post","status-publish","format-standard","has-post-thumbnail","hentry","category-bez-kategorii"],"_links":{"self":[{"href":"https:\/\/parafia.niepokalanow.pl\/index.php?rest_route=\/wp\/v2\/posts\/18837","targetHints":{"allow":["GET"]}}],"collection":[{"href":"https:\/\/parafia.niepokalanow.pl\/index.php?rest_route=\/wp\/v2\/posts"}],"about":[{"href":"https:\/\/parafia.niepokalanow.pl\/index.php?rest_route=\/wp\/v2\/types\/post"}],"author":[{"embeddable":true,"href":"https:\/\/parafia.niepokalanow.pl\/index.php?rest_route=\/wp\/v2\/users\/2"}],"replies":[{"embeddable":true,"href":"https:\/\/parafia.niepokalanow.pl\/index.php?rest_route=%2Fwp%2Fv2%2Fcomments&post=18837"}],"version-history":[{"count":0,"href":"https:\/\/parafia.niepokalanow.pl\/index.php?rest_route=\/wp\/v2\/posts\/18837\/revisions"}],"wp:featuredmedia":[{"embeddable":true,"href":"https:\/\/parafia.niepokalanow.pl\/index.php?rest_route=\/wp\/v2\/media\/18166"}],"wp:attachment":[{"href":"https:\/\/parafia.niepokalanow.pl\/index.php?rest_route=%2Fwp%2Fv2%2Fmedia&parent=18837"}],"wp:term":[{"taxonomy":"category","embeddable":true,"href":"https:\/\/parafia.niepokalanow.pl\/index.php?rest_route=%2Fwp%2Fv2%2Fcategories&post=18837"},{"taxonomy":"post_tag","embeddable":true,"href":"https:\/\/parafia.niepokalanow.pl\/index.php?rest_route=%2Fwp%2Fv2%2Ftags&post=18837"}],"curies":[{"name":"wp","href":"https:\/\/api.w.org\/{rel}","templated":true}]}}