{"id":18811,"date":"2025-07-04T09:39:14","date_gmt":"2025-07-04T07:39:14","guid":{"rendered":"http:\/\/parafia.niepokalanow.pl\/?p=18811"},"modified":"2025-07-28T12:05:56","modified_gmt":"2025-07-28T10:05:56","slug":"ogloszenia-duszpasterskie-xiv-niedziela-zwykla-06-07-2025","status":"publish","type":"post","link":"https:\/\/parafia.niepokalanow.pl\/?p=18811","title":{"rendered":"Og\u0142oszenia duszpasterskie XIV Niedziela Zwyk\u0142a 06.07.2025"},"content":{"rendered":"<p>1. W tym tygodniu w liturgii Ko\u015bcio\u0142a b\u0119dziemy obchodzi\u0107:<br \/>\n\u2022 We wtorek: Wspomnienie \u015bw. Jana z Dukli, prezbitera;<br \/>\n\u2022 W \u015brod\u0119: Wspomnienie \u015bw. Miko\u0142aja Picka i Towarzyszy, m\u0119czennik\u00f3w;<br \/>\n\u2022 W czwartek: Wspomnienie \u015bw. Weroniki Giuliani, dziewicy;<br \/>\n\u2022 W pi\u0105tek: \u015awi\u0119to \u015bw. Benedykta, opata, patrona Europy;<br \/>\n\u2022 W sobot\u0119: Wspomnienie \u015bw. Brunona Bonifacego z Kwerfurtu, biskupa i m\u0119czennika.<\/p>\n<p>2. W sobot\u0119 odb\u0119dzie si\u0119 Nocna pielgrzymka z Miedniewic do Niepokalanowa oraz nocne czuwanie w kaplicy \u015bw. Maksymiliana. Msza \u015bwi\u0119ta poranna w niedziel\u0119 b\u0119dzie sprawowana w bazylice jak zwykle o godz. 6.00.<\/p>\n<p>3. Wsp\u00f3lnota Franciszka\u0144skiego Zakonu \u015awieckich w Niepokalanowie zaprasza 13 lipca na comiesi\u0119czne spotkanie, kt\u00f3re rozpocznie si\u0119 od Jutrzni o godzinie 9:30 w sanktuarium \u015aw. Maksymiliana. Nast\u0119pnie o godz. 10:00 zostanie odprawiona Msza \u015awi\u0119ta, po kt\u00f3rej nast\u0105pi Adoracja Naj\u015bwi\u0119tszego Sakramentu.<\/p>\n<p>4. Za tydzie\u0144 b\u0119dziemy zbiera\u0107 ofiary na organizacj\u0119 Og\u00f3lnopolskiego Spotkania Dzieci, kt\u00f3re odb\u0119dzie si\u0119 we wrze\u015bniu. W zbi\u00f3rk\u0119 oraz w organizacj\u0119 Spotkania zaanga\u017cowani s\u0105 cz\u0142onkowie Stowarzyszenia Przyjaci\u00f3\u0142 Og\u00f3lnopolskiego Spotkania Dzieci w Niepokalanowie, redakcja czasopisma dla dzieci &#8222;Rycerzyk Niepokalanej&#8221; oraz wolontariusze.<\/p>\n<p>5. W minionym tygodniu odesz\u0142a do wieczno\u015bci: \u015bp. Wanda Kierzkowska l. 78 z Granic. Wieczny odpoczynek racz jej da\u0107 Panie\u2026<\/p>\n","protected":false},"excerpt":{"rendered":"<p>1. W tym tygodniu w liturgii Ko\u015bcio\u0142a b\u0119dziemy obchodzi\u0107: \u2022 We wtorek: Wspomnienie \u015bw. Jana z Dukli, prezbitera; \u2022 W \u015brod\u0119: Wspomnienie \u015bw. Miko\u0142aja Picka i Towarzyszy, m\u0119czennik\u00f3w; \u2022 W [&hellip;]<\/p>\n","protected":false},"author":2,"featured_media":18258,"comment_status":"closed","ping_status":"open","sticky":false,"template":"","format":"standard","meta":{"footnotes":""},"categories":[1],"tags":[],"class_list":["post-18811","post","type-post","status-publish","format-standard","has-post-thumbnail","hentry","category-bez-kategorii"],"_links":{"self":[{"href":"https:\/\/parafia.niepokalanow.pl\/index.php?rest_route=\/wp\/v2\/posts\/18811","targetHints":{"allow":["GET"]}}],"collection":[{"href":"https:\/\/parafia.niepokalanow.pl\/index.php?rest_route=\/wp\/v2\/posts"}],"about":[{"href":"https:\/\/parafia.niepokalanow.pl\/index.php?rest_route=\/wp\/v2\/types\/post"}],"author":[{"embeddable":true,"href":"https:\/\/parafia.niepokalanow.pl\/index.php?rest_route=\/wp\/v2\/users\/2"}],"replies":[{"embeddable":true,"href":"https:\/\/parafia.niepokalanow.pl\/index.php?rest_route=%2Fwp%2Fv2%2Fcomments&post=18811"}],"version-history":[{"count":0,"href":"https:\/\/parafia.niepokalanow.pl\/index.php?rest_route=\/wp\/v2\/posts\/18811\/revisions"}],"wp:featuredmedia":[{"embeddable":true,"href":"https:\/\/parafia.niepokalanow.pl\/index.php?rest_route=\/wp\/v2\/media\/18258"}],"wp:attachment":[{"href":"https:\/\/parafia.niepokalanow.pl\/index.php?rest_route=%2Fwp%2Fv2%2Fmedia&parent=18811"}],"wp:term":[{"taxonomy":"category","embeddable":true,"href":"https:\/\/parafia.niepokalanow.pl\/index.php?rest_route=%2Fwp%2Fv2%2Fcategories&post=18811"},{"taxonomy":"post_tag","embeddable":true,"href":"https:\/\/parafia.niepokalanow.pl\/index.php?rest_route=%2Fwp%2Fv2%2Ftags&post=18811"}],"curies":[{"name":"wp","href":"https:\/\/api.w.org\/{rel}","templated":true}]}}