{"id":18797,"date":"2025-06-28T07:57:32","date_gmt":"2025-06-28T05:57:32","guid":{"rendered":"http:\/\/parafia.niepokalanow.pl\/?p=18797"},"modified":"2025-08-06T22:33:41","modified_gmt":"2025-08-06T20:33:41","slug":"ogloszenia-duszpasterskie-xiii-niedziela-zwykla-uroczystosc-sw-piotra-i-pawla-29-06-2025","status":"publish","type":"post","link":"https:\/\/parafia.niepokalanow.pl\/?p=18797","title":{"rendered":"Og\u0142oszenia duszpasterskie,  XIII Niedziela Zwyk\u0142a, Uroczysto\u015b\u0107 \u015bw. Piotra i Paw\u0142a, 29.06.2025"},"content":{"rendered":"<p>1. W tym tygodniu w liturgii Ko\u015bcio\u0142a b\u0119dziemy obchodzi\u0107:<br \/>\n\uf0b7 W czwartek: \u015awi\u0119to \u015bw. Tomasza, Aposto\u0142a.<br \/>\n2. W I czwartek miesi\u0105ca, zapraszamy na Msz\u0119 \u015bw. i nabo\u017ce\u0144stwo godziny \u015bwi\u0119tej<br \/>\nw intencji licznych i \u015bwi\u0119tych powo\u0142a\u0144 w Ko\u015bciele. W I pi\u0105tek spowied\u017a dla dzieci od<br \/>\ngodz. 17.30, a potem o 18.00 Msza \u015bw.<br \/>\n3. W pi\u0105tek, w kaplicy \u015bw. Maksymiliana odb\u0119dzie si\u0119 czuwanie modlitewne przed Pierwsz\u0105<br \/>\nSobot\u0105. Pocz\u0105tek o 19.00, zako\u0144czone Msz\u0105 \u015bw. o 21.10.<br \/>\n4. W sobot\u0119 odb\u0119dzie si\u0119 Spotkanie &#8222;Oddaj si\u0119 Maryi&#8221;. O 9:30 w sali \u015bw. Bonawentury:<br \/>\nkonferencja o zawierzeniu i \u015bwiadectwa, o 11.00 Msza \u015bw. z zawierzeniem i nabo\u017ce\u0144stwo<br \/>\nwynagradzaj\u0105ce Niepokalanemu Sercu Maryi.\u00a0Go\u015bciem spotkania b\u0119dzie o. Micha\u0142<br \/>\nSza\u0142kowski, asystent \u017bywego R\u00f3\u017ca\u0144ca\u00a0w Archidiecezji Warszawskiej, kt\u00f3ry na Mszy \u015bw.<br \/>\nwyg\u0142osi kazanie, a o 14.00\u00a0konferencj\u0119 pt.\u00a0Maryja w\u00a0Litanii Loreta\u0144skiej.\u00a0Zako\u0144czenie<br \/>\nKoronk\u0105 do Bo\u017cego Mi\u0142osierdzia.<br \/>\n5. W minionym tygodniu odszed\u0142 do wieczno\u015bci: \u015bp. Tadeusz Kowalski l. 82 z Teresina.<br \/>\nWieczny odpoczynek racz im da\u0107 Panie\u2026<\/p>\n","protected":false},"excerpt":{"rendered":"<p>1. W tym tygodniu w liturgii Ko\u015bcio\u0142a b\u0119dziemy obchodzi\u0107: \uf0b7 W czwartek: \u015awi\u0119to \u015bw. Tomasza, Aposto\u0142a. 2. W I czwartek miesi\u0105ca, zapraszamy na Msz\u0119 \u015bw. i nabo\u017ce\u0144stwo godziny \u015bwi\u0119tej w [&hellip;]<\/p>\n","protected":false},"author":2,"featured_media":18798,"comment_status":"closed","ping_status":"open","sticky":false,"template":"","format":"standard","meta":{"footnotes":""},"categories":[1],"tags":[],"class_list":["post-18797","post","type-post","status-publish","format-standard","has-post-thumbnail","hentry","category-bez-kategorii"],"_links":{"self":[{"href":"https:\/\/parafia.niepokalanow.pl\/index.php?rest_route=\/wp\/v2\/posts\/18797","targetHints":{"allow":["GET"]}}],"collection":[{"href":"https:\/\/parafia.niepokalanow.pl\/index.php?rest_route=\/wp\/v2\/posts"}],"about":[{"href":"https:\/\/parafia.niepokalanow.pl\/index.php?rest_route=\/wp\/v2\/types\/post"}],"author":[{"embeddable":true,"href":"https:\/\/parafia.niepokalanow.pl\/index.php?rest_route=\/wp\/v2\/users\/2"}],"replies":[{"embeddable":true,"href":"https:\/\/parafia.niepokalanow.pl\/index.php?rest_route=%2Fwp%2Fv2%2Fcomments&post=18797"}],"version-history":[{"count":0,"href":"https:\/\/parafia.niepokalanow.pl\/index.php?rest_route=\/wp\/v2\/posts\/18797\/revisions"}],"wp:featuredmedia":[{"embeddable":true,"href":"https:\/\/parafia.niepokalanow.pl\/index.php?rest_route=\/wp\/v2\/media\/18798"}],"wp:attachment":[{"href":"https:\/\/parafia.niepokalanow.pl\/index.php?rest_route=%2Fwp%2Fv2%2Fmedia&parent=18797"}],"wp:term":[{"taxonomy":"category","embeddable":true,"href":"https:\/\/parafia.niepokalanow.pl\/index.php?rest_route=%2Fwp%2Fv2%2Fcategories&post=18797"},{"taxonomy":"post_tag","embeddable":true,"href":"https:\/\/parafia.niepokalanow.pl\/index.php?rest_route=%2Fwp%2Fv2%2Ftags&post=18797"}],"curies":[{"name":"wp","href":"https:\/\/api.w.org\/{rel}","templated":true}]}}