{"id":18761,"date":"2025-04-30T17:17:36","date_gmt":"2025-04-30T15:17:36","guid":{"rendered":"https:\/\/parafia.niepokalanow.pl\/?p=18761"},"modified":"2025-06-21T12:04:47","modified_gmt":"2025-06-21T10:04:47","slug":"niedziela-zmartwychwstania-panskiego-20-kwietnia-2025-2-2","status":"publish","type":"post","link":"https:\/\/parafia.niepokalanow.pl\/?p=18761","title":{"rendered":"Spotkanie apostolatu &#8222;Margaretka&#8221;"},"content":{"rendered":"<p class=\"western\"><span style=\"font-family: Georgia, serif;\"><span style=\"font-size: medium;\">W sobot\u0119 26 kwietnia 2025 r., w wigili\u0119 niedzieli Bo\u017cego Mi\u0142osierdzia, do Niepokalanowa przyby\u0142o ponad 2 tysi\u0105ce wiernych, aby uczestniczy\u0107 w 8. spotkaniu apostolatu \u201eMargaretka\u201d \u2013 os\u00f3b modl\u0105cych si\u0119 za kap\u0142an\u00f3w. Wydarzenie to zbieg\u0142o si\u0119 ze 107. rocznic\u0105 \u015bwi\u0119ce\u0144 kap\u0142a\u0144skich i pierwszej Eucharystii sprawowanej przez \u015bw. Maksymiliana Kolbego, za\u0142o\u017cyciela Niepokalanowa. Spotkanie rozpocz\u0119\u0142o si\u0119 o godz. 9.30 na placu za bazylik\u0105, gdzie zebrani mogli wys\u0142ucha\u0107 konferencji-\u015bwiadectwa ks. Cezarego Siemi\u0144skiego o uzdrowieniu kap\u0142ana z ci\u0119\u017ckiej choroby, dzi\u0119ki modlitewnemu wstawiennictwu.<\/span><\/span><\/p>\n<p class=\"western\"><span style=\"font-family: Georgia, serif;\"><span style=\"font-size: medium;\">Centralnym punktem by\u0142a Eucharystia o godz. 11.00 pod przewodnictwem o. Piotra Szczepa\u0144skiego, prze\u0142o\u017conego Niepokalanowa. Homili\u0119 wyg\u0142osi\u0142 ks. Bogus\u0142aw Nagel, krajowy opiekun apostolatu \u201eMargaretka\u201d. Przypomnia\u0142 on zebranym, \u017ce w \u017cyciu \u015bwi\u0119tych kap\u0142an\u00f3w mi\u0142o\u015b\u0107 Boga i ojczyzny zlewa si\u0119 w jedno. Istotnym zadaniem kap\u0142an\u00f3w jest formowanie ludzkich sumie\u0144, aby B\u00f3g by\u0142 zawsze stawiany na pierwszym miejscu. Natomiast modlitwa za kap\u0142an\u00f3w ze strony wiernych \u015bwieckich to nie tylko wsparcie dla jednego ksi\u0119dza, ale wyraz troski o ca\u0142y Ko\u015bci\u00f3\u0142.<\/span><\/span><\/p>\n<p class=\"western\"><span style=\"font-family: Georgia, serif;\"><span style=\"font-size: medium;\">Po Komunii \u015bw. odm\u00f3wiono akt zawierzenia apostolatu \u201eMargaretka\u201d Matce Naj\u015bwi\u0119tszej, w kt\u00f3rym obecni powierzyli \u201eswoich\u201d kap\u0142an\u00f3w opiece Maryi. Ostatnim, popo\u0142udniowym akordem spotkania by\u0142o wsp\u00f3lne odm\u00f3wienie przez zebranych koronki do Bo\u017cego Mi\u0142osierdzia. B\u0142ogos\u0142awie\u0144stwo kap\u0142a\u0144skie na rozes\u0142anie zako\u0144czy\u0142o to owocne spotkanie wiernych z ca\u0142ego kraju.<\/span><\/span><\/p>\n<p class=\"western\"><span style=\"font-family: Georgia, serif;\"><span style=\"font-size: medium;\">Apostolat \u201eMargaretka\u201d to inicjatywa modlitewna, kt\u00f3ra zrodzi\u0142a si\u0119 w Kanadzie w 1981 r. Nazwa apostolatu nawi\u0105zuje do symbolu margaretki \u2013 kwiatu o siedmiu p\u0142atkach, z kt\u00f3rych ka\u017cdy reprezentuje jedn\u0105 osob\u0119 modl\u0105c\u0105 si\u0119 za konkretnego kap\u0142ana. Idea ta rozprzestrzeni\u0142a si\u0119 na ca\u0142y \u015bwiat, pokazuj\u0105c jak wierni \u015bwieccy mog\u0105 wspiera\u0107 swoich duszpasterzy poprzez codzienn\u0105 modlitw\u0119.<\/span><\/span><\/p>\n<p><em>opr. o. Franciszek Czarnowski OFMConv.<\/em><\/p>\n","protected":false},"excerpt":{"rendered":"<p>W sobot\u0119 26 kwietnia 2025 r., w wigili\u0119 niedzieli Bo\u017cego Mi\u0142osierdzia, do Niepokalanowa przyby\u0142o ponad 2 tysi\u0105ce wiernych, aby uczestniczy\u0107 w 8. spotkaniu apostolatu \u201eMargaretka\u201d \u2013 os\u00f3b modl\u0105cych si\u0119 za [&hellip;]<\/p>\n","protected":false},"author":2,"featured_media":18594,"comment_status":"closed","ping_status":"open","sticky":false,"template":"","format":"standard","meta":{"footnotes":""},"categories":[189],"tags":[],"class_list":["post-18761","post","type-post","status-publish","format-standard","has-post-thumbnail","hentry","category-wydarzenia"],"_links":{"self":[{"href":"https:\/\/parafia.niepokalanow.pl\/index.php?rest_route=\/wp\/v2\/posts\/18761","targetHints":{"allow":["GET"]}}],"collection":[{"href":"https:\/\/parafia.niepokalanow.pl\/index.php?rest_route=\/wp\/v2\/posts"}],"about":[{"href":"https:\/\/parafia.niepokalanow.pl\/index.php?rest_route=\/wp\/v2\/types\/post"}],"author":[{"embeddable":true,"href":"https:\/\/parafia.niepokalanow.pl\/index.php?rest_route=\/wp\/v2\/users\/2"}],"replies":[{"embeddable":true,"href":"https:\/\/parafia.niepokalanow.pl\/index.php?rest_route=%2Fwp%2Fv2%2Fcomments&post=18761"}],"version-history":[{"count":0,"href":"https:\/\/parafia.niepokalanow.pl\/index.php?rest_route=\/wp\/v2\/posts\/18761\/revisions"}],"wp:featuredmedia":[{"embeddable":true,"href":"https:\/\/parafia.niepokalanow.pl\/index.php?rest_route=\/wp\/v2\/media\/18594"}],"wp:attachment":[{"href":"https:\/\/parafia.niepokalanow.pl\/index.php?rest_route=%2Fwp%2Fv2%2Fmedia&parent=18761"}],"wp:term":[{"taxonomy":"category","embeddable":true,"href":"https:\/\/parafia.niepokalanow.pl\/index.php?rest_route=%2Fwp%2Fv2%2Fcategories&post=18761"},{"taxonomy":"post_tag","embeddable":true,"href":"https:\/\/parafia.niepokalanow.pl\/index.php?rest_route=%2Fwp%2Fv2%2Ftags&post=18761"}],"curies":[{"name":"wp","href":"https:\/\/api.w.org\/{rel}","templated":true}]}}