{"id":18750,"date":"2025-06-20T17:38:49","date_gmt":"2025-06-20T15:38:49","guid":{"rendered":"http:\/\/parafia.niepokalanow.pl\/?p=18750"},"modified":"2025-06-20T17:39:20","modified_gmt":"2025-06-20T15:39:20","slug":"ogloszenia-duszpasterskie-12-niedziela-zwykla-22-06-2025","status":"publish","type":"post","link":"https:\/\/parafia.niepokalanow.pl\/?p=18750","title":{"rendered":"Og\u0142oszenia duszpasterskie 12 Niedziela zwyk\u0142a 22.06.2025"},"content":{"rendered":"<p>1. W tym tygodniu w liturgii Ko\u015bcio\u0142a b\u0119dziemy obchodzi\u0107:<br \/>\n\uf0b7 We wtorek: Uroczysto\u015b\u0107 Narodzenia \u015bw. Jana Chrzciciela;<br \/>\n\uf0b7 W pi\u0105tek: Uroczysto\u015b\u0107 Naj\u015bwi\u0119tszego Serca Pana Jezusa; w tym dniu nie obowi\u0105zuje<br \/>\nwstrzemi\u0119\u017aliwo\u015b\u0107 od pokarm\u00f3w mi\u0119snych;<br \/>\n\uf0b7 W sobot\u0119: Wspomnienie Niepokalanego Serca NMP.<br \/>\n2. Trwamy w Oktawie Bo\u017cego Cia\u0142a. W tym tygodniu nabo\u017ce\u0144stwa wieczorne b\u0119d\u0105<br \/>\npo\u0142\u0105czone z procesj\u0105 eucharystyczn\u0105 \u2013 w niedziel\u0119 o godz. 17.00, w ci\u0105gu tygodnia po<br \/>\nMszy \u015bw. wieczornej ok. 18.30. Zapraszamy do licznego udzia\u0142u w nabo\u017ce\u0144stwach<br \/>\ni procesji. W czwartek, w ostatni dzie\u0144 oktawy Bo\u017cego Cia\u0142a po procesji \u2013<br \/>\nb\u0142ogos\u0142awie\u0144stwo wiank\u00f3w.<br \/>\n3. W czwartek, 26 czerwca, o godz. 9.00 zostanie odprawiona w Bazylice Msza \u015bw. w<br \/>\nintencji rolnik\u00f3w naszej parafii. B\u0119dziemy prosi\u0107 Boga o dobre urodzaje i szcz\u0119\u015bliwe<br \/>\nzbiory, a po Mszy \u015bw. nast\u0105pi po\u015bwi\u0119cenie p\u00f3l w miejscowo\u015bciach: Granice, Granice, ul.<br \/>\nStra\u017cacka, Seroki Wie\u015b, Seroki Parcela, Ludwik\u00f3w.<br \/>\n4. R\u00f3wnie\u017c w czwartek, 26 czerwca, z racji zako\u0144czenia roku szkolnego o godz. 9.00 w\u00a0kaplicy<br \/>\nw Budkach Piaseckich zostanie odprawiona Msza \u015bw. dla tamtejszej szko\u0142y. W pi\u0105tek za\u015b<br \/>\no godz. 8.00 zostanie odprawiona Msza \u015bw. w bazylice na zako\u0144czenie roku szkolnego<br \/>\ndla dzieci ze Szko\u0142y Podstawowej w Teresinie i w Paprotni oraz m\u0142odzie\u017cy z\u00a0Zespo\u0142u<br \/>\nSzk\u00f3\u0142. Serdecznie zapraszamy dzieci, m\u0142odzie\u017c, nauczycieli oraz rodzic\u00f3w.<br \/>\n5. 28 czerwca w sobot\u0119 w Domu Parafialnym odb\u0119d\u0105 si\u0119 warsztaty z dobrej komunikacji<br \/>\ndla par, ma\u0142\u017ce\u0144stw i rodzin. Szczeg\u00f3\u0142y dost\u0119pne na plakacie w gablocie oraz stronie<br \/>\nparafii.<\/p>\n<p>6. Spotkanie Rycerstwa Niepokalanej odb\u0119dzie si\u0119 w sobot\u0119 o godz. 19.00 w O\u015brodku MI.<br \/>\n7. Z naszej wsp\u00f3lnoty parafialnej odchodzi do Orlika s. Rozalia &#8211; katechetka. Msza \u015bwi\u0119ta w<br \/>\nintencji s. Rozalii w podzi\u0119kowaniu za prac\u0119 duszpastersk\u0105 w naszej parafii b\u0119dzie<br \/>\nsprawowana za tydzie\u0144 o godz. 11.30. Wszystkich gor\u0105co zapraszamy.<br \/>\n8. W przysz\u0142\u0105 niedziel\u0119 podczas Mszy \u015bw. o godz. 18.00 i na nabo\u017ce\u0144stwie po\u00a0Mszy \u015bwi\u0119tej<br \/>\nmodli\u0107 si\u0119 b\u0119dziemy o \u0142ask\u0119 uzdrowienia duszy i cia\u0142a.<br \/>\n9. Ko\u0142o Przyjaci\u00f3\u0142 Radia Maryja zaprasza wszystkich ch\u0119tnych na pielgrzymk\u0119 do<br \/>\nCz\u0119stochowy w dniu 13 lipca na uroczysto\u015bci zwi\u0105zane z 34 rocznic\u0105 powstania Radia.<br \/>\nKoszt wyjazdu 85 z\u0142. Kontakt pod numerem telefonu: 728 464\u00a0508.<br \/>\n10. Za tydzie\u0144 b\u0119dziemy go\u015bci\u0107 w naszej wsp\u00f3lnocie o. Paw\u0142a Bloka, kt\u00f3ry b\u0119dzie g\u0142osi\u0142<br \/>\nkazania, a po Mszach \u015bw. b\u0119dzie zbiera\u0142 ofiary na pomoc Ko\u015bcio\u0142owi w Kazachstanie.<br \/>\n11. W minionym tygodniu odesz\u0142a do wieczno\u015bci: \u015bp. Anna Wi\u0119ckowska l. 87 z Paprotni.<br \/>\nWieczny odpoczynek racz jej da\u0107 Panie\u2026<\/p>\n","protected":false},"excerpt":{"rendered":"<p>1. W tym tygodniu w liturgii Ko\u015bcio\u0142a b\u0119dziemy obchodzi\u0107: \uf0b7 We wtorek: Uroczysto\u015b\u0107 Narodzenia \u015bw. Jana Chrzciciela; \uf0b7 W pi\u0105tek: Uroczysto\u015b\u0107 Naj\u015bwi\u0119tszego Serca Pana Jezusa; w tym dniu nie obowi\u0105zuje [&hellip;]<\/p>\n","protected":false},"author":2,"featured_media":18166,"comment_status":"closed","ping_status":"open","sticky":false,"template":"","format":"standard","meta":{"footnotes":""},"categories":[1],"tags":[],"class_list":["post-18750","post","type-post","status-publish","format-standard","has-post-thumbnail","hentry","category-bez-kategorii"],"_links":{"self":[{"href":"https:\/\/parafia.niepokalanow.pl\/index.php?rest_route=\/wp\/v2\/posts\/18750","targetHints":{"allow":["GET"]}}],"collection":[{"href":"https:\/\/parafia.niepokalanow.pl\/index.php?rest_route=\/wp\/v2\/posts"}],"about":[{"href":"https:\/\/parafia.niepokalanow.pl\/index.php?rest_route=\/wp\/v2\/types\/post"}],"author":[{"embeddable":true,"href":"https:\/\/parafia.niepokalanow.pl\/index.php?rest_route=\/wp\/v2\/users\/2"}],"replies":[{"embeddable":true,"href":"https:\/\/parafia.niepokalanow.pl\/index.php?rest_route=%2Fwp%2Fv2%2Fcomments&post=18750"}],"version-history":[{"count":0,"href":"https:\/\/parafia.niepokalanow.pl\/index.php?rest_route=\/wp\/v2\/posts\/18750\/revisions"}],"wp:featuredmedia":[{"embeddable":true,"href":"https:\/\/parafia.niepokalanow.pl\/index.php?rest_route=\/wp\/v2\/media\/18166"}],"wp:attachment":[{"href":"https:\/\/parafia.niepokalanow.pl\/index.php?rest_route=%2Fwp%2Fv2%2Fmedia&parent=18750"}],"wp:term":[{"taxonomy":"category","embeddable":true,"href":"https:\/\/parafia.niepokalanow.pl\/index.php?rest_route=%2Fwp%2Fv2%2Fcategories&post=18750"},{"taxonomy":"post_tag","embeddable":true,"href":"https:\/\/parafia.niepokalanow.pl\/index.php?rest_route=%2Fwp%2Fv2%2Ftags&post=18750"}],"curies":[{"name":"wp","href":"https:\/\/api.w.org\/{rel}","templated":true}]}}