{"id":18684,"date":"2025-06-13T23:31:45","date_gmt":"2025-06-13T21:31:45","guid":{"rendered":"http:\/\/parafia.niepokalanow.pl\/?p=18684"},"modified":"2025-06-15T00:13:32","modified_gmt":"2025-06-14T22:13:32","slug":"18684","status":"publish","type":"post","link":"https:\/\/parafia.niepokalanow.pl\/?p=18684","title":{"rendered":"OG\u0141OSZENIA DUSZPASTERSKIE NIEDZIELA TROJCY \u015aWI\u0118TEJ 15.06.2025"},"content":{"rendered":"<p>1. W tym tygodniu w liturgii Ko\u015bcio\u0142a b\u0119dziemy obchodzi\u0107:<\/p>\n<p>We wtorek: Wspomnienie \u015bw. Alberta Chmielowskiego, zakonnika;<\/p>\n<p>W czwartek: Uroczysto\u015b\u0107 Naj\u015bwi\u0119tszego Cia\u0142a i Krwi Chrystusa;<\/p>\n<p>W sobot\u0119: Wspomnienie \u015bw. Alojzego Gonzagi, zakonnika.<\/p>\n<p>&nbsp;<\/p>\n<p>2. W Uroczysto\u015b\u0107 Bo\u017cego Cia\u0142a 19 czerwca procesja eucharystyczna przejdzie nast\u0119puj\u0105cymi ulicami: Kolbego, Srebrn\u0105, Kra\u0144cow\u0105, Per\u0142ow\u0105, Cich\u0105 i Cmentarn\u0105 do o\u0142tarza polowego za Bazylik\u0105. Prosimy o przygotowanie o\u0142tarzy nast\u0119puj\u0105ce grupy: I: \u017bywy R\u00f3\u017caniec, Rycerstwo Niepokalanej, Ministranci starsi, ko\u0142o Gospody\u0144 i Gospodarzy \u201eKwiaty Paproci\u201d II: Odnowa w Duchu \u015awi\u0119tym III: Ko\u0142o Przyjaci\u00f3\u0142 Radia Maryja i Kr\u0105g Ma\u0142\u017ce\u0144stw MI IV: Klasztor. Zach\u0119camy do licznego udzia\u0142u i pobo\u017cnego prze\u017cycia procesji oraz dekoracji dom\u00f3w na trasie procesji. Zapraszamy biel, asyst\u0119 liturgiczn\u0105, ch\u00f3r, dzieci z klas trzecich w strojach komunijnych oraz m\u0142odzie\u017c do niesienia sztandar\u00f3w i feretron\u00f3w. Pr\u00f3ba sypania kwiat\u00f3w dla dziewczynek oraz bieli b\u0119dzie w \u015brod\u0119 o godz. 17.00. Przez kolejne osiem dni po Bo\u017cym Ciele po nabo\u017ce\u0144stwie odprawia\u0107 b\u0119dziemy procesj\u0119 wok\u00f3\u0142 bazyliki. W sobot\u0119 nabo\u017ce\u0144stwo i procesja b\u0119dzie w Sanktuarium \u015aw. Maksymiliana. Informujemy, \u017ce abp Adrian Galbas udzieli\u0142 dyspensy na pi\u0105tek 20 czerwca.<\/p>\n<p>3. Zapraszamy ch\u0119tne dziewczynki do w\u0142\u0105czenia si\u0119 w pos\u0142ug\u0119 Bieli w naszej parafii podczas Uroczysto\u015bci Bo\u017cego Cia\u0142a i w oktawie. Nowe uczestniczki zapraszamy na pr\u00f3b\u0119 w najbli\u017csz\u0105 \u015brod\u0119 o godz. 16:00 przy kaplicy adoracji.<\/p>\n<p>4. W sobot\u0119 21 czerwca odb\u0119dzie si\u0119 spotkanie Ko\u0142a Przyjaci\u00f3\u0142 Radia Maryja. Rozpocznie si\u0119 o godz. 9.00 w Sanktuarium \u015bw. Maksymiliana Msz\u0105 \u015bwi\u0119t\u0105 w intencji Radia Maryja, Telewizji Trwam i Ojczyzny.<\/p>\n<p>5. Decyzj\u0105 o. Prowincja\u0142a z naszej wsp\u00f3lnoty odchodzi do Skar\u017cyska Kamiennej o. Bogdan Kwapisiewicz. Podzi\u0119kowanie o. Bogdanowi za prac\u0119 duszpastersk\u0105 w naszej parafii pragniemy z\u0142o\u017cy\u0107 za tydzie\u0144 na Mszy \u015bw. o godz. 11.30. Wszystkich gor\u0105co zapraszamy.<\/p>\n<p>6.W minionym tygodniu odeszli do wieczno\u015bci: \u015bp. Marianna Czuba l. 97 z Teresina, \u015bp. Karol D\u0105browski l. 45 z Paprotni i \u015bp. Renata Szczypkowska l. 59 z Granic. Wieczny odpoczynek racz im da\u0107 Panie\u2026<\/p>\n","protected":false},"excerpt":{"rendered":"<p>1. W tym tygodniu w liturgii Ko\u015bcio\u0142a b\u0119dziemy obchodzi\u0107: We wtorek: Wspomnienie \u015bw. Alberta Chmielowskiego, zakonnika; W czwartek: Uroczysto\u015b\u0107 Naj\u015bwi\u0119tszego Cia\u0142a i Krwi Chrystusa; W sobot\u0119: Wspomnienie \u015bw. Alojzego Gonzagi, [&hellip;]<\/p>\n","protected":false},"author":2,"featured_media":17717,"comment_status":"closed","ping_status":"open","sticky":false,"template":"","format":"standard","meta":{"footnotes":""},"categories":[1],"tags":[],"class_list":["post-18684","post","type-post","status-publish","format-standard","has-post-thumbnail","hentry","category-bez-kategorii"],"_links":{"self":[{"href":"https:\/\/parafia.niepokalanow.pl\/index.php?rest_route=\/wp\/v2\/posts\/18684","targetHints":{"allow":["GET"]}}],"collection":[{"href":"https:\/\/parafia.niepokalanow.pl\/index.php?rest_route=\/wp\/v2\/posts"}],"about":[{"href":"https:\/\/parafia.niepokalanow.pl\/index.php?rest_route=\/wp\/v2\/types\/post"}],"author":[{"embeddable":true,"href":"https:\/\/parafia.niepokalanow.pl\/index.php?rest_route=\/wp\/v2\/users\/2"}],"replies":[{"embeddable":true,"href":"https:\/\/parafia.niepokalanow.pl\/index.php?rest_route=%2Fwp%2Fv2%2Fcomments&post=18684"}],"version-history":[{"count":0,"href":"https:\/\/parafia.niepokalanow.pl\/index.php?rest_route=\/wp\/v2\/posts\/18684\/revisions"}],"wp:featuredmedia":[{"embeddable":true,"href":"https:\/\/parafia.niepokalanow.pl\/index.php?rest_route=\/wp\/v2\/media\/17717"}],"wp:attachment":[{"href":"https:\/\/parafia.niepokalanow.pl\/index.php?rest_route=%2Fwp%2Fv2%2Fmedia&parent=18684"}],"wp:term":[{"taxonomy":"category","embeddable":true,"href":"https:\/\/parafia.niepokalanow.pl\/index.php?rest_route=%2Fwp%2Fv2%2Fcategories&post=18684"},{"taxonomy":"post_tag","embeddable":true,"href":"https:\/\/parafia.niepokalanow.pl\/index.php?rest_route=%2Fwp%2Fv2%2Ftags&post=18684"}],"curies":[{"name":"wp","href":"https:\/\/api.w.org\/{rel}","templated":true}]}}