{"id":18657,"date":"2025-05-30T15:56:06","date_gmt":"2025-05-30T13:56:06","guid":{"rendered":"http:\/\/parafia.niepokalanow.pl\/?p=18657"},"modified":"2025-05-30T15:56:06","modified_gmt":"2025-05-30T13:56:06","slug":"ogloszenia-duszpasterskie-niedziela-wniebowstapienia-panskiego-01-czerwca-2025","status":"publish","type":"post","link":"https:\/\/parafia.niepokalanow.pl\/?p=18657","title":{"rendered":"OG\u0141OSZENIA DUSZPASTERSKIE NIEDZIELA WNIEBOWST\u0104PIENIA PA\u0143SKIEGO 01 CZERWCA 2025"},"content":{"rendered":"<p>1. W tym tygodniu w liturgii Ko\u015bcio\u0142a b\u0119dziemy obchodzi\u0107:<br \/>\n\uf0b7 We wtorek: Wspomnienie \u015bw. Karola Lwangi i Towarzyszy, m\u0119czennik\u00f3w.<br \/>\n\uf0b7 W czwartek: Wspomnienie \u015bw. Bonifacego, biskupa i m\u0119czennika<br \/>\n\uf0b7 W sobot\u0119: Wspomnienie b\u0142. Micha\u0142a i Zbigniewa, prezbiter\u00f3w i m\u0119czennik\u00f3w;<br \/>\n2. Dzi\u015b przypada XVIII \u015awi\u0119to Dzi\u0119kczynienia pod has\u0142em: Dzi\u0119kujemy za nadziej\u0119. Z tej racji<br \/>\nmo\u017cna z\u0142o\u017cy\u0107 ofiar\u0119 do puszek na \u015awi\u0105tyni\u0119 Opatrzno\u015bci Bo\u017cej.<br \/>\n3. Dzi\u015b o godz. 17.00 rozpoczynamy odprawianie nabo\u017ce\u0144stw ku czci Naj\u015bwi\u0119tszego Serca Pana<br \/>\nJezusa. Z racji pierwszej niedzieli miesi\u0105ca po nabo\u017ce\u0144stwie procesja eucharystyczna wok\u00f3\u0142<br \/>\nbazyliki. Zapraszamy do udzia\u0142u asyst\u0119, ministrant\u00f3w, biel i\u00a0dziewczynki sypi\u0105ce kwiaty.<br \/>\nNabo\u017ce\u0144stwa czerwcowe w dni powszednie b\u0119d\u0105 odprawiane po Mszy \u015bwi\u0119tej wieczornej. W<br \/>\nsobot\u0119 Msza \u015bwi\u0119ta wieczorna i nabo\u017ce\u0144stwo w kaplicy \u015bw. Maksymiliana.<br \/>\n4. W \u015brod\u0119 4 czerwca podczas Mszy \u015bwi\u0119tej o godz. 18.00 Ks. Abp Adrian Galbas udzieli<br \/>\nsakramentu bierzmowania m\u0142odzie\u017cy naszej parafii. \u00a0Pami\u0119tajmy o nich w modlitwie, aby<br \/>\nDuch \u015awi\u0119ty prowadzi\u0142 ich drogami dojrza\u0142ego chrze\u015bcija\u0144stwa.<br \/>\n5. W tym tygodniu przypadaj\u0105 dni odnowy wewn\u0119trznej: w I czwartek miesi\u0105ca zapraszamy<br \/>\nna Msz\u0119 \u015bw. o g. 18.00 i nabo\u017ce\u0144stwo czerwcowe w intencji nowych i \u015bwi\u0119tych powo\u0142a\u0144 do<br \/>\ns\u0142u\u017cby Bo\u017cej w Ko\u015bciele. W I pi\u0105tek spowied\u017a dla dzieci od godz. 16.30 a o 17.00 Msza \u015bw.<br \/>\nTego dnia udamy si\u0119 z pos\u0142ug\u0105 do chorych naszej parafii.<br \/>\n6. W pi\u0105tek, w kaplicy \u015bw. Maksymiliana odb\u0119dzie si\u0119 czuwanie modlitewne przed Pierwsz\u0105<br \/>\nSobot\u0105. Pocz\u0105tek o 19.00, zako\u0144czone Msz\u0105 \u015bw. o 21.10. W sobot\u0119 odb\u0119dzie si\u0119 Spotkanie<br \/>\nOddaj si\u0119 Maryi. O 9.30, w sali \u015bw. Bonawentury konferencja i \u015bwiadectwa, nast\u0119pnie o<br \/>\n11.00 w bazylice Msza \u015bw. z zawierzeniem i nabo\u017ce\u0144stwo wynagradzaj\u0105ce Niepokalanemu<br \/>\nSercu Maryi. Go\u015bciem Spotkania b\u0119dzie ks. Guy Pages (czyt. Gi Pa\u017ces) z Pary\u017ca, autor wielu<br \/>\npublikacji nt. zagro\u017ce\u0144 zwi\u0105zanych z islamem, min. ksi\u0105\u017cki pt. Islam pod lup\u0105. O 14.00<br \/>\nwyg\u0142osi konferencj\u0119 pt. Jezus i Maryja w Koranie. Zako\u0144czenie Koronk\u0105 do Bo\u017cego<br \/>\nMi\u0142osierdzia.<br \/>\n7. W sobot\u0119 wieczorem w wigili\u0119 uroczysto\u015bci Zes\u0142ania Ducha \u015awi\u0119tego zapraszamy na<br \/>\nczuwanie modlitewne. Rozpoczniemy je Apelem Maryjnym o godz. 21.00. W ramach<br \/>\nczuwania modlitwa, konferencja i uwielbienie przed Naj\u015bwi\u0119tszym Sakramentem.<br \/>\nZako\u0144czymy je wigilijn\u0105 Msz\u0105 \u015bw. o godz. 23.00, na zako\u0144czenie kt\u00f3rej kap\u0142ani udziel\u0105<br \/>\nindywidualnego b\u0142ogos\u0142awie\u0144stwa z modlitw\u0105.<br \/>\n8. Wsp\u00f3lnota Franciszka\u0144skiego Zakonu \u015awieckich zaprasza 8 czerwca na spotkanie, kt\u00f3re<br \/>\nrozpocznie si\u0119 Jutrzni\u0105 o godzinie 9.30 w\u00a0sanktuarium\u00a0\u015aw. Maksymiliana. Nast\u0119pnie zostanie<br \/>\nodprawiona Msza \u015bw., po kt\u00f3rej\u00a0nast\u0105pi Adoracja Naj\u015bwi\u0119tszego Sakramentu.<br \/>\n9. \u015awiadectwo z Fundacji Adoremus Te Christe.<\/p>\n<p>10. W tym tygodniu z naszej wsp\u00f3lnoty parafialnej odszed\u0142 do wieczno\u015bci: \u015bp. \u0141ukasz<br \/>\nKotli\u0144ski l. 46 z Nowej Piasecznicy. Wieczny odpoczynek racz mu da\u0107 Panie\u2026<\/p>\n","protected":false},"excerpt":{"rendered":"<p>1. W tym tygodniu w liturgii Ko\u015bcio\u0142a b\u0119dziemy obchodzi\u0107: \uf0b7 We wtorek: Wspomnienie \u015bw. Karola Lwangi i Towarzyszy, m\u0119czennik\u00f3w. \uf0b7 W czwartek: Wspomnienie \u015bw. Bonifacego, biskupa i m\u0119czennika \uf0b7 W [&hellip;]<\/p>\n","protected":false},"author":2,"featured_media":18658,"comment_status":"closed","ping_status":"open","sticky":false,"template":"","format":"standard","meta":{"footnotes":""},"categories":[1],"tags":[],"class_list":["post-18657","post","type-post","status-publish","format-standard","has-post-thumbnail","hentry","category-bez-kategorii"],"_links":{"self":[{"href":"https:\/\/parafia.niepokalanow.pl\/index.php?rest_route=\/wp\/v2\/posts\/18657","targetHints":{"allow":["GET"]}}],"collection":[{"href":"https:\/\/parafia.niepokalanow.pl\/index.php?rest_route=\/wp\/v2\/posts"}],"about":[{"href":"https:\/\/parafia.niepokalanow.pl\/index.php?rest_route=\/wp\/v2\/types\/post"}],"author":[{"embeddable":true,"href":"https:\/\/parafia.niepokalanow.pl\/index.php?rest_route=\/wp\/v2\/users\/2"}],"replies":[{"embeddable":true,"href":"https:\/\/parafia.niepokalanow.pl\/index.php?rest_route=%2Fwp%2Fv2%2Fcomments&post=18657"}],"version-history":[{"count":0,"href":"https:\/\/parafia.niepokalanow.pl\/index.php?rest_route=\/wp\/v2\/posts\/18657\/revisions"}],"wp:featuredmedia":[{"embeddable":true,"href":"https:\/\/parafia.niepokalanow.pl\/index.php?rest_route=\/wp\/v2\/media\/18658"}],"wp:attachment":[{"href":"https:\/\/parafia.niepokalanow.pl\/index.php?rest_route=%2Fwp%2Fv2%2Fmedia&parent=18657"}],"wp:term":[{"taxonomy":"category","embeddable":true,"href":"https:\/\/parafia.niepokalanow.pl\/index.php?rest_route=%2Fwp%2Fv2%2Fcategories&post=18657"},{"taxonomy":"post_tag","embeddable":true,"href":"https:\/\/parafia.niepokalanow.pl\/index.php?rest_route=%2Fwp%2Fv2%2Ftags&post=18657"}],"curies":[{"name":"wp","href":"https:\/\/api.w.org\/{rel}","templated":true}]}}