{"id":18642,"date":"2025-05-24T17:57:20","date_gmt":"2025-05-24T15:57:20","guid":{"rendered":"http:\/\/parafia.niepokalanow.pl\/?p=18642"},"modified":"2025-05-25T07:46:55","modified_gmt":"2025-05-25T05:46:55","slug":"ogloszenia-duszpasterskie-vi-niedziela-zwykla-25-maja-2025","status":"publish","type":"post","link":"https:\/\/parafia.niepokalanow.pl\/?p=18642","title":{"rendered":"OG\u0141OSZENIA DUSZPASTERSKIE VI NIEDZIELA ZWYK\u0141A  25 MAJA 2025"},"content":{"rendered":"<p>1. W tym tygodniu w liturgii Ko\u015bcio\u0142a b\u0119dziemy obchodzi\u0107:<br \/>\n\uf0b7 W poniedzia\u0142ek: Wspomnienie \u015bw. Filipa Nereusza, prezbitera.<br \/>\n\uf0b7 W czwartek: Wspomnienie \u015bw. Urszuli Led\u00f3chowskiej, dziewicy;<br \/>\n\uf0b7 W sobot\u0119: \u015awi\u0119to Nawiedzenia NMP;<br \/>\n2. Jutro przypada Dzie\u0144 Matki. Wszystkim mamom \u017cyczymy opieki Bo\u017cej i\u00a0szczeg\u00f3lnej<br \/>\nopieki najpi\u0119kniejszej z matek, naszej Niepokalanej Mamy.<br \/>\n3. Spotkanie Rycerstwa Niepokalanej odb\u0119dzie si\u0119 w sobot\u0119 o godz. 19.00 w domu<br \/>\nparafialnym.<br \/>\n4. Za tydzie\u0144 przypada uroczysto\u015b\u0107 Wniebowst\u0105pienia Pa\u0144skiego.<br \/>\n5. 30 maja, w pi\u0105tek, o godz. 18.00 odb\u0119dzie po\u015bwi\u0119cenie p\u00f3l w Topo\u0142owej. B\u0119dziemy prosi\u0107<br \/>\nBoga o dobre urodzaje i szcz\u0119\u015bliwe zbiory.<br \/>\n6. W przysz\u0142\u0105 niedziel\u0119, 1 czerwca, po Mszy \u015bwi\u0119tej o godz. 10.00 odb\u0119dzie si\u0119 spotkanie<br \/>\nWsp\u00f3lnoty \u017bywego R\u00f3\u017ca\u0144ca w domu parafialnym.<br \/>\n7. Za tydzie\u0144 z racji pierwszej niedzieli miesi\u0105ca podczas nabo\u017ce\u0144stwa o godz. 17.00<br \/>\nodb\u0119dzie si\u0119 procesja eucharystyczna wok\u00f3\u0142 bazyliki. Zapraszamy do udzia\u0142u asyst\u0119<br \/>\nprocesyjn\u0105.<br \/>\n8. Ko\u0142o Przyjaci\u00f3\u0142 Radia Maryja przy naszej parafii zaprasza na trzy dniow\u0105 pielgrzymk\u0119 w<br \/>\ndniach 13-15 czerwca do Poznania, Chojny i Lichenia. Koszt wyjazdu 750 z\u0142. Szczeg\u00f3\u0142y i<br \/>\nkontakt do zapisu podane w programie umieszczonym na stronie internetowej parafii<br \/>\noraz w gablocie przy Bazylice i na tablicy og\u0142osze\u0144.<br \/>\n9. W tym tygodniu z naszej wsp\u00f3lnoty parafialnej odesz\u0142a do wieczno\u015bci: \u015bp. Krystyna<br \/>\nBieniek l. 88 z Ludwikowa. Wieczny odpoczynek racz jej da\u0107 Panie\u2026<\/p>\n<div class=\"ead-preview\"><div class=\"ead-document\" style=\"position: relative;padding-top: 90%;\"><div class=\"ead-iframe-wrapper\"><iframe src=\"\/\/docs.google.com\/viewer?url=https%3A%2F%2Fparafia.niepokalanow.pl%2Fwp-content%2Fuploads%2F2025%2F05%2FSwieto-dziekczynienia_Abp.A.Galbas_2025.pdf&amp;embedded=true&amp;hl=en\" title=\"Embedded Document\" class=\"ead-iframe\" style=\"width: 100%;height: 100%;border: none;position: absolute;left: 0;top: 0;visibility: hidden;\"><\/iframe><\/div>\t\t\t<div class=\"ead-document-loading\" style=\"width:100%;height:100%;position:absolute;left:0;top:0;z-index:10;\">\n\t\t\t\t<div class=\"ead-loading-wrap\">\n\t\t\t\t\t<div class=\"ead-loading-main\">\n\t\t\t\t\t\t<div class=\"ead-loading\">\n\t\t\t\t\t\t\t<img loading=\"lazy\" decoding=\"async\" src=\"https:\/\/parafia.niepokalanow.pl\/wp-content\/plugins\/embed-any-document\/images\/loading.svg\" width=\"55\" height=\"55\" alt=\"Loader\">\n\t\t\t\t\t\t\t<span>Loading...<\/span>\n\t\t\t\t\t\t<\/div>\n\t\t\t\t\t<\/div>\n\t\t\t\t\t<div class=\"ead-loading-foot\">\n\t\t\t\t\t\t<div class=\"ead-loading-foot-title\">\n\t\t\t\t\t\t\t<img loading=\"lazy\" decoding=\"async\" src=\"https:\/\/parafia.niepokalanow.pl\/wp-content\/plugins\/embed-any-document\/images\/EAD-logo.svg\" alt=\"EAD Logo\" width=\"36\" height=\"23\"\/>\n\t\t\t\t\t\t\t<span>Taking too long?<\/span>\n\t\t\t\t\t\t<\/div>\n\t\t\t\t\t\t<p>\n\t\t\t\t\t\t\t<div class=\"ead-document-btn ead-reload-btn\" role=\"button\">\n\t\t\t\t\t\t\t\t<img loading=\"lazy\" decoding=\"async\" src=\"https:\/\/parafia.niepokalanow.pl\/wp-content\/plugins\/embed-any-document\/images\/reload.svg\" alt=\"Reload\" width=\"12\" height=\"12\"\/> Reload document\t\t\t\t\t\t\t<\/div>\n\t\t\t\t\t\t\t<span>|<\/span>\n\t\t\t\t\t\t\t<a href=\"https:\/\/parafia.niepokalanow.pl\/wp-content\/uploads\/2025\/05\/Swieto-dziekczynienia_Abp.A.Galbas_2025.pdf\" class=\"ead-document-btn\" target=\"_blank\">\n\t\t\t\t\t\t\t\t<img loading=\"lazy\" decoding=\"async\" src=\"https:\/\/parafia.niepokalanow.pl\/wp-content\/plugins\/embed-any-document\/images\/open.svg\" alt=\"Open\" width=\"12\" height=\"12\"\/> Open in new tab\t\t\t\t\t\t\t<\/a>\n\t\t\t\t\t<\/div>\n\t\t\t\t<\/div>\n\t\t\t<\/div>\n\t\t<\/div><\/div>\n<p>&nbsp;<\/p>\n","protected":false},"excerpt":{"rendered":"<p>1. W tym tygodniu w liturgii Ko\u015bcio\u0142a b\u0119dziemy obchodzi\u0107: \uf0b7 W poniedzia\u0142ek: Wspomnienie \u015bw. Filipa Nereusza, prezbitera. \uf0b7 W czwartek: Wspomnienie \u015bw. Urszuli Led\u00f3chowskiej, dziewicy; \uf0b7 W sobot\u0119: \u015awi\u0119to Nawiedzenia [&hellip;]<\/p>\n","protected":false},"author":2,"featured_media":18508,"comment_status":"closed","ping_status":"open","sticky":false,"template":"","format":"standard","meta":{"footnotes":""},"categories":[1],"tags":[],"class_list":["post-18642","post","type-post","status-publish","format-standard","has-post-thumbnail","hentry","category-bez-kategorii"],"_links":{"self":[{"href":"https:\/\/parafia.niepokalanow.pl\/index.php?rest_route=\/wp\/v2\/posts\/18642","targetHints":{"allow":["GET"]}}],"collection":[{"href":"https:\/\/parafia.niepokalanow.pl\/index.php?rest_route=\/wp\/v2\/posts"}],"about":[{"href":"https:\/\/parafia.niepokalanow.pl\/index.php?rest_route=\/wp\/v2\/types\/post"}],"author":[{"embeddable":true,"href":"https:\/\/parafia.niepokalanow.pl\/index.php?rest_route=\/wp\/v2\/users\/2"}],"replies":[{"embeddable":true,"href":"https:\/\/parafia.niepokalanow.pl\/index.php?rest_route=%2Fwp%2Fv2%2Fcomments&post=18642"}],"version-history":[{"count":0,"href":"https:\/\/parafia.niepokalanow.pl\/index.php?rest_route=\/wp\/v2\/posts\/18642\/revisions"}],"wp:featuredmedia":[{"embeddable":true,"href":"https:\/\/parafia.niepokalanow.pl\/index.php?rest_route=\/wp\/v2\/media\/18508"}],"wp:attachment":[{"href":"https:\/\/parafia.niepokalanow.pl\/index.php?rest_route=%2Fwp%2Fv2%2Fmedia&parent=18642"}],"wp:term":[{"taxonomy":"category","embeddable":true,"href":"https:\/\/parafia.niepokalanow.pl\/index.php?rest_route=%2Fwp%2Fv2%2Fcategories&post=18642"},{"taxonomy":"post_tag","embeddable":true,"href":"https:\/\/parafia.niepokalanow.pl\/index.php?rest_route=%2Fwp%2Fv2%2Ftags&post=18642"}],"curies":[{"name":"wp","href":"https:\/\/api.w.org\/{rel}","templated":true}]}}