{"id":18609,"date":"2025-05-11T09:29:05","date_gmt":"2025-05-11T07:29:05","guid":{"rendered":"http:\/\/parafia.niepokalanow.pl\/?p=18609"},"modified":"2025-05-11T09:29:05","modified_gmt":"2025-05-11T07:29:05","slug":"ogloszenia-duszpasterskie-4-niedzial-wielkanocna-11-maja-2025","status":"publish","type":"post","link":"https:\/\/parafia.niepokalanow.pl\/?p=18609","title":{"rendered":"OG\u0141OSZENIA DUSZPASTERSKIE 4 NIEDZIAL WIELKANOCNA 11 MAJA 2025"},"content":{"rendered":"<p>1. Dzi\u015b prze\u017cywamy czwart\u0105 niedziel\u0119 Wielkanocy, nazywan\u0105 niedziel\u0105 Dobrego Pasterza.<br \/>\nJest to jednocze\u015bnie \u015awiatowy Dzie\u0144 Modlitw o Powo\u0142ania do S\u0142u\u017cby Bogu w\u00a0Ko\u015bciele, z<br \/>\ntej racji kazania na wszystkich Mszach \u015bw. g\u0142osi o. Sylwester G\u0105glewski \u2013 asystent<br \/>\nprowincjalny ds. powo\u0142a\u0144.<br \/>\n2. W tym tygodniu w liturgii Ko\u015bcio\u0142a b\u0119dziemy obchodzi\u0107:<br \/>\n\uf0b7 We wtorek: Wspomnienie NMP z Fatimy;<br \/>\n\uf0b7 W \u015brod\u0119: \u015awi\u0119to \u015bw. Macieja Aposto\u0142a;<br \/>\n\uf0b7 W czwartek: Wspomnienie \u015bw. Ma\u0142gorzaty z Kortony;<br \/>\n\uf0b7 W pi\u0105tek: Uroczysto\u015b\u0107 \u015bw. Andrzeja Boboli, prezbitera i m\u0119czennika, patrona Polski;<br \/>\n\uf0b7 W sobot\u0119: Wspomnienie \u015bw. Paschalisa Baylona, zakonnika;<br \/>\n3. W tym tygodniu trwa nowenna o wyb\u00f3r dobrego Prezydenta RP po\u0142\u0105czona z<br \/>\nnabo\u017ce\u0144stwem majowym. W niedziele o godz. 17.00, w dni powszednie po Mszy \u015bwi\u0119tej<br \/>\nwieczornej ok. godz. 18.30, w sobot\u0119 Msza \u015bw. wieczorna i nabo\u017ce\u0144stwo majowe w<br \/>\nSanktuarium \u015aw. Maksymiliana.<br \/>\n4. W poniedzia\u0142ek 12 maja o godz.18.00 zostanie odprawiona Msza \u015bw. w int. m\u0142odzie\u017cy z<br \/>\nklas \u00f3smych zdaj\u0105cych w przysz\u0142ym tygodniu egzaminy.<br \/>\n5. 13 maja, we wtorek: wspomnienie Naj\u015bwi\u0119tszej Maryi Panny z Fatimy. Tego dnia<br \/>\nzapraszamy na nabo\u017ce\u0144stwo fatimskie po\u0142\u0105czone z majowym po Mszy \u015bw. wieczornej,<br \/>\nza\u015b w Niepokalanowie-Lasku z racji tytu\u0142u kaplicy Msza \u015awi\u0119ta Odpustowa o godz. 18.00.<br \/>\n6. Od pi\u0105tku w domu parafialnym b\u0119d\u0105 trwa\u0142y warsztaty muzyki liturgicznej pod dyrekcj\u0105<br \/>\nHuberta Kowalskiego. Msza \u015bw. z udzia\u0142em uczestnik\u00f3w warsztat\u00f3w o godz. 13.00 w<br \/>\nbazylice, a po niej koncert fina\u0142owy.<br \/>\n7. W sobot\u0119 o\u00a0godz. 9.00 w Sanktuarium \u015bw. Maksymiliana b\u0119dzie sprawowana Msza<br \/>\n\u015bwi\u0119t\u0105 w intencji Radia Maryja, Telewizji Trwam i naszej Ojczyzny.<br \/>\n8. W przysz\u0142\u0105 niedziel\u0119 grupa dzieci klas czwartych podczas Mszy \u015bw. o godz. 11.30 b\u0119dzie<br \/>\nprze\u017cywa\u0107 uroczysto\u015b\u0107 Rocznicy Pierwszej Komunii \u015awi\u0119tej. Spowied\u017a \u015bwi\u0119ta dzieci i<br \/>\nrodzic\u00f3w w sobot\u0119 o godz. 14.00. Prosimy wiernych, kt\u00f3rzy uczestnicz\u0105 we Mszy \u015bw. o<br \/>\ngodz. 11.30, a nie s\u0105 zwi\u0105zani z t\u0105 uroczysto\u015bci\u0105, aby uczestniczyli we Mszy \u015bw. o innej<br \/>\ngodzinie.<br \/>\n9. W dniach 23-25 maja Wsp\u00f3lnota Odnowy w Duchu \u015awi\u0119tym z Niepokalanowa, zaprasza<br \/>\nna ewangelizacyjny kurs Nowe \u017bycie. Przez 3 dni mo\u017cesz do\u015bwiadczy\u0107 \u017cywej mi\u0142o\u015bci Boga<br \/>\ni umocni\u0107 swoj\u0105 wiar\u0119 przez osobiste spotkanie z Jezusem zmartwychwsta\u0142ym, a dzi\u0119ki<br \/>\ndo\u015bwiadczeniu dzia\u0142ania mocy Ducha \u015awi\u0119tego &#8211; narodzi\u0107 si\u0119 na nowo. Kurs trwa od<br \/>\npi\u0105tkowego wieczoru do niedzielnej Eucharystii, z wy\u017cywieniem i mo\u017cliwo\u015bci\u0105 noclegu.<br \/>\nSzczeg\u00f3\u0142y na stronie: www.odnowaniepokalanow.pl<br \/>\n10. Informujemy, \u017ce s\u0105 jeszcze wolne miejsca na pielgrzymk\u0119 do Lublina i Zamo\u015bcia.<br \/>\nKontakt do zapisu w gablocie i na tablicy przy bramie.<\/p>\n","protected":false},"excerpt":{"rendered":"<p>1. Dzi\u015b prze\u017cywamy czwart\u0105 niedziel\u0119 Wielkanocy, nazywan\u0105 niedziel\u0105 Dobrego Pasterza. Jest to jednocze\u015bnie \u015awiatowy Dzie\u0144 Modlitw o Powo\u0142ania do S\u0142u\u017cby Bogu w\u00a0Ko\u015bciele, z tej racji kazania na wszystkich Mszach \u015bw. [&hellip;]<\/p>\n","protected":false},"author":2,"featured_media":18508,"comment_status":"closed","ping_status":"open","sticky":false,"template":"","format":"standard","meta":{"footnotes":""},"categories":[1],"tags":[],"class_list":["post-18609","post","type-post","status-publish","format-standard","has-post-thumbnail","hentry","category-bez-kategorii"],"_links":{"self":[{"href":"https:\/\/parafia.niepokalanow.pl\/index.php?rest_route=\/wp\/v2\/posts\/18609","targetHints":{"allow":["GET"]}}],"collection":[{"href":"https:\/\/parafia.niepokalanow.pl\/index.php?rest_route=\/wp\/v2\/posts"}],"about":[{"href":"https:\/\/parafia.niepokalanow.pl\/index.php?rest_route=\/wp\/v2\/types\/post"}],"author":[{"embeddable":true,"href":"https:\/\/parafia.niepokalanow.pl\/index.php?rest_route=\/wp\/v2\/users\/2"}],"replies":[{"embeddable":true,"href":"https:\/\/parafia.niepokalanow.pl\/index.php?rest_route=%2Fwp%2Fv2%2Fcomments&post=18609"}],"version-history":[{"count":0,"href":"https:\/\/parafia.niepokalanow.pl\/index.php?rest_route=\/wp\/v2\/posts\/18609\/revisions"}],"wp:featuredmedia":[{"embeddable":true,"href":"https:\/\/parafia.niepokalanow.pl\/index.php?rest_route=\/wp\/v2\/media\/18508"}],"wp:attachment":[{"href":"https:\/\/parafia.niepokalanow.pl\/index.php?rest_route=%2Fwp%2Fv2%2Fmedia&parent=18609"}],"wp:term":[{"taxonomy":"category","embeddable":true,"href":"https:\/\/parafia.niepokalanow.pl\/index.php?rest_route=%2Fwp%2Fv2%2Fcategories&post=18609"},{"taxonomy":"post_tag","embeddable":true,"href":"https:\/\/parafia.niepokalanow.pl\/index.php?rest_route=%2Fwp%2Fv2%2Ftags&post=18609"}],"curies":[{"name":"wp","href":"https:\/\/api.w.org\/{rel}","templated":true}]}}