{"id":18590,"date":"2025-06-19T20:20:36","date_gmt":"2025-06-19T18:20:36","guid":{"rendered":"http:\/\/parafia.niepokalanow.pl\/?p=18590"},"modified":"2025-08-07T08:23:27","modified_gmt":"2025-08-07T06:23:27","slug":"niedziela-zmartwychwstania-panskiego-20-kwietnia-2025-2-2-2","status":"publish","type":"post","link":"https:\/\/parafia.niepokalanow.pl\/?p=18590","title":{"rendered":"Procesja Bo\u017cego Cia\u0142a 2025"},"content":{"rendered":"<p class=\"western\"><span style=\"font-family: Georgia, serif;\"><span style=\"font-size: medium;\">W uroczysto\u015b\u0107 Bo\u017cego Cia\u0142a (czwartek 19 czerwca 2025 r.) po Mszy \u015bw. o godz. 10.00 wyruszy\u0142a procesja eucharystyczna do 4 o\u0142tarzy. Trasa procesji wiod\u0142a ulicami: Kolbego, Srebrn\u0105, Kra\u0144cow\u0105, Per\u0142ow\u0105, Cich\u0105 i Cmentarn\u0105, a\u017c do o\u0142tarza polowego za Bazylik\u0105. Tam mia\u0142a miejsce homilia, kt\u00f3r\u0105 wyg\u0142osi\u0142 o. gwardian Piotr Szczepa\u0144ski, oraz uroczyste b\u0142ogos\u0142awie\u0144stwo ko\u0144cowe.<\/span><\/span><\/p>\n<p class=\"western\"><span style=\"font-family: Georgia, serif;\"><span style=\"font-size: medium;\">Prezentujemy poni\u017cej niewielk\u0105 galeri\u0119 fotografii z tego wydarzenia (<em>opr. o. Franciszek Czarnowski OFMConv.)<\/em><\/span><\/span><\/p>\n<div  class='avia-gallery  avia-gallery-1 avia_lazyload avia-gallery-animate avia_animate_when_visible  avia-builder-el-0  avia-builder-el-no-sibling '  itemprop=\"image\" itemscope=\"itemscope\" itemtype=\"https:\/\/schema.org\/ImageObject\" ><div class='avia-gallery-thumb'> <a href='https:\/\/parafia.niepokalanow.pl\/wp-content\/uploads\/2025\/06\/BC-Niepok-DSCN1652-773x1030.jpg' data-rel='gallery-1' data-prev-img='https:\/\/parafia.niepokalanow.pl\/wp-content\/uploads\/2025\/06\/BC-Niepok-DSCN1652-495x400.jpg' class='first_thumb lightbox ' data-onclick='1' title=''  itemprop=\"thumbnailUrl\" ><img  src='https:\/\/parafia.niepokalanow.pl\/wp-content\/uploads\/2025\/06\/BC-Niepok-DSCN1652-495x400.jpg' width='495' height='400'  title='BC Niepok DSCN1652' alt='' \/><\/a> <a href='https:\/\/parafia.niepokalanow.pl\/wp-content\/uploads\/2025\/06\/BC-Niepok-DSCN1654-1030x773.jpg' data-rel='gallery-1' data-prev-img='https:\/\/parafia.niepokalanow.pl\/wp-content\/uploads\/2025\/06\/BC-Niepok-DSCN1654-495x400.jpg' class='lightbox ' data-onclick='2' title=''  itemprop=\"thumbnailUrl\" ><img  src='https:\/\/parafia.niepokalanow.pl\/wp-content\/uploads\/2025\/06\/BC-Niepok-DSCN1654-495x400.jpg' width='495' height='400'  title='BC Niepok DSCN1654' alt='' \/><\/a> <a href='https:\/\/parafia.niepokalanow.pl\/wp-content\/uploads\/2025\/06\/BC-Niepok-DSCN1657-1030x773.jpg' data-rel='gallery-1' data-prev-img='https:\/\/parafia.niepokalanow.pl\/wp-content\/uploads\/2025\/06\/BC-Niepok-DSCN1657-495x400.jpg' class='lightbox ' data-onclick='3' title=''  itemprop=\"thumbnailUrl\" ><img  src='https:\/\/parafia.niepokalanow.pl\/wp-content\/uploads\/2025\/06\/BC-Niepok-DSCN1657-495x400.jpg' width='495' height='400'  title='BC Niepok DSCN1657' alt='' \/><\/a> <a href='https:\/\/parafia.niepokalanow.pl\/wp-content\/uploads\/2025\/06\/BC-Niepok-DSCN1660-773x1030.jpg' data-rel='gallery-1' data-prev-img='https:\/\/parafia.niepokalanow.pl\/wp-content\/uploads\/2025\/06\/BC-Niepok-DSCN1660-495x400.jpg' class='lightbox ' data-onclick='4' title=''  itemprop=\"thumbnailUrl\" ><img  src='https:\/\/parafia.niepokalanow.pl\/wp-content\/uploads\/2025\/06\/BC-Niepok-DSCN1660-495x400.jpg' width='495' height='400'  title='BC Niepok DSCN1660' alt='' \/><\/a> <a href='https:\/\/parafia.niepokalanow.pl\/wp-content\/uploads\/2025\/06\/BC-Niepok-DSCN1661-1030x773.jpg' data-rel='gallery-1' data-prev-img='https:\/\/parafia.niepokalanow.pl\/wp-content\/uploads\/2025\/06\/BC-Niepok-DSCN1661-495x400.jpg' class='first_thumb lightbox ' data-onclick='5' title=''  itemprop=\"thumbnailUrl\" ><img  src='https:\/\/parafia.niepokalanow.pl\/wp-content\/uploads\/2025\/06\/BC-Niepok-DSCN1661-495x400.jpg' width='495' height='400'  title='BC Niepok DSCN1661' alt='' \/><\/a> <a href='https:\/\/parafia.niepokalanow.pl\/wp-content\/uploads\/2025\/06\/BC-Niepok-DSCN1665-1030x773.jpg' data-rel='gallery-1' data-prev-img='https:\/\/parafia.niepokalanow.pl\/wp-content\/uploads\/2025\/06\/BC-Niepok-DSCN1665-495x400.jpg' class='lightbox ' data-onclick='6' title=''  itemprop=\"thumbnailUrl\" ><img  src='https:\/\/parafia.niepokalanow.pl\/wp-content\/uploads\/2025\/06\/BC-Niepok-DSCN1665-495x400.jpg' width='495' height='400'  title='BC Niepok DSCN1665' alt='' \/><\/a> <a href='https:\/\/parafia.niepokalanow.pl\/wp-content\/uploads\/2025\/06\/BC-Niepok-DSCN1664-1030x773.jpg' data-rel='gallery-1' data-prev-img='https:\/\/parafia.niepokalanow.pl\/wp-content\/uploads\/2025\/06\/BC-Niepok-DSCN1664-495x400.jpg' class='lightbox ' data-onclick='7' title='Procesja Bo\u017cego Cia\u0142a, Niepokalan\u00f3w 2025'  itemprop=\"thumbnailUrl\" ><img data-avia-tooltip='Procesja Bo\u017cego Cia\u0142a, Niepokalan\u00f3w 2025' src='https:\/\/parafia.niepokalanow.pl\/wp-content\/uploads\/2025\/06\/BC-Niepok-DSCN1664-495x400.jpg' width='495' height='400'  title='BC Niepok DSCN1664' alt='' \/><\/a> <a href='https:\/\/parafia.niepokalanow.pl\/wp-content\/uploads\/2025\/06\/BC-Niepok-DSCN1668-1030x773.jpg' data-rel='gallery-1' data-prev-img='https:\/\/parafia.niepokalanow.pl\/wp-content\/uploads\/2025\/06\/BC-Niepok-DSCN1668-495x400.jpg' class='lightbox ' data-onclick='8' title=''  itemprop=\"thumbnailUrl\" ><img  src='https:\/\/parafia.niepokalanow.pl\/wp-content\/uploads\/2025\/06\/BC-Niepok-DSCN1668-495x400.jpg' width='495' height='400'  title='BC Niepok DSCN1668' alt='' \/><\/a> <a href='https:\/\/parafia.niepokalanow.pl\/wp-content\/uploads\/2025\/06\/BC-Niepok-DSCN1670-1030x773.jpg' data-rel='gallery-1' data-prev-img='https:\/\/parafia.niepokalanow.pl\/wp-content\/uploads\/2025\/06\/BC-Niepok-DSCN1670-495x400.jpg' class='first_thumb lightbox ' data-onclick='9' title=''  itemprop=\"thumbnailUrl\" ><img  src='https:\/\/parafia.niepokalanow.pl\/wp-content\/uploads\/2025\/06\/BC-Niepok-DSCN1670-495x400.jpg' width='495' height='400'  title='BC Niepok DSCN1670' alt='' \/><\/a> <a href='https:\/\/parafia.niepokalanow.pl\/wp-content\/uploads\/2025\/06\/BC-Niepok-DSCN1671-1030x773.jpg' data-rel='gallery-1' data-prev-img='https:\/\/parafia.niepokalanow.pl\/wp-content\/uploads\/2025\/06\/BC-Niepok-DSCN1671-495x400.jpg' class='lightbox ' data-onclick='10' title=''  itemprop=\"thumbnailUrl\" ><img  src='https:\/\/parafia.niepokalanow.pl\/wp-content\/uploads\/2025\/06\/BC-Niepok-DSCN1671-495x400.jpg' width='495' height='400'  title='BC Niepok DSCN1671' alt='' \/><\/a> <a href='https:\/\/parafia.niepokalanow.pl\/wp-content\/uploads\/2025\/06\/BC-Niepok-DSCN1673-1030x773.jpg' data-rel='gallery-1' data-prev-img='https:\/\/parafia.niepokalanow.pl\/wp-content\/uploads\/2025\/06\/BC-Niepok-DSCN1673-495x400.jpg' class='lightbox ' data-onclick='11' title=''  itemprop=\"thumbnailUrl\" ><img  src='https:\/\/parafia.niepokalanow.pl\/wp-content\/uploads\/2025\/06\/BC-Niepok-DSCN1673-495x400.jpg' width='495' height='400'  title='BC Niepok DSCN1673' alt='' \/><\/a> <a href='https:\/\/parafia.niepokalanow.pl\/wp-content\/uploads\/2025\/06\/BC-Niepok-DSCN1674-1030x773.jpg' data-rel='gallery-1' data-prev-img='https:\/\/parafia.niepokalanow.pl\/wp-content\/uploads\/2025\/06\/BC-Niepok-DSCN1674-495x400.jpg' class='lightbox ' data-onclick='12' title=''  itemprop=\"thumbnailUrl\" ><img  src='https:\/\/parafia.niepokalanow.pl\/wp-content\/uploads\/2025\/06\/BC-Niepok-DSCN1674-495x400.jpg' width='495' height='400'  title='BC Niepok DSCN1674' alt='' \/><\/a> <a href='https:\/\/parafia.niepokalanow.pl\/wp-content\/uploads\/2025\/06\/BC-Niepok-DSCN1675-773x1030.jpg' data-rel='gallery-1' data-prev-img='https:\/\/parafia.niepokalanow.pl\/wp-content\/uploads\/2025\/06\/BC-Niepok-DSCN1675-495x400.jpg' class='first_thumb lightbox ' data-onclick='13' title=''  itemprop=\"thumbnailUrl\" ><img  src='https:\/\/parafia.niepokalanow.pl\/wp-content\/uploads\/2025\/06\/BC-Niepok-DSCN1675-495x400.jpg' width='495' height='400'  title='BC Niepok DSCN1675' alt='' \/><\/a> <a href='https:\/\/parafia.niepokalanow.pl\/wp-content\/uploads\/2025\/06\/BC-Niepok-DSCN1677-1030x773.jpg' data-rel='gallery-1' data-prev-img='https:\/\/parafia.niepokalanow.pl\/wp-content\/uploads\/2025\/06\/BC-Niepok-DSCN1677-495x400.jpg' class='lightbox ' data-onclick='14' title=''  itemprop=\"thumbnailUrl\" ><img  src='https:\/\/parafia.niepokalanow.pl\/wp-content\/uploads\/2025\/06\/BC-Niepok-DSCN1677-495x400.jpg' width='495' height='400'  title='BC Niepok DSCN1677' alt='' \/><\/a> <a href='https:\/\/parafia.niepokalanow.pl\/wp-content\/uploads\/2025\/06\/BC-Niepok-DSCN1678-1030x773.jpg' data-rel='gallery-1' data-prev-img='https:\/\/parafia.niepokalanow.pl\/wp-content\/uploads\/2025\/06\/BC-Niepok-DSCN1678-495x400.jpg' class='lightbox ' data-onclick='15' title=''  itemprop=\"thumbnailUrl\" ><img  src='https:\/\/parafia.niepokalanow.pl\/wp-content\/uploads\/2025\/06\/BC-Niepok-DSCN1678-495x400.jpg' width='495' height='400'  title='BC Niepok DSCN1678' alt='' \/><\/a> <a href='https:\/\/parafia.niepokalanow.pl\/wp-content\/uploads\/2025\/06\/BC-Niepok-DSCN1682-1030x773.jpg' data-rel='gallery-1' data-prev-img='https:\/\/parafia.niepokalanow.pl\/wp-content\/uploads\/2025\/06\/BC-Niepok-DSCN1682-495x400.jpg' class='lightbox ' data-onclick='16' title=''  itemprop=\"thumbnailUrl\" ><img  src='https:\/\/parafia.niepokalanow.pl\/wp-content\/uploads\/2025\/06\/BC-Niepok-DSCN1682-495x400.jpg' width='495' height='400'  title='BC Niepok DSCN1682' alt='' \/><\/a><\/div><\/div>\n","protected":false},"excerpt":{"rendered":"<p>W uroczysto\u015b\u0107 Bo\u017cego Cia\u0142a (czwartek 19 czerwca 2025 r.) po Mszy \u015bw. o godz. 10.00 wyruszy\u0142a procesja eucharystyczna do 4 o\u0142tarzy. Trasa procesji wiod\u0142a ulicami: Kolbego, Srebrn\u0105, Kra\u0144cow\u0105, Per\u0142ow\u0105, Cich\u0105 [&hellip;]<\/p>\n","protected":false},"author":2,"featured_media":18716,"comment_status":"closed","ping_status":"open","sticky":false,"template":"","format":"standard","meta":{"footnotes":""},"categories":[189],"tags":[],"class_list":["post-18590","post","type-post","status-publish","format-standard","has-post-thumbnail","hentry","category-wydarzenia"],"_links":{"self":[{"href":"https:\/\/parafia.niepokalanow.pl\/index.php?rest_route=\/wp\/v2\/posts\/18590","targetHints":{"allow":["GET"]}}],"collection":[{"href":"https:\/\/parafia.niepokalanow.pl\/index.php?rest_route=\/wp\/v2\/posts"}],"about":[{"href":"https:\/\/parafia.niepokalanow.pl\/index.php?rest_route=\/wp\/v2\/types\/post"}],"author":[{"embeddable":true,"href":"https:\/\/parafia.niepokalanow.pl\/index.php?rest_route=\/wp\/v2\/users\/2"}],"replies":[{"embeddable":true,"href":"https:\/\/parafia.niepokalanow.pl\/index.php?rest_route=%2Fwp%2Fv2%2Fcomments&post=18590"}],"version-history":[{"count":0,"href":"https:\/\/parafia.niepokalanow.pl\/index.php?rest_route=\/wp\/v2\/posts\/18590\/revisions"}],"wp:featuredmedia":[{"embeddable":true,"href":"https:\/\/parafia.niepokalanow.pl\/index.php?rest_route=\/wp\/v2\/media\/18716"}],"wp:attachment":[{"href":"https:\/\/parafia.niepokalanow.pl\/index.php?rest_route=%2Fwp%2Fv2%2Fmedia&parent=18590"}],"wp:term":[{"taxonomy":"category","embeddable":true,"href":"https:\/\/parafia.niepokalanow.pl\/index.php?rest_route=%2Fwp%2Fv2%2Fcategories&post=18590"},{"taxonomy":"post_tag","embeddable":true,"href":"https:\/\/parafia.niepokalanow.pl\/index.php?rest_route=%2Fwp%2Fv2%2Ftags&post=18590"}],"curies":[{"name":"wp","href":"https:\/\/api.w.org\/{rel}","templated":true}]}}