{"id":18582,"date":"2025-04-02T12:12:36","date_gmt":"2025-04-02T10:12:36","guid":{"rendered":"http:\/\/parafia.niepokalanow.pl\/?p=18582"},"modified":"2025-05-08T16:04:38","modified_gmt":"2025-05-08T14:04:38","slug":"niedziela-zmartwychwstania-panskiego-20-kwietnia-2025-2","status":"publish","type":"post","link":"https:\/\/parafia.niepokalanow.pl\/?p=18582","title":{"rendered":"Koncert zespo\u0142u &#8222;Mazowsze&#8221;"},"content":{"rendered":"<p>W sobot\u0119, 29 marca 2025 roku o godz. 19.00 w bazylice w Niepokalanowie odby\u0142 si\u0119 Koncert Wielkopostny Pa\u0144stwowego Zespo\u0142u Ludowego Pie\u015bni i Ta\u0144ca \u201eMazowsze\u201d. Wieczorny wyst\u0119p sk\u0142ada\u0142 si\u0119 z dw\u00f3ch cz\u0119\u015bci \u2013 wokalnej oraz instrumentalnej. W pierwszej cz\u0119\u015bci koncertu arty\u015bci Mazowsza zaprezentowali szereg tradycyjnych polskich pie\u015bni wielkopostnych i pasyjnych.<\/p>\n<p>Szczeg\u00f3lnym momentem wieczoru by\u0142o wykonanie III Symfonii c-moll \u201eOrganowej\u201d op. 78 Camille\u2019a Saint-Sa\u00ebnsa przez orkiestr\u0119 symfoniczn\u0105 zespo\u0142u pod kierownictwem Jacka Bonieckiego. Takie po\u0142\u0105czenie polskiej muzyki sakralnej \u2013 pie\u015bni pasyjnych \u2013 z arcydzie\u0142em literatury symfonicznej pozwoli\u0142o s\u0142uchaczom prze\u017cy\u0107 wiecz\u00f3r w atmosferze duchowej zadumy i muzycznego pi\u0119kna.<\/p>\n<p>Coroczne, wyjazdowe koncerty zespo\u0142u Mazowsze sta\u0142y si\u0119 ju\u017c tradycj\u0105. R\u00f3\u017cnorodny repertuar zespo\u0142u, od tradycyjnych pie\u015bni z r\u00f3\u017cnych region\u00f3w Polski po opracowania muzyki klasycznej i sakralnej, prezentowany jest w charakterystycznej oprawie artystycznej. Wielkopostny wyst\u0119p Mazowsza w Niepokalanowie da\u0142 s\u0142uchaczom mo\u017cliwo\u015b\u0107 zanurzenia si\u0119 w g\u0142\u0119bokiej refleksji muzycznej, w perspektywie zbli\u017caj\u0105cych si\u0119 \u015awi\u0105t Wielkanocy.<\/p>\n<p><em>opr. o. Franciszek<\/em><\/p>\n","protected":false},"excerpt":{"rendered":"<p>W sobot\u0119, 29 marca 2025 roku o godz. 19.00 w bazylice w Niepokalanowie odby\u0142 si\u0119 Koncert Wielkopostny Pa\u0144stwowego Zespo\u0142u Ludowego Pie\u015bni i Ta\u0144ca \u201eMazowsze\u201d. Wieczorny wyst\u0119p sk\u0142ada\u0142 si\u0119 z dw\u00f3ch [&hellip;]<\/p>\n","protected":false},"author":2,"featured_media":18569,"comment_status":"closed","ping_status":"open","sticky":false,"template":"","format":"standard","meta":{"footnotes":""},"categories":[189],"tags":[],"class_list":["post-18582","post","type-post","status-publish","format-standard","has-post-thumbnail","hentry","category-wydarzenia"],"_links":{"self":[{"href":"https:\/\/parafia.niepokalanow.pl\/index.php?rest_route=\/wp\/v2\/posts\/18582","targetHints":{"allow":["GET"]}}],"collection":[{"href":"https:\/\/parafia.niepokalanow.pl\/index.php?rest_route=\/wp\/v2\/posts"}],"about":[{"href":"https:\/\/parafia.niepokalanow.pl\/index.php?rest_route=\/wp\/v2\/types\/post"}],"author":[{"embeddable":true,"href":"https:\/\/parafia.niepokalanow.pl\/index.php?rest_route=\/wp\/v2\/users\/2"}],"replies":[{"embeddable":true,"href":"https:\/\/parafia.niepokalanow.pl\/index.php?rest_route=%2Fwp%2Fv2%2Fcomments&post=18582"}],"version-history":[{"count":0,"href":"https:\/\/parafia.niepokalanow.pl\/index.php?rest_route=\/wp\/v2\/posts\/18582\/revisions"}],"wp:featuredmedia":[{"embeddable":true,"href":"https:\/\/parafia.niepokalanow.pl\/index.php?rest_route=\/wp\/v2\/media\/18569"}],"wp:attachment":[{"href":"https:\/\/parafia.niepokalanow.pl\/index.php?rest_route=%2Fwp%2Fv2%2Fmedia&parent=18582"}],"wp:term":[{"taxonomy":"category","embeddable":true,"href":"https:\/\/parafia.niepokalanow.pl\/index.php?rest_route=%2Fwp%2Fv2%2Fcategories&post=18582"},{"taxonomy":"post_tag","embeddable":true,"href":"https:\/\/parafia.niepokalanow.pl\/index.php?rest_route=%2Fwp%2Fv2%2Ftags&post=18582"}],"curies":[{"name":"wp","href":"https:\/\/api.w.org\/{rel}","templated":true}]}}