{"id":18522,"date":"2025-05-02T16:25:49","date_gmt":"2025-05-02T14:25:49","guid":{"rendered":"http:\/\/parafia.niepokalanow.pl\/?p=18522"},"modified":"2025-05-02T16:25:49","modified_gmt":"2025-05-02T14:25:49","slug":"ogloszenia-duszpasterskie-3-niedziela-wielkanocna-4-maja-2025","status":"publish","type":"post","link":"https:\/\/parafia.niepokalanow.pl\/?p=18522","title":{"rendered":"OG\u0141OSZENIA DUSZPASTERSKIE 3 NIEDZIELA WIELKANOCNA 4 MAJA 2025"},"content":{"rendered":"<p>1. Dzi\u015b pierwsza niedziela maja, kt\u00f3r\u0105 obchodzimy jako Niedziel\u0119 Rycerstwa Niepokalanej.<br \/>\nZ tej racji kazania g\u0142osi o. Micha\u0142 Nowak, asystent ds. Rycerstwa Niepokalanej dla Polski<br \/>\np\u00f3\u0142nocnej. Wszelkie informacje na temat Rycerstwa mo\u017cna uzyska\u0107 w O\u015brodku Rycerstwa<br \/>\nNiepokalanej przy Informacji.<br \/>\n2. W tym tygodniu w liturgii Ko\u015bcio\u0142a b\u0119dziemy obchodzi\u0107:<br \/>\n\uf0b7 We wtorek: \u015awi\u0119to \u015bw. Aposto\u0142\u00f3w Filipa i Jakuba;<br \/>\n\uf0b7 W \u015brod\u0119: Uroczysto\u015b\u0107 NMP Niepokalanej Wszechpo\u015bredniczki \u0141ask, Patronki bazyliki<br \/>\n\uf0b7 W czwartek: Uroczysto\u015b\u0107 \u015bw. Stanis\u0142awa, biskupa i m\u0119czennika, patrona Polski.<br \/>\n3. W naszej bazylice nabo\u017ce\u0144stwa majowe odprawiane s\u0105 w niedziele o godz. 17.00, w dni<br \/>\npowszednie po Mszy \u015bwi\u0119tej wieczornej ok. godz. 18.30, w sobot\u0119 Msza \u015bw. wieczorna<br \/>\ni\u00a0nabo\u017ce\u0144stwo majowe w Sanktuarium \u015aw. Maksymiliana. Dzi\u015b z racji pierwszej niedzieli<br \/>\nmiesi\u0105ca nabo\u017ce\u0144stwo majowe b\u0119dzie po\u0142\u0105czone z procesj\u0105.<br \/>\n4. Z racji Dnia Patrona Szko\u0142y Podstawowej im. \u015bw. Maksymiliana Kolbego w Teresinie<br \/>\nwe wtorek, 6 maja, o godz. 9.00 w bazylice zostanie odprawiona Msza \u015bw. w intencji<br \/>\ndyrekcji, nauczycieli, pracownik\u00f3w i uczni\u00f3w szko\u0142y.<br \/>\n5. W sobot\u0119 10 maja o godz. 19.00 w naszej bazylice odb\u0119dzie si\u0119 Oratorium po\u015bwi\u0119cone<br \/>\n\u015aw. Janowi Paw\u0142owi II, \u201cOtw\u00f3rzcie Drzwi Chrystusowi\u201d w wykonaniu Ch\u00f3ru i Orkiestry<br \/>\nz\u0142o\u017conej z uczni\u00f3w i nauczycieli Szk\u00f3\u0142 Muzycznych ze Skierniewic i Sochaczewa pod dyrekcj\u0105<br \/>\nartystyczn\u0105 S\u0142awomira Trochonowicza.<br \/>\n6. W sobot\u0119, 10 maja, odb\u0119dzie si\u0119 Nocna pielgrzymka z Miedniewic do Niepokalanowa oraz<br \/>\nnocne czuwanie w kaplicy \u015bw. Maksymiliana.<br \/>\n7. W przysz\u0142\u0105 niedziel\u0119 grupa dzieci klas trzecich podczas Mszy \u015bw. o godz. 10.00 b\u0119dzie<br \/>\nprze\u017cywa\u0107 uroczysto\u015b\u0107 Pierwszej Komunii \u015awi\u0119tej. Spowied\u017a \u015bwi\u0119ta dzieci i rodzic\u00f3w<br \/>\nw sobot\u0119 o godz. 14.00. Prosimy wiernych, kt\u00f3rzy uczestnicz\u0105 we Mszy \u015bw. o godz. 10.00,<br \/>\na nie s\u0105 zwi\u0105zani z t\u0105 uroczysto\u015bci\u0105, aby uczestniczyli we Mszy \u015bw. o innej godzinie. W tym<br \/>\ndniu tak\u017ce odb\u0119dzie si\u0119 spotkanie miejscowej wsp\u00f3lnoty Franciszka\u0144skiego Zakonu<br \/>\n\u015awieckich; rozpocz\u0119cie o godz. 9.30 w kaplicy \u015bw. Maksymiliana.<br \/>\n8. Przypominamy, \u017ce nie b\u0119dzie zmiany godziny mszy wieczornych w niedziel\u0119, przez ca\u0142y rok<br \/>\nMsza \u015bw. b\u0119dzie o godz. 18.00.<br \/>\n9. W dniach 23-25 maja Wsp\u00f3lnota Odnowy w Duchu \u015awi\u0119tym z Niepokalanowa, zaprasza na<br \/>\newangelizacyjny kurs Nowe \u017bycie. Przez 3 dni mo\u017cesz do\u015bwiadczy\u0107 \u017cywej mi\u0142o\u015bci Boga<br \/>\ni umocni\u0107 swoj\u0105 wiar\u0119 przez osobiste spotkanie z Jezusem zmartwychwsta\u0142ym, a dzi\u0119ki<br \/>\ndo\u015bwiadczeniu dzia\u0142ania mocy Ducha \u015awi\u0119tego &#8211; narodzi\u0107 si\u0119 na nowo. Kurs trwa od<br \/>\npi\u0105tkowego wieczoru do niedzielnej Eucharystii, z wy\u017cywieniem i mo\u017cliwo\u015bci\u0105 noclegu.<br \/>\nSzczeg\u00f3\u0142y na stronie: www.odnowaniepokalanow.pl<\/p>\n<p>11. W tym tygodniu z naszej wsp\u00f3lnoty parafialnej odeszli do wieczno\u015bci: \u015bp. Adam<br \/>\n\u0141opaci\u0144ski, l. 58 z Granic i \u015bp. Grzegorz Krejner l. 65 z Teresina. Wieczny odpoczynek racz im<br \/>\nda\u0107 Panie\u2026<\/p>\n","protected":false},"excerpt":{"rendered":"<p>1. Dzi\u015b pierwsza niedziela maja, kt\u00f3r\u0105 obchodzimy jako Niedziel\u0119 Rycerstwa Niepokalanej. Z tej racji kazania g\u0142osi o. Micha\u0142 Nowak, asystent ds. Rycerstwa Niepokalanej dla Polski p\u00f3\u0142nocnej. Wszelkie informacje na temat [&hellip;]<\/p>\n","protected":false},"author":2,"featured_media":18508,"comment_status":"closed","ping_status":"open","sticky":false,"template":"","format":"standard","meta":{"footnotes":""},"categories":[1],"tags":[],"class_list":["post-18522","post","type-post","status-publish","format-standard","has-post-thumbnail","hentry","category-bez-kategorii"],"_links":{"self":[{"href":"https:\/\/parafia.niepokalanow.pl\/index.php?rest_route=\/wp\/v2\/posts\/18522","targetHints":{"allow":["GET"]}}],"collection":[{"href":"https:\/\/parafia.niepokalanow.pl\/index.php?rest_route=\/wp\/v2\/posts"}],"about":[{"href":"https:\/\/parafia.niepokalanow.pl\/index.php?rest_route=\/wp\/v2\/types\/post"}],"author":[{"embeddable":true,"href":"https:\/\/parafia.niepokalanow.pl\/index.php?rest_route=\/wp\/v2\/users\/2"}],"replies":[{"embeddable":true,"href":"https:\/\/parafia.niepokalanow.pl\/index.php?rest_route=%2Fwp%2Fv2%2Fcomments&post=18522"}],"version-history":[{"count":0,"href":"https:\/\/parafia.niepokalanow.pl\/index.php?rest_route=\/wp\/v2\/posts\/18522\/revisions"}],"wp:featuredmedia":[{"embeddable":true,"href":"https:\/\/parafia.niepokalanow.pl\/index.php?rest_route=\/wp\/v2\/media\/18508"}],"wp:attachment":[{"href":"https:\/\/parafia.niepokalanow.pl\/index.php?rest_route=%2Fwp%2Fv2%2Fmedia&parent=18522"}],"wp:term":[{"taxonomy":"category","embeddable":true,"href":"https:\/\/parafia.niepokalanow.pl\/index.php?rest_route=%2Fwp%2Fv2%2Fcategories&post=18522"},{"taxonomy":"post_tag","embeddable":true,"href":"https:\/\/parafia.niepokalanow.pl\/index.php?rest_route=%2Fwp%2Fv2%2Ftags&post=18522"}],"curies":[{"name":"wp","href":"https:\/\/api.w.org\/{rel}","templated":true}]}}