{"id":18487,"date":"2025-04-16T08:39:35","date_gmt":"2025-04-16T06:39:35","guid":{"rendered":"http:\/\/parafia.niepokalanow.pl\/?p=18487"},"modified":"2025-04-16T09:26:55","modified_gmt":"2025-04-16T07:26:55","slug":"nieczynna-kancelaria-parafialna","status":"publish","type":"post","link":"https:\/\/parafia.niepokalanow.pl\/?p=18487","title":{"rendered":"NIECZYNNA KANCELARIA PARAFIALNA"},"content":{"rendered":"<p><strong>KANCELARIA PARAFIALNA JEST NIECZYNNA<\/strong><\/p>\n<p><strong>W DNIACH TRIDUUM PACHALNEGO<\/strong><\/p>\n<p>(Wlk. Czwartek, Wlk. pi\u0105tek i<br \/>\nWlk. Sobota) oraz <strong>W PONIEDZIA\u0141EK WIELKANOCNY<\/strong><\/p>\n<p>W SYTUACJACH NAG\u0141YCH (NIEBEZPIECZE\u0143STWA \u015aMIERCI)<\/p>\n<p>DZWONI\u0106 POD NUMER: 46 8640930<\/p>\n<p>Zapraszamy od wtorku, 22 kwietnia<\/p>\n","protected":false},"excerpt":{"rendered":"<p>KANCELARIA PARAFIALNA JEST NIECZYNNA W DNIACH TRIDUUM PACHALNEGO (Wlk. Czwartek, Wlk. pi\u0105tek i Wlk. Sobota) oraz W PONIEDZIA\u0141EK WIELKANOCNY W SYTUACJACH NAG\u0141YCH (NIEBEZPIECZE\u0143STWA \u015aMIERCI) DZWONI\u0106 POD NUMER: 46 8640930 Zapraszamy [&hellip;]<\/p>\n","protected":false},"author":2,"featured_media":0,"comment_status":"closed","ping_status":"open","sticky":false,"template":"","format":"standard","meta":{"footnotes":""},"categories":[1],"tags":[],"class_list":["post-18487","post","type-post","status-publish","format-standard","hentry","category-bez-kategorii"],"_links":{"self":[{"href":"https:\/\/parafia.niepokalanow.pl\/index.php?rest_route=\/wp\/v2\/posts\/18487","targetHints":{"allow":["GET"]}}],"collection":[{"href":"https:\/\/parafia.niepokalanow.pl\/index.php?rest_route=\/wp\/v2\/posts"}],"about":[{"href":"https:\/\/parafia.niepokalanow.pl\/index.php?rest_route=\/wp\/v2\/types\/post"}],"author":[{"embeddable":true,"href":"https:\/\/parafia.niepokalanow.pl\/index.php?rest_route=\/wp\/v2\/users\/2"}],"replies":[{"embeddable":true,"href":"https:\/\/parafia.niepokalanow.pl\/index.php?rest_route=%2Fwp%2Fv2%2Fcomments&post=18487"}],"version-history":[{"count":0,"href":"https:\/\/parafia.niepokalanow.pl\/index.php?rest_route=\/wp\/v2\/posts\/18487\/revisions"}],"wp:attachment":[{"href":"https:\/\/parafia.niepokalanow.pl\/index.php?rest_route=%2Fwp%2Fv2%2Fmedia&parent=18487"}],"wp:term":[{"taxonomy":"category","embeddable":true,"href":"https:\/\/parafia.niepokalanow.pl\/index.php?rest_route=%2Fwp%2Fv2%2Fcategories&post=18487"},{"taxonomy":"post_tag","embeddable":true,"href":"https:\/\/parafia.niepokalanow.pl\/index.php?rest_route=%2Fwp%2Fv2%2Ftags&post=18487"}],"curies":[{"name":"wp","href":"https:\/\/api.w.org\/{rel}","templated":true}]}}