{"id":18449,"date":"2025-03-28T12:07:57","date_gmt":"2025-03-28T11:07:57","guid":{"rendered":"http:\/\/parafia.niepokalanow.pl\/?p=18449"},"modified":"2025-03-28T12:07:57","modified_gmt":"2025-03-28T11:07:57","slug":"ogloszenia-duszpasterskie-iv-niedziela-wielkiego-postu-laetare-30-marca-2025-r","status":"publish","type":"post","link":"https:\/\/parafia.niepokalanow.pl\/?p=18449","title":{"rendered":"Og\u0142oszenia Duszpasterskie IV Niedziela Wielkiego Postu  Laetare  30 marca 2025 r"},"content":{"rendered":"<h1 id=\"docs-internal-guid-ababc658-7fff-47ee-6b87-5b68efebe0c5\" dir=\"ltr\" style=\"line-height: 1.2; text-align: center; margin-top: 0pt; margin-bottom: 0pt; padding-left: 40px;\"><\/h1>\n<p dir=\"ltr\" style=\"line-height: 1.2; text-align: justify; margin-top: 0.0pt; margin-bottom: 0.0pt;\"><span style=\"font-size: 13pt; font-family: Cambria, serif; color: #000000; background-color: transparent; font-variant-numeric: normal; font-variant-east-asian: normal; font-variant-alternates: normal; font-variant-position: normal; vertical-align: baseline; white-space-collapse: preserve;\">\u00a0<\/span><\/p>\n<ol style=\"margin-top: 0; margin-bottom: 0; padding-inline-start: 48.0px;\">\n<li dir=\"ltr\" style=\"list-style-type: decimal; font-size: 14pt; font-family: Cambria, serif; color: #c00000; background-color: transparent; font-weight: bold; font-variant-numeric: normal; font-variant-east-asian: normal; font-variant-alternates: normal; font-variant-position: normal; vertical-align: baseline; white-space: pre; margin-left: -18pt;\" aria-level=\"1\">\n<p dir=\"ltr\" style=\"line-height: 1.2; text-align: justify; margin-top: 0.0pt; margin-bottom: 0.0pt;\" role=\"presentation\"><span style=\"font-size: 12.5pt; color: #000000; background-color: transparent; font-weight: 400; font-variant-numeric: normal; font-variant-east-asian: normal; font-variant-alternates: normal; font-variant-position: normal; vertical-align: baseline; text-wrap: wrap;\">Dzi\u015b \u2013 czwarta niedziela Wielkiego Postu, nazywana niedziel\u0105 rado\u015bci, od pierwszych s\u0142\u00f3w antyfony mszalnej na wej\u015bcie: \u201eRaduj si\u0119, Jerozolimo\u201d. Powodem tej rado\u015bci wyra\u017conej we wspomnianych wy\u017cej s\u0142owach, a tak\u017ce w r\u00f3\u017cowym kolorze szat liturgicznych, jest zbawienie w Chrystusie. Uczy\u0144my wszystko, aby z niego w pe\u0142ni skorzysta\u0107.<\/span><\/p>\n<\/li>\n<li dir=\"ltr\" style=\"list-style-type: decimal; font-size: 14pt; font-family: Cambria, serif; color: #c00000; background-color: transparent; font-weight: bold; font-variant-numeric: normal; font-variant-east-asian: normal; font-variant-alternates: normal; font-variant-position: normal; vertical-align: baseline; white-space: pre; margin-left: -18pt;\" aria-level=\"1\">\n<p dir=\"ltr\" style=\"line-height: 1.2; text-align: justify; margin-top: 0.0pt; margin-bottom: 0.0pt;\" role=\"presentation\"><span style=\"font-size: 12.5pt; color: #000000; background-color: transparent; font-weight: 400; font-variant-numeric: normal; font-variant-east-asian: normal; font-variant-alternates: normal; font-variant-position: normal; vertical-align: baseline; text-wrap: wrap;\">Dzisiejsz\u0105 niedziel\u0105 rozpoczynamy w naszej parafii Rekolekcje Wielkopostne, kt\u00f3re trwa\u0107 b\u0119d\u0105 do \u015brody w\u0142\u0105cznie. Rekolekcje w tym roku g\u0142osi o. Konrad Kapu\u015bci\u0144ski. Nauki og\u00f3lne w dni powszednie b\u0119d\u0105 g\u0142oszone podczas Mszy \u015bwi\u0119tej o\u00a0godz. 11.00 i\u00a018.00. oraz dodatkowa nauka o godz. 19.00. Rekolekcje dla wiernych, kt\u00f3rzy gromadz\u0105 si\u0119 na Mszy \u015bwi\u0119tej w Budkach Piaseckich: dla doros\u0142ych o godz. 16.00. Prosimy, aby nie odk\u0142ada\u0107 spowiedzi \u015bwi\u0119tej na p\u00f3\u017aniejszy termin. Wspomagajmy si\u0119 modlitw\u0105, aby ten czas rekolekcji by\u0142 dla nas wszystkich czasem zbawiennym, pomoc\u0105 do bycia gorliwszymi\u00a0 wyznawcami Chrystusa i do lepszego realizowania naszego powo\u0142ania.<\/span><\/p>\n<\/li>\n<li dir=\"ltr\" style=\"list-style-type: decimal; font-size: 14pt; font-family: Cambria, serif; color: #c00000; background-color: transparent; font-weight: bold; font-variant-numeric: normal; font-variant-east-asian: normal; font-variant-alternates: normal; font-variant-position: normal; vertical-align: baseline; white-space: pre; margin-left: -18pt;\" aria-level=\"1\">\n<p dir=\"ltr\" style=\"line-height: 1.2; text-align: justify; margin-top: 0.0pt; margin-bottom: 0.0pt;\" role=\"presentation\"><span style=\"font-size: 12.5pt; color: #000000; background-color: transparent; font-weight: 400; font-variant-numeric: normal; font-variant-east-asian: normal; font-variant-alternates: normal; font-variant-position: normal; vertical-align: baseline; text-wrap: wrap;\">W pi\u0105tek\u00a0 4 kwietnia w kaplicy \u015bw. Maksymiliana od 19.00 odb\u0119dzie si\u0119 czuwanie modlitewne przed pierwsz\u0105 sobot\u0105, zako\u0144czone Msz\u0105 \u015bw. o 21.10.\u00a0<\/span><\/p>\n<\/li>\n<li dir=\"ltr\" style=\"list-style-type: decimal; font-size: 14pt; font-family: Cambria, serif; color: #c00000; background-color: transparent; font-weight: bold; font-variant-numeric: normal; font-variant-east-asian: normal; font-variant-alternates: normal; font-variant-position: normal; vertical-align: baseline; white-space: pre; margin-left: -18pt;\" aria-level=\"1\">\n<p dir=\"ltr\" style=\"line-height: 1.2; text-align: justify; margin-top: 0.0pt; margin-bottom: 0.0pt;\" role=\"presentation\"><span style=\"font-size: 12.5pt; color: #000000; background-color: transparent; font-weight: 400; font-variant-numeric: normal; font-variant-east-asian: normal; font-variant-alternates: normal; font-variant-position: normal; vertical-align: baseline; text-wrap: wrap;\">W sobot\u0119 odb\u0119dzie si\u0119 spotkanie &#8222;Oddaj si\u0119 Maryi&#8221;: o 9.30 w sali \u015bw. Bonawentury konferencja i \u015bwiadectwa, o 11.00 Msza \u015bw. z zawierzeniem Niepokalanej oraz nabo\u017ce\u0144stwo wynagradzaj\u0105ce. Go\u015bciem spotkania b\u0119dzie bp. Andrzej Dziuba z \u0141owicza, kt\u00f3ry b\u0119dzie przewodniczy\u0142 Mszy \u015bw. o 11.00, a o 14.00 wyg\u0142osi konferencj\u0119 pt.: \u201eCudowny wizerunek Maryi w Guadalupe\u201d. Zako\u0144czenie Koronk\u0105 do Bo\u017cego Mi\u0142osierdzia o 15.00.<\/span><\/p>\n<\/li>\n<li dir=\"ltr\" style=\"list-style-type: decimal; font-size: 14pt; font-family: Cambria, serif; color: #c00000; background-color: transparent; font-weight: bold; font-variant-numeric: normal; font-variant-east-asian: normal; font-variant-alternates: normal; font-variant-position: normal; vertical-align: baseline; white-space: pre; margin-left: -18pt;\" aria-level=\"1\">\n<p dir=\"ltr\" style=\"line-height: 1.2; text-align: justify; margin-top: 0.0pt; margin-bottom: 0.0pt;\" role=\"presentation\"><span style=\"font-size: 12.5pt; color: #000000; background-color: transparent; font-weight: 400; font-variant-numeric: normal; font-variant-east-asian: normal; font-variant-alternates: normal; font-variant-position: normal; vertical-align: baseline; text-wrap: wrap;\">2 kwietnia w \u015brod\u0119 mija 20. rocznica \u015bmierci \u015bw. Jana Paw\u0142a II z tej okazji zapraszamy na Eucharysti\u0119 o godz. 11.00, podczas kt\u00f3rej b\u0119dziemy modli\u0107 si\u0119 w intencji naszej Ojczyzny za wstawiennictwem papie\u017ca Polaka.<\/span><\/p>\n<\/li>\n<li dir=\"ltr\" style=\"list-style-type: decimal; font-size: 14pt; font-family: Cambria, serif; color: #c00000; background-color: transparent; font-weight: bold; font-variant-numeric: normal; font-variant-east-asian: normal; font-variant-alternates: normal; font-variant-position: normal; vertical-align: baseline; white-space: pre; margin-left: -18pt;\" aria-level=\"1\">\n<p dir=\"ltr\" style=\"line-height: 1.2; text-align: justify; margin-top: 0.0pt; margin-bottom: 0.0pt;\" role=\"presentation\"><span style=\"font-size: 12.5pt; color: #000000; background-color: transparent; font-weight: 400; font-variant-numeric: normal; font-variant-east-asian: normal; font-variant-alternates: normal; font-variant-position: normal; vertical-align: baseline; text-wrap: wrap;\">Zach\u0119camy do uczestnictwa w Gorzkich \u017balach w niedziel\u0119 o godz. 17.00 i Drodze Krzy\u017cowej w\u00a0pi\u0105tek o godz. 17.00 dla dzieci i ok. godz. 18.30 dla m\u0142odzie\u017cy i doros\u0142ych.<\/span> <span style=\"font-size: 12.5pt; color: #000000; background-color: transparent; font-weight: 400; font-variant-numeric: normal; font-variant-east-asian: normal; font-variant-alternates: normal; font-variant-position: normal; vertical-align: baseline; text-wrap: wrap;\">Zapraszamy r\u00f3wnie\u017c na Msze \u015bw. po\u0142\u0105czone z jutrzni\u0105, przez dni powszednie o godz. 6.00.\u00a0<\/span><\/p>\n<\/li>\n<li dir=\"ltr\" style=\"list-style-type: decimal; font-size: 14pt; font-family: Cambria, serif; color: #c00000; background-color: transparent; font-weight: bold; font-variant-numeric: normal; font-variant-east-asian: normal; font-variant-alternates: normal; font-variant-position: normal; vertical-align: baseline; white-space: pre; margin-left: -18pt;\" aria-level=\"1\">\n<p dir=\"ltr\" style=\"line-height: 1.2; text-align: justify; margin-top: 0.0pt; margin-bottom: 0.0pt;\" role=\"presentation\"><span style=\"font-size: 12.5pt; color: #000000; background-color: transparent; font-weight: 400; font-variant-numeric: normal; font-variant-east-asian: normal; font-variant-alternates: normal; font-variant-position: normal; vertical-align: baseline; text-wrap: wrap;\">Przy o\u0142tarzu \u015bw.\u00a0Antoniego jest wystawiony kosz, gdzie mo\u017cemy sk\u0142ada\u0107 produkty spo\u017cywcze i chemiczne dla najbardziej potrzebuj\u0105cych, za\u015b ofiary na kwiaty do Grobu Pa\u0144skiego i wystr\u00f3j bazyliki na okres paschalny mo\u017cna sk\u0142ada\u0107 do puszki przy wyj\u015bciu z\u00a0bazyliki. W przedsionku bazyliki mo\u017cna nabywa\u0107 \u015bwiece Caritas na st\u00f3\u0142 wielkanocny. W intencji wszystkich Ofiarodawc\u00f3w modli\u0107 b\u0119dziemy si\u0119 na\u00a0Mszy \u015bwi\u0119tej w\u00a0Wigili\u0119 Paschaln\u0105.<\/span><\/p>\n<\/li>\n<li dir=\"ltr\" style=\"list-style-type: decimal; font-size: 14pt; font-family: Cambria, serif; color: #c00000; background-color: transparent; font-weight: bold; font-variant-numeric: normal; font-variant-east-asian: normal; font-variant-alternates: normal; font-variant-position: normal; vertical-align: baseline; white-space: pre; margin-left: -18pt;\" aria-level=\"1\">\n<p dir=\"ltr\" style=\"line-height: 1.2; text-align: justify; margin-top: 0.0pt; margin-bottom: 0.0pt;\" role=\"presentation\"><span style=\"font-size: 12.5pt; color: #000000; background-color: transparent; font-weight: 400; font-variant-numeric: normal; font-variant-east-asian: normal; font-variant-alternates: normal; font-variant-position: normal; vertical-align: baseline; text-wrap: wrap;\">Zapraszamy wszystkie dziewcz\u0119ta nale\u017c\u0105ce i ch\u0119tne do w\u0142\u0105czenia si\u0119 w Biel Procesyjn\u0105 na przymiark\u0119 stroj\u00f3w, kt\u00f3re odb\u0119dzie si\u0119 9 kwietnia o godz. 16.30 w salce ko\u0142o kaplicy Adoracji.<\/span><\/p>\n<\/li>\n<li dir=\"ltr\" style=\"list-style-type: decimal; font-size: 14pt; font-family: Cambria, serif; color: #c00000; background-color: transparent; font-weight: bold; font-variant-numeric: normal; font-variant-east-asian: normal; font-variant-alternates: normal; font-variant-position: normal; vertical-align: baseline; white-space: pre; margin-left: -18pt;\" aria-level=\"1\">\n<p dir=\"ltr\" style=\"line-height: 1.2; text-align: justify; margin-top: 0.0pt; margin-bottom: 0.0pt;\" role=\"presentation\"><span style=\"font-size: 12.5pt; color: #000000; background-color: transparent; font-weight: 400; font-variant-numeric: normal; font-variant-east-asian: normal; font-variant-alternates: normal; font-variant-position: normal; vertical-align: baseline; text-wrap: wrap;\">Za tydzie\u0144 po Mszy \u015bwi\u0119tej o godz. 10.00 w Domu Parafialnym odb\u0119dzie si\u0119 spotkanie Wsp\u00f3lnoty \u017bywego R\u00f3\u017ca\u0144ca.<\/span><\/p>\n<\/li>\n<li dir=\"ltr\" style=\"list-style-type: decimal; font-size: 14pt; font-family: Cambria, serif; color: #c00000; background-color: transparent; font-weight: bold; font-variant-numeric: normal; font-variant-east-asian: normal; font-variant-alternates: normal; font-variant-position: normal; vertical-align: baseline; white-space: pre; margin-left: -18pt;\" aria-level=\"1\">\n<p dir=\"ltr\" style=\"line-height: 1.2; text-align: justify; margin-top: 3.0pt; margin-bottom: 3.0pt;\" role=\"presentation\"><span style=\"font-size: 12.5pt; color: #000000; font-weight: 400; font-variant-numeric: normal; font-variant-east-asian: normal; font-variant-alternates: normal; font-variant-position: normal; vertical-align: baseline; text-wrap: wrap;\">Zapraszamy na Ekstremaln\u0105 Drog\u0119 Krzy\u017cow\u0105, kt\u00f3ra rozpocznie si\u0119 4 kwietnia o godz. 20.00 Msz\u0105 \u015bw. w bazylice. Zapisy na stronie <\/span><a style=\"text-decoration-line: none;\" href=\"http:\/\/www.edk.org.pl\"><span style=\"font-size: 12.5pt; color: #000000; font-weight: 400; font-variant-numeric: normal; font-variant-east-asian: normal; font-variant-alternates: normal; font-variant-position: normal; text-decoration-line: underline; text-decoration-skip-ink: none; vertical-align: baseline; text-wrap: wrap;\">www.edk.org.pl<\/span><\/a><\/p>\n<\/li>\n<li dir=\"ltr\" style=\"list-style-type: decimal; font-size: 14pt; font-family: Cambria, serif; color: #c00000; background-color: transparent; font-weight: bold; font-variant-numeric: normal; font-variant-east-asian: normal; font-variant-alternates: normal; font-variant-position: normal; vertical-align: baseline; white-space: pre; margin-left: -18pt;\" aria-level=\"1\">\n<p dir=\"ltr\" style=\"line-height: 1.2; text-align: justify; margin-top: 0.0pt; margin-bottom: 3.0pt;\" role=\"presentation\"><span style=\"font-size: 12.5pt; color: #000000; background-color: transparent; font-weight: 400; font-variant-numeric: normal; font-variant-east-asian: normal; font-variant-alternates: normal; font-variant-position: normal; vertical-align: baseline; text-wrap: wrap;\">W tym tygodniu z naszej wsp\u00f3lnoty parafialnej odesz\u0142a do wieczno\u015bci: \u015bp. Melania Owczarek l. 94 z Paprotni. <\/span><span style=\"font-size: 12.5pt; color: #000000; background-color: transparent; font-weight: 400; font-style: italic; font-variant-numeric: normal; font-variant-east-asian: normal; font-variant-alternates: normal; font-variant-position: normal; vertical-align: baseline; text-wrap: wrap;\">Wieczny odpoczynek racz jej da\u0107 Panie\u2026<\/span><\/p>\n<\/li>\n<\/ol>\n","protected":false},"excerpt":{"rendered":"<p>\u00a0 Dzi\u015b \u2013 czwarta niedziela Wielkiego Postu, nazywana niedziel\u0105 rado\u015bci, od pierwszych s\u0142\u00f3w antyfony mszalnej na wej\u015bcie: \u201eRaduj si\u0119, Jerozolimo\u201d. Powodem tej rado\u015bci wyra\u017conej we wspomnianych wy\u017cej s\u0142owach, a tak\u017ce [&hellip;]<\/p>\n","protected":false},"author":2,"featured_media":18169,"comment_status":"closed","ping_status":"open","sticky":false,"template":"","format":"standard","meta":{"footnotes":""},"categories":[1],"tags":[],"class_list":["post-18449","post","type-post","status-publish","format-standard","has-post-thumbnail","hentry","category-bez-kategorii"],"_links":{"self":[{"href":"https:\/\/parafia.niepokalanow.pl\/index.php?rest_route=\/wp\/v2\/posts\/18449","targetHints":{"allow":["GET"]}}],"collection":[{"href":"https:\/\/parafia.niepokalanow.pl\/index.php?rest_route=\/wp\/v2\/posts"}],"about":[{"href":"https:\/\/parafia.niepokalanow.pl\/index.php?rest_route=\/wp\/v2\/types\/post"}],"author":[{"embeddable":true,"href":"https:\/\/parafia.niepokalanow.pl\/index.php?rest_route=\/wp\/v2\/users\/2"}],"replies":[{"embeddable":true,"href":"https:\/\/parafia.niepokalanow.pl\/index.php?rest_route=%2Fwp%2Fv2%2Fcomments&post=18449"}],"version-history":[{"count":0,"href":"https:\/\/parafia.niepokalanow.pl\/index.php?rest_route=\/wp\/v2\/posts\/18449\/revisions"}],"wp:featuredmedia":[{"embeddable":true,"href":"https:\/\/parafia.niepokalanow.pl\/index.php?rest_route=\/wp\/v2\/media\/18169"}],"wp:attachment":[{"href":"https:\/\/parafia.niepokalanow.pl\/index.php?rest_route=%2Fwp%2Fv2%2Fmedia&parent=18449"}],"wp:term":[{"taxonomy":"category","embeddable":true,"href":"https:\/\/parafia.niepokalanow.pl\/index.php?rest_route=%2Fwp%2Fv2%2Fcategories&post=18449"},{"taxonomy":"post_tag","embeddable":true,"href":"https:\/\/parafia.niepokalanow.pl\/index.php?rest_route=%2Fwp%2Fv2%2Ftags&post=18449"}],"curies":[{"name":"wp","href":"https:\/\/api.w.org\/{rel}","templated":true}]}}